{"id":1004,"date":"2025-01-23T19:08:44","date_gmt":"2025-01-23T19:08:44","guid":{"rendered":"https:\/\/biblioteka.sulejow.pl\/?p=1004"},"modified":"2025-01-23T19:08:44","modified_gmt":"2025-01-23T19:08:44","slug":"zabki-i-biblioteka","status":"publish","type":"post","link":"https:\/\/biblioteka.sulejow.pl\/?p=1004","title":{"rendered":"\u201e\u017babki\u201d i biblioteka!"},"content":{"rendered":"\n<p>W pi\u0105tek, 17 stycznia, jedna z naszych bibliotekarek, odwiedzi\u0142a dzieci z Samorz\u0105dowego Przedszkola w Sulejowie z okazji wyj\u0105tkowych dni w kalendarzu, jakimi s\u0105 Dzie\u0144 Babci i Dzie\u0144 Dziadka. Grupa \u017babek, w liczbie 18 os\u00f3b, wzi\u0119\u0142a udzia\u0142 w zaj\u0119ciach z cyklu &#8222;Biblioteka w walizce&#8221;.<\/p>\n\n\n\n<p>Podczas spotkania wsp\u00f3lnie przeczytali\u015bmy ksi\u0105\u017ck\u0119 o przygotowaniach ma\u0142ego liska Fenka do Dnia Babci i Dnia Dziadka oraz rozmawiali\u015bmy o naszych babuniach i dziadkach. W nast\u0119pnej kolejno\u015bci najm\u0142odsi \u00a0 tworzyli pi\u0119kne serduszka z kolorowego papieru \u2013 wyklejane z wielk\u0105 staranno\u015bci\u0105. \u00a0Na \u00a0zako\u0144czenie spotkania dzieci bawi\u0142y si\u0119 w pomaganie babci w sprz\u0105taniu.<\/p>\n\n\n\n<p>&#8222;Biblioteka w walizce&#8221; pozwoli\u0142a przenie\u015b\u0107 magi\u0119 ksi\u0105\u017cek i tw\u00f3rczych zaj\u0119\u0107 prosto do przedszkola. To by\u0142 dzie\u0144 pe\u0142en rado\u015bci i u\u015bmiech\u00f3w.<\/p>\n\n\n\n<p>Dzi\u0119kujemy \u017babkom za wsp\u00f3lne chwile.<\/p>\n\n\n\n<figure class=\"wp-block-gallery has-nested-images columns-default is-cropped wp-block-gallery-1 is-layout-flex wp-block-gallery-is-layout-flex\">\n<figure class=\"wp-block-image size-large\"><img loading=\"lazy\" decoding=\"async\" width=\"1024\" height=\"768\" data-id=\"1005\" src=\"https:\/\/biblioteka.sulejow.pl\/wpmbps\/wp-content\/uploads\/2025\/01\/3.Chlopiec-pokazuje-wykonane-przez-siebie-kolorowe-serduszko.jpg\" alt=\"\" class=\"wp-image-1005\" srcset=\"https:\/\/biblioteka.sulejow.pl\/wpmbps\/wp-content\/uploads\/2025\/01\/3.Chlopiec-pokazuje-wykonane-przez-siebie-kolorowe-serduszko.jpg 1024w, https:\/\/biblioteka.sulejow.pl\/wpmbps\/wp-content\/uploads\/2025\/01\/3.Chlopiec-pokazuje-wykonane-przez-siebie-kolorowe-serduszko-300x225.jpg 300w, https:\/\/biblioteka.sulejow.pl\/wpmbps\/wp-content\/uploads\/2025\/01\/3.Chlopiec-pokazuje-wykonane-przez-siebie-kolorowe-serduszko-768x576.jpg 768w\" sizes=\"auto, (max-width: 1024px) 100vw, 1024px\" \/><\/figure>\n\n\n\n<figure class=\"wp-block-image size-large\"><img loading=\"lazy\" decoding=\"async\" width=\"1024\" height=\"768\" data-id=\"1006\" src=\"https:\/\/biblioteka.sulejow.pl\/wpmbps\/wp-content\/uploads\/2025\/01\/4.Dziewczynka-pokazuje-wykonane-przez-siebie-serduszko.jpg\" alt=\"\" class=\"wp-image-1006\" srcset=\"https:\/\/biblioteka.sulejow.pl\/wpmbps\/wp-content\/uploads\/2025\/01\/4.Dziewczynka-pokazuje-wykonane-przez-siebie-serduszko.jpg 1024w, https:\/\/biblioteka.sulejow.pl\/wpmbps\/wp-content\/uploads\/2025\/01\/4.Dziewczynka-pokazuje-wykonane-przez-siebie-serduszko-300x225.jpg 300w, https:\/\/biblioteka.sulejow.pl\/wpmbps\/wp-content\/uploads\/2025\/01\/4.Dziewczynka-pokazuje-wykonane-przez-siebie-serduszko-768x576.jpg 768w\" sizes=\"auto, (max-width: 1024px) 100vw, 1024px\" \/><\/figure>\n\n\n\n<figure class=\"wp-block-image size-large\"><img loading=\"lazy\" decoding=\"async\" width=\"1024\" height=\"768\" data-id=\"1008\" src=\"https:\/\/biblioteka.sulejow.pl\/wpmbps\/wp-content\/uploads\/2025\/01\/5.Zabawa-dzieci-przedszkolnych.jpg\" alt=\"\" class=\"wp-image-1008\" srcset=\"https:\/\/biblioteka.sulejow.pl\/wpmbps\/wp-content\/uploads\/2025\/01\/5.Zabawa-dzieci-przedszkolnych.jpg 1024w, https:\/\/biblioteka.sulejow.pl\/wpmbps\/wp-content\/uploads\/2025\/01\/5.Zabawa-dzieci-przedszkolnych-300x225.jpg 300w, https:\/\/biblioteka.sulejow.pl\/wpmbps\/wp-content\/uploads\/2025\/01\/5.Zabawa-dzieci-przedszkolnych-768x576.jpg 768w\" sizes=\"auto, (max-width: 1024px) 100vw, 1024px\" \/><\/figure>\n\n\n\n<figure class=\"wp-block-image size-large\"><img loading=\"lazy\" decoding=\"async\" width=\"1024\" height=\"683\" data-id=\"1007\" src=\"https:\/\/biblioteka.sulejow.pl\/wpmbps\/wp-content\/uploads\/2025\/01\/6.Zabawa-dzieci.jpg\" alt=\"\" class=\"wp-image-1007\" srcset=\"https:\/\/biblioteka.sulejow.pl\/wpmbps\/wp-content\/uploads\/2025\/01\/6.Zabawa-dzieci.jpg 1024w, https:\/\/biblioteka.sulejow.pl\/wpmbps\/wp-content\/uploads\/2025\/01\/6.Zabawa-dzieci-300x200.jpg 300w, https:\/\/biblioteka.sulejow.pl\/wpmbps\/wp-content\/uploads\/2025\/01\/6.Zabawa-dzieci-768x512.jpg 768w\" sizes=\"auto, (max-width: 1024px) 100vw, 1024px\" \/><\/figure>\n\n\n\n<figure class=\"wp-block-image size-large\"><img loading=\"lazy\" decoding=\"async\" width=\"768\" height=\"1024\" data-id=\"1010\" src=\"https:\/\/biblioteka.sulejow.pl\/wpmbps\/wp-content\/uploads\/2025\/01\/1.Bibliotekarz-czyta-dzieciom-przedszkolnym-rotated.jpg\" alt=\"\" class=\"wp-image-1010\" srcset=\"https:\/\/biblioteka.sulejow.pl\/wpmbps\/wp-content\/uploads\/2025\/01\/1.Bibliotekarz-czyta-dzieciom-przedszkolnym-rotated.jpg 768w, https:\/\/biblioteka.sulejow.pl\/wpmbps\/wp-content\/uploads\/2025\/01\/1.Bibliotekarz-czyta-dzieciom-przedszkolnym-225x300.jpg 225w\" sizes=\"auto, (max-width: 768px) 100vw, 768px\" \/><\/figure>\n\n\n\n<figure class=\"wp-block-image size-large\"><img loading=\"lazy\" decoding=\"async\" width=\"1014\" height=\"768\" data-id=\"1009\" src=\"https:\/\/biblioteka.sulejow.pl\/wpmbps\/wp-content\/uploads\/2025\/01\/2.Dzieci-przy-stolikach-wykonuja-prace-plastyczna.jpg\" alt=\"\" class=\"wp-image-1009\" srcset=\"https:\/\/biblioteka.sulejow.pl\/wpmbps\/wp-content\/uploads\/2025\/01\/2.Dzieci-przy-stolikach-wykonuja-prace-plastyczna.jpg 1014w, https:\/\/biblioteka.sulejow.pl\/wpmbps\/wp-content\/uploads\/2025\/01\/2.Dzieci-przy-stolikach-wykonuja-prace-plastyczna-300x227.jpg 300w, https:\/\/biblioteka.sulejow.pl\/wpmbps\/wp-content\/uploads\/2025\/01\/2.Dzieci-przy-stolikach-wykonuja-prace-plastyczna-768x582.jpg 768w\" sizes=\"auto, (max-width: 1014px) 100vw, 1014px\" \/><\/figure>\n<\/figure>\n","protected":false},"excerpt":{"rendered":"<p>W pi\u0105tek, 17 stycznia, jedna z naszych bibliotekarek, odwiedzi\u0142a dzieci z Samorz\u0105dowego Przedszkola w Sulejowie z okazji wyj\u0105tkowych dni w kalendarzu, jakimi s\u0105 Dzie\u0144 Babci i Dzie\u0144 Dziadka. Grupa \u017babek, w liczbie 18 os\u00f3b, wzi\u0119\u0142a udzia\u0142 w zaj\u0119ciach z cyklu &#8222;Biblioteka w walizce&#8221;. Podczas spotkania wsp\u00f3lnie przeczytali\u015bmy ksi\u0105\u017ck\u0119 o przygotowaniach ma\u0142ego liska Fenka do Dnia [&hellip;]<\/p>\n","protected":false},"author":1,"featured_media":0,"comment_status":"closed","ping_status":"closed","sticky":false,"template":"","format":"standard","meta":{"zakra_page_container_layout":"customizer","zakra_page_sidebar_layout":"customizer","zakra_remove_content_margin":false,"zakra_sidebar":"customizer","zakra_transparent_header":"customizer","zakra_logo":0,"zakra_main_header_style":"default","zakra_menu_item_color":"","zakra_menu_item_hover_color":"","zakra_menu_item_active_color":"","zakra_menu_active_style":"","zakra_page_header":true,"footnotes":"","_links_to":"","_links_to_target":""},"categories":[6],"tags":[],"class_list":["post-1004","post","type-post","status-publish","format-standard","hentry","category-aktualnosci-2025"],"_links":{"self":[{"href":"https:\/\/biblioteka.sulejow.pl\/index.php?rest_route=\/wp\/v2\/posts\/1004","targetHints":{"allow":["GET"]}}],"collection":[{"href":"https:\/\/biblioteka.sulejow.pl\/index.php?rest_route=\/wp\/v2\/posts"}],"about":[{"href":"https:\/\/biblioteka.sulejow.pl\/index.php?rest_route=\/wp\/v2\/types\/post"}],"author":[{"embeddable":true,"href":"https:\/\/biblioteka.sulejow.pl\/index.php?rest_route=\/wp\/v2\/users\/1"}],"replies":[{"embeddable":true,"href":"https:\/\/biblioteka.sulejow.pl\/index.php?rest_route=%2Fwp%2Fv2%2Fcomments&post=1004"}],"version-history":[{"count":1,"href":"https:\/\/biblioteka.sulejow.pl\/index.php?rest_route=\/wp\/v2\/posts\/1004\/revisions"}],"predecessor-version":[{"id":1011,"href":"https:\/\/biblioteka.sulejow.pl\/index.php?rest_route=\/wp\/v2\/posts\/1004\/revisions\/1011"}],"wp:attachment":[{"href":"https:\/\/biblioteka.sulejow.pl\/index.php?rest_route=%2Fwp%2Fv2%2Fmedia&parent=1004"}],"wp:term":[{"taxonomy":"category","embeddable":true,"href":"https:\/\/biblioteka.sulejow.pl\/index.php?rest_route=%2Fwp%2Fv2%2Fcategories&post=1004"},{"taxonomy":"post_tag","embeddable":true,"href":"https:\/\/biblioteka.sulejow.pl\/index.php?rest_route=%2Fwp%2Fv2%2Ftags&post=1004"}],"curies":[{"name":"wp","href":"https:\/\/api.w.org\/{rel}","templated":true}]}}