{"id":1013,"date":"2025-01-24T19:44:18","date_gmt":"2025-01-24T19:44:18","guid":{"rendered":"https:\/\/biblioteka.sulejow.pl\/?p=1013"},"modified":"2025-01-24T19:44:18","modified_gmt":"2025-01-24T19:44:18","slug":"spotkanie-klubu-ksiazki-dyskusja-o-451-fahrenheita-raya-bradburyego","status":"publish","type":"post","link":"https:\/\/biblioteka.sulejow.pl\/?p=1013","title":{"rendered":"Spotkanie Klubu Ksi\u0105\u017cki: Dyskusja o \u201e451\u00b0 Fahrenheita\u201d Raya Bradbury&#8217;ego"},"content":{"rendered":"\n<p>W czwartek 23 stycznia odby\u0142o si\u0119 kolejne spotkanie\u00a0 Dyskusyjnego Klubu Ksi\u0105\u017cki, kt\u00f3rego tematem by\u0142a kultowa powie\u015b\u0107 science fiction \u201e451\u00b0 Fahrenheita\u201d autorstwa Raya Bradbury&#8217;ego. Ksi\u0105\u017cka, b\u0119d\u0105ca przestrog\u0105 przed skutkami cenzury, dezinformacji i uzale\u017cnienia od technologii, wywo\u0142a\u0142a \u017cywe dyskusje w\u015br\u00f3d uczestnik\u00f3w.<\/p>\n\n\n\n<p>Uczestnicy analizowali, jak przedstawione w ksi\u0105\u017cce mechanizmy kontroli \u2013 takie jak cenzura, nadmiar powierzchownych informacji i tworzenie \u201ebaniek informacyjnych\u201d \u2013 mog\u0105 mie\u0107 odzwierciedlenie w dzisiejszym \u015bwiecie. Szczeg\u00f3lnie \u017cywio\u0142owe dyskusje dotyczy\u0142y wp\u0142ywu medi\u00f3w spo\u0142eczno\u015bciowych i algorytm\u00f3w na ograniczenie r\u00f3\u017cnorodno\u015bci perspektyw oraz problemu zaniku g\u0142\u0119bokiego my\u015blenia w erze szybkiej rozrywki.<\/p>\n\n\n\n<p>W cz\u0119\u015bci interaktywnej uczestnicy odpowiadali na pytanie: \u201eGdyby\u015b musia\u0142 zapami\u0119ta\u0107 jedn\u0105 ksi\u0105\u017ck\u0119, aby ocali\u0107 j\u0105 przed zapomnieniem, co by to by\u0142o?\u201d Wybory by\u0142y bardzo r\u00f3\u017cnorodne \u2013 od klasycznych dzie\u0142 literatury \u015bwiatowej po osobiste inspiracje. \u0106wiczenie uwypukli\u0142o, jak wa\u017cn\u0105 rol\u0119 ksi\u0105\u017cki odgrywaj\u0105 w \u017cyciu uczestnik\u00f3w.<\/p>\n\n\n\n<p>Podczas spotkania wys\u0142uchali\u015bmy fragment\u00f3w wyk\u0142adu Rafa\u0142a Ziemkiewicza na temat powie\u015bci Raya Bradbury&#8217;ego. Link do pe\u0142nego nagrania dost\u0119pny jest tutaj: https:\/\/www.youtube.com\/watch?v=Liehn0hSYs4.<\/p>\n\n\n\n<p>Dodatkowo zapoznali\u015bmy si\u0119 z kulisami powstawania audiobooka dla serwisu Audioteka.com, w kt\u00f3rym Adam Ferency, Eryk Lubos, Kamilla Baar-Kocha\u0144ska oraz Waldemar Ra\u017aniak podzielili si\u0119 swoimi do\u015bwiadczeniami zwi\u0105zanymi z interpretacj\u0105 tego klasycznego dzie\u0142a.<\/p>\n\n\n\n<p>Nagranie dost\u0119pne pod linkiem: https:\/\/www.youtube.com\/watch?v=E7E7Cds3OZo.<\/p>\n\n\n\n<p>Podsumowuj\u0105c, uczestnicy zgodzili si\u0119, \u017ce \u201e451\u00b0 Fahrenheita\u201d pozostaje dzie\u0142em niezwykle aktualnym, podkre\u015blaj\u0105cym znaczenie literatury jako narz\u0119dzia refleksji, oporu i zachowania ludzkiej wolno\u015bci. Ksi\u0105\u017cka sta\u0142a si\u0119 punktem wyj\u015bcia do rozmowy o wyzwaniach wsp\u00f3\u0142czesnego spo\u0142ecze\u0144stwa, takich jak nadmiar tre\u015bci czy wp\u0142yw technologii na codzienne \u017cycie.<\/p>\n\n\n\n<p>Zapraszamy wszystkich mi\u0142o\u015bnik\u00f3w literatury do do\u0142\u0105czenia!<\/p>\n\n\n\n<figure class=\"wp-block-gallery has-nested-images columns-default is-cropped wp-block-gallery-1 is-layout-flex wp-block-gallery-is-layout-flex\">\n<figure class=\"wp-block-image size-large\"><a href=\"https:\/\/biblioteka.sulejow.pl\/wpmbps\/wp-content\/uploads\/2025\/01\/3.Uczestniczki-spotkania-sluchaja-wykladu.jpg\"><img loading=\"lazy\" decoding=\"async\" width=\"1024\" height=\"578\" data-id=\"1015\" src=\"https:\/\/biblioteka.sulejow.pl\/wpmbps\/wp-content\/uploads\/2025\/01\/3.Uczestniczki-spotkania-sluchaja-wykladu.jpg\" alt=\"\" class=\"wp-image-1015\" srcset=\"https:\/\/biblioteka.sulejow.pl\/wpmbps\/wp-content\/uploads\/2025\/01\/3.Uczestniczki-spotkania-sluchaja-wykladu.jpg 1024w, https:\/\/biblioteka.sulejow.pl\/wpmbps\/wp-content\/uploads\/2025\/01\/3.Uczestniczki-spotkania-sluchaja-wykladu-300x169.jpg 300w, https:\/\/biblioteka.sulejow.pl\/wpmbps\/wp-content\/uploads\/2025\/01\/3.Uczestniczki-spotkania-sluchaja-wykladu-768x434.jpg 768w\" sizes=\"auto, (max-width: 1024px) 100vw, 1024px\" \/><\/a><\/figure>\n\n\n\n<figure class=\"wp-block-image size-large\"><a href=\"https:\/\/biblioteka.sulejow.pl\/wpmbps\/wp-content\/uploads\/2025\/01\/4.-Uczestniczki-spotkania-dyskutuja-oksiazce.jpg\"><img loading=\"lazy\" decoding=\"async\" width=\"768\" height=\"777\" data-id=\"1016\" src=\"https:\/\/biblioteka.sulejow.pl\/wpmbps\/wp-content\/uploads\/2025\/01\/4.-Uczestniczki-spotkania-dyskutuja-oksiazce.jpg\" alt=\"\" class=\"wp-image-1016\" srcset=\"https:\/\/biblioteka.sulejow.pl\/wpmbps\/wp-content\/uploads\/2025\/01\/4.-Uczestniczki-spotkania-dyskutuja-oksiazce.jpg 768w, https:\/\/biblioteka.sulejow.pl\/wpmbps\/wp-content\/uploads\/2025\/01\/4.-Uczestniczki-spotkania-dyskutuja-oksiazce-297x300.jpg 297w\" sizes=\"auto, (max-width: 768px) 100vw, 768px\" \/><\/a><\/figure>\n\n\n\n<figure class=\"wp-block-image size-large\"><a href=\"https:\/\/biblioteka.sulejow.pl\/wpmbps\/wp-content\/uploads\/2025\/01\/2.-Uczestniczki-spotkania-dyskutuja-o-powiesci.jpg\"><img loading=\"lazy\" decoding=\"async\" width=\"908\" height=\"768\" data-id=\"1017\" src=\"https:\/\/biblioteka.sulejow.pl\/wpmbps\/wp-content\/uploads\/2025\/01\/2.-Uczestniczki-spotkania-dyskutuja-o-powiesci.jpg\" alt=\"\" class=\"wp-image-1017\" srcset=\"https:\/\/biblioteka.sulejow.pl\/wpmbps\/wp-content\/uploads\/2025\/01\/2.-Uczestniczki-spotkania-dyskutuja-o-powiesci.jpg 908w, https:\/\/biblioteka.sulejow.pl\/wpmbps\/wp-content\/uploads\/2025\/01\/2.-Uczestniczki-spotkania-dyskutuja-o-powiesci-300x254.jpg 300w, https:\/\/biblioteka.sulejow.pl\/wpmbps\/wp-content\/uploads\/2025\/01\/2.-Uczestniczki-spotkania-dyskutuja-o-powiesci-768x650.jpg 768w\" sizes=\"auto, (max-width: 908px) 100vw, 908px\" \/><\/a><\/figure>\n\n\n\n<figure class=\"wp-block-image size-large\"><a href=\"https:\/\/biblioteka.sulejow.pl\/wpmbps\/wp-content\/uploads\/2025\/01\/1.-Wystawa-okolicznosciowa-omawianej-ksiazki.jpg\"><img loading=\"lazy\" decoding=\"async\" width=\"768\" height=\"1024\" data-id=\"1014\" src=\"https:\/\/biblioteka.sulejow.pl\/wpmbps\/wp-content\/uploads\/2025\/01\/1.-Wystawa-okolicznosciowa-omawianej-ksiazki.jpg\" alt=\"\" class=\"wp-image-1014\" srcset=\"https:\/\/biblioteka.sulejow.pl\/wpmbps\/wp-content\/uploads\/2025\/01\/1.-Wystawa-okolicznosciowa-omawianej-ksiazki.jpg 768w, https:\/\/biblioteka.sulejow.pl\/wpmbps\/wp-content\/uploads\/2025\/01\/1.-Wystawa-okolicznosciowa-omawianej-ksiazki-225x300.jpg 225w\" sizes=\"auto, (max-width: 768px) 100vw, 768px\" \/><\/a><\/figure>\n<\/figure>\n","protected":false},"excerpt":{"rendered":"<p>W czwartek 23 stycznia odby\u0142o si\u0119 kolejne spotkanie\u00a0 Dyskusyjnego Klubu Ksi\u0105\u017cki, kt\u00f3rego tematem by\u0142a kultowa powie\u015b\u0107 science fiction \u201e451\u00b0 Fahrenheita\u201d autorstwa Raya Bradbury&#8217;ego. Ksi\u0105\u017cka, b\u0119d\u0105ca przestrog\u0105 przed skutkami cenzury, dezinformacji i uzale\u017cnienia od technologii, wywo\u0142a\u0142a \u017cywe dyskusje w\u015br\u00f3d uczestnik\u00f3w. Uczestnicy analizowali, jak przedstawione w ksi\u0105\u017cce mechanizmy kontroli \u2013 takie jak cenzura, nadmiar powierzchownych informacji i [&hellip;]<\/p>\n","protected":false},"author":1,"featured_media":0,"comment_status":"closed","ping_status":"closed","sticky":false,"template":"","format":"standard","meta":{"zakra_page_container_layout":"customizer","zakra_page_sidebar_layout":"customizer","zakra_remove_content_margin":false,"zakra_sidebar":"customizer","zakra_transparent_header":"customizer","zakra_logo":0,"zakra_main_header_style":"default","zakra_menu_item_color":"","zakra_menu_item_hover_color":"","zakra_menu_item_active_color":"","zakra_menu_active_style":"","zakra_page_header":true,"footnotes":"","_links_to":"","_links_to_target":""},"categories":[4],"tags":[],"class_list":["post-1013","post","type-post","status-publish","format-standard","hentry","category-aktualnosci-2024"],"_links":{"self":[{"href":"https:\/\/biblioteka.sulejow.pl\/index.php?rest_route=\/wp\/v2\/posts\/1013","targetHints":{"allow":["GET"]}}],"collection":[{"href":"https:\/\/biblioteka.sulejow.pl\/index.php?rest_route=\/wp\/v2\/posts"}],"about":[{"href":"https:\/\/biblioteka.sulejow.pl\/index.php?rest_route=\/wp\/v2\/types\/post"}],"author":[{"embeddable":true,"href":"https:\/\/biblioteka.sulejow.pl\/index.php?rest_route=\/wp\/v2\/users\/1"}],"replies":[{"embeddable":true,"href":"https:\/\/biblioteka.sulejow.pl\/index.php?rest_route=%2Fwp%2Fv2%2Fcomments&post=1013"}],"version-history":[{"count":1,"href":"https:\/\/biblioteka.sulejow.pl\/index.php?rest_route=\/wp\/v2\/posts\/1013\/revisions"}],"predecessor-version":[{"id":1018,"href":"https:\/\/biblioteka.sulejow.pl\/index.php?rest_route=\/wp\/v2\/posts\/1013\/revisions\/1018"}],"wp:attachment":[{"href":"https:\/\/biblioteka.sulejow.pl\/index.php?rest_route=%2Fwp%2Fv2%2Fmedia&parent=1013"}],"wp:term":[{"taxonomy":"category","embeddable":true,"href":"https:\/\/biblioteka.sulejow.pl\/index.php?rest_route=%2Fwp%2Fv2%2Fcategories&post=1013"},{"taxonomy":"post_tag","embeddable":true,"href":"https:\/\/biblioteka.sulejow.pl\/index.php?rest_route=%2Fwp%2Fv2%2Ftags&post=1013"}],"curies":[{"name":"wp","href":"https:\/\/api.w.org\/{rel}","templated":true}]}}