{"id":1022,"date":"2025-01-29T19:08:38","date_gmt":"2025-01-29T19:08:38","guid":{"rendered":"https:\/\/biblioteka.sulejow.pl\/?p=1022"},"modified":"2025-01-29T19:08:38","modified_gmt":"2025-01-29T19:08:38","slug":"swiatowy-dzien-puzzli","status":"publish","type":"post","link":"https:\/\/biblioteka.sulejow.pl\/?p=1022","title":{"rendered":"\u015awiatowy Dzie\u0144 Puzzli"},"content":{"rendered":"\n<p>W ramach obchod\u00f3w \u015awiatowego Dnia Puzzli biblioteka mia\u0142a przyjemno\u015b\u0107 go\u015bci\u0107 grup\u0119 dzieci, kt\u00f3re wzi\u0119\u0142y udzia\u0142 w specjalnie przygotowanych zaj\u0119ciach \u0142\u0105cz\u0105cych edukacj\u0119 z zabaw\u0105.<\/p>\n\n\n\n<p>Najpierw wsp\u00f3lnie odkrywali\u015bmy ksi\u0105\u017cki pe\u0142ne zagadek i \u0142amig\u0142\u00f3wek, kt\u00f3re pobudza\u0142y wyobra\u017ani\u0119 i kreatywne my\u015blenie. Nast\u0119pnie odby\u0142o si\u0119 wsp\u00f3lne uk\u0142adanie puzzli o r\u00f3\u017cnym stopniu trudno\u015bci, dostosowanych do wieku i umiej\u0119tno\u015bci dzieci. W programie przewidziano r\u00f3wnie\u017c konkursy oraz interaktywne zadania, kt\u00f3re dostarczy\u0142y uczestnikom wiele rado\u015bci.<\/p>\n\n\n\n<p>Biblioteka dzi\u0119kuje wszystkim dzieciom oraz ich opiekunom za aktywny udzia\u0142 w wydarzeniu. Spotkanie to by\u0142o doskona\u0142\u0105 okazj\u0105 do popularyzowania literatury w\u015br\u00f3d najm\u0142odszych oraz promowania kreatywnych form sp\u0119dzania wolnego czasu.<\/p>\n\n\n\n<figure class=\"wp-block-gallery has-nested-images columns-default is-cropped wp-block-gallery-1 is-layout-flex wp-block-gallery-is-layout-flex\">\n<figure class=\"wp-block-image size-large\"><a href=\"https:\/\/biblioteka.sulejow.pl\/wpmbps\/wp-content\/uploads\/2025\/01\/3.-Chlopiec-prezentuje-swoja-prace.jpg\"><img loading=\"lazy\" decoding=\"async\" width=\"724\" height=\"1024\" data-id=\"1024\" src=\"https:\/\/biblioteka.sulejow.pl\/wpmbps\/wp-content\/uploads\/2025\/01\/3.-Chlopiec-prezentuje-swoja-prace.jpg\" alt=\"\" class=\"wp-image-1024\" srcset=\"https:\/\/biblioteka.sulejow.pl\/wpmbps\/wp-content\/uploads\/2025\/01\/3.-Chlopiec-prezentuje-swoja-prace.jpg 724w, https:\/\/biblioteka.sulejow.pl\/wpmbps\/wp-content\/uploads\/2025\/01\/3.-Chlopiec-prezentuje-swoja-prace-212x300.jpg 212w\" sizes=\"auto, (max-width: 724px) 100vw, 724px\" \/><\/a><\/figure>\n\n\n\n<figure class=\"wp-block-image size-large\"><a href=\"https:\/\/biblioteka.sulejow.pl\/wpmbps\/wp-content\/uploads\/2025\/01\/4.-Dziewczynka-prezentuje-swoja-prace.jpg\"><img loading=\"lazy\" decoding=\"async\" width=\"768\" height=\"993\" data-id=\"1025\" src=\"https:\/\/biblioteka.sulejow.pl\/wpmbps\/wp-content\/uploads\/2025\/01\/4.-Dziewczynka-prezentuje-swoja-prace.jpg\" alt=\"\" class=\"wp-image-1025\" srcset=\"https:\/\/biblioteka.sulejow.pl\/wpmbps\/wp-content\/uploads\/2025\/01\/4.-Dziewczynka-prezentuje-swoja-prace.jpg 768w, https:\/\/biblioteka.sulejow.pl\/wpmbps\/wp-content\/uploads\/2025\/01\/4.-Dziewczynka-prezentuje-swoja-prace-232x300.jpg 232w\" sizes=\"auto, (max-width: 768px) 100vw, 768px\" \/><\/a><\/figure>\n\n\n\n<figure class=\"wp-block-image size-large\"><a href=\"https:\/\/biblioteka.sulejow.pl\/wpmbps\/wp-content\/uploads\/2025\/01\/5.-Dzieci-rozwiazuja-lamiglowki.jpg\"><img loading=\"lazy\" decoding=\"async\" width=\"768\" height=\"1024\" data-id=\"1023\" src=\"https:\/\/biblioteka.sulejow.pl\/wpmbps\/wp-content\/uploads\/2025\/01\/5.-Dzieci-rozwiazuja-lamiglowki.jpg\" alt=\"\" class=\"wp-image-1023\" srcset=\"https:\/\/biblioteka.sulejow.pl\/wpmbps\/wp-content\/uploads\/2025\/01\/5.-Dzieci-rozwiazuja-lamiglowki.jpg 768w, https:\/\/biblioteka.sulejow.pl\/wpmbps\/wp-content\/uploads\/2025\/01\/5.-Dzieci-rozwiazuja-lamiglowki-225x300.jpg 225w\" sizes=\"auto, (max-width: 768px) 100vw, 768px\" \/><\/a><\/figure>\n\n\n\n<figure class=\"wp-block-image size-large\"><a href=\"https:\/\/biblioteka.sulejow.pl\/wpmbps\/wp-content\/uploads\/2025\/01\/6.-Dzieci-rozwiazuja-lamiglowki.jpg\"><img loading=\"lazy\" decoding=\"async\" width=\"1024\" height=\"730\" data-id=\"1028\" src=\"https:\/\/biblioteka.sulejow.pl\/wpmbps\/wp-content\/uploads\/2025\/01\/6.-Dzieci-rozwiazuja-lamiglowki.jpg\" alt=\"\" class=\"wp-image-1028\" srcset=\"https:\/\/biblioteka.sulejow.pl\/wpmbps\/wp-content\/uploads\/2025\/01\/6.-Dzieci-rozwiazuja-lamiglowki.jpg 1024w, https:\/\/biblioteka.sulejow.pl\/wpmbps\/wp-content\/uploads\/2025\/01\/6.-Dzieci-rozwiazuja-lamiglowki-300x214.jpg 300w, https:\/\/biblioteka.sulejow.pl\/wpmbps\/wp-content\/uploads\/2025\/01\/6.-Dzieci-rozwiazuja-lamiglowki-768x548.jpg 768w\" sizes=\"auto, (max-width: 1024px) 100vw, 1024px\" \/><\/a><\/figure>\n\n\n\n<figure class=\"wp-block-image size-large\"><a href=\"https:\/\/biblioteka.sulejow.pl\/wpmbps\/wp-content\/uploads\/2025\/01\/1.-Dzieci-prezentuja-swoje-prace.jpg\"><img loading=\"lazy\" decoding=\"async\" width=\"1024\" height=\"744\" data-id=\"1026\" src=\"https:\/\/biblioteka.sulejow.pl\/wpmbps\/wp-content\/uploads\/2025\/01\/1.-Dzieci-prezentuja-swoje-prace.jpg\" alt=\"\" class=\"wp-image-1026\" srcset=\"https:\/\/biblioteka.sulejow.pl\/wpmbps\/wp-content\/uploads\/2025\/01\/1.-Dzieci-prezentuja-swoje-prace.jpg 1024w, https:\/\/biblioteka.sulejow.pl\/wpmbps\/wp-content\/uploads\/2025\/01\/1.-Dzieci-prezentuja-swoje-prace-300x218.jpg 300w, https:\/\/biblioteka.sulejow.pl\/wpmbps\/wp-content\/uploads\/2025\/01\/1.-Dzieci-prezentuja-swoje-prace-768x558.jpg 768w\" sizes=\"auto, (max-width: 1024px) 100vw, 1024px\" \/><\/a><\/figure>\n\n\n\n<figure class=\"wp-block-image size-large\"><a href=\"https:\/\/biblioteka.sulejow.pl\/wpmbps\/wp-content\/uploads\/2025\/01\/2.-Uczestnicy-zajec-wykonyja-swoje-prace.jpg\"><img loading=\"lazy\" decoding=\"async\" width=\"1024\" height=\"662\" data-id=\"1027\" src=\"https:\/\/biblioteka.sulejow.pl\/wpmbps\/wp-content\/uploads\/2025\/01\/2.-Uczestnicy-zajec-wykonyja-swoje-prace.jpg\" alt=\"\" class=\"wp-image-1027\" srcset=\"https:\/\/biblioteka.sulejow.pl\/wpmbps\/wp-content\/uploads\/2025\/01\/2.-Uczestnicy-zajec-wykonyja-swoje-prace.jpg 1024w, https:\/\/biblioteka.sulejow.pl\/wpmbps\/wp-content\/uploads\/2025\/01\/2.-Uczestnicy-zajec-wykonyja-swoje-prace-300x194.jpg 300w, https:\/\/biblioteka.sulejow.pl\/wpmbps\/wp-content\/uploads\/2025\/01\/2.-Uczestnicy-zajec-wykonyja-swoje-prace-768x497.jpg 768w\" sizes=\"auto, (max-width: 1024px) 100vw, 1024px\" \/><\/a><\/figure>\n<\/figure>\n","protected":false},"excerpt":{"rendered":"<p>W ramach obchod\u00f3w \u015awiatowego Dnia Puzzli biblioteka mia\u0142a przyjemno\u015b\u0107 go\u015bci\u0107 grup\u0119 dzieci, kt\u00f3re wzi\u0119\u0142y udzia\u0142 w specjalnie przygotowanych zaj\u0119ciach \u0142\u0105cz\u0105cych edukacj\u0119 z zabaw\u0105. Najpierw wsp\u00f3lnie odkrywali\u015bmy ksi\u0105\u017cki pe\u0142ne zagadek i \u0142amig\u0142\u00f3wek, kt\u00f3re pobudza\u0142y wyobra\u017ani\u0119 i kreatywne my\u015blenie. Nast\u0119pnie odby\u0142o si\u0119 wsp\u00f3lne uk\u0142adanie puzzli o r\u00f3\u017cnym stopniu trudno\u015bci, dostosowanych do wieku i umiej\u0119tno\u015bci dzieci. W programie [&hellip;]<\/p>\n","protected":false},"author":1,"featured_media":0,"comment_status":"closed","ping_status":"closed","sticky":false,"template":"","format":"standard","meta":{"zakra_page_container_layout":"customizer","zakra_page_sidebar_layout":"customizer","zakra_remove_content_margin":false,"zakra_sidebar":"customizer","zakra_transparent_header":"customizer","zakra_logo":0,"zakra_main_header_style":"default","zakra_menu_item_color":"","zakra_menu_item_hover_color":"","zakra_menu_item_active_color":"","zakra_menu_active_style":"","zakra_page_header":true,"footnotes":"","_links_to":"","_links_to_target":""},"categories":[6],"tags":[],"class_list":["post-1022","post","type-post","status-publish","format-standard","hentry","category-aktualnosci-2025"],"_links":{"self":[{"href":"https:\/\/biblioteka.sulejow.pl\/index.php?rest_route=\/wp\/v2\/posts\/1022","targetHints":{"allow":["GET"]}}],"collection":[{"href":"https:\/\/biblioteka.sulejow.pl\/index.php?rest_route=\/wp\/v2\/posts"}],"about":[{"href":"https:\/\/biblioteka.sulejow.pl\/index.php?rest_route=\/wp\/v2\/types\/post"}],"author":[{"embeddable":true,"href":"https:\/\/biblioteka.sulejow.pl\/index.php?rest_route=\/wp\/v2\/users\/1"}],"replies":[{"embeddable":true,"href":"https:\/\/biblioteka.sulejow.pl\/index.php?rest_route=%2Fwp%2Fv2%2Fcomments&post=1022"}],"version-history":[{"count":1,"href":"https:\/\/biblioteka.sulejow.pl\/index.php?rest_route=\/wp\/v2\/posts\/1022\/revisions"}],"predecessor-version":[{"id":1029,"href":"https:\/\/biblioteka.sulejow.pl\/index.php?rest_route=\/wp\/v2\/posts\/1022\/revisions\/1029"}],"wp:attachment":[{"href":"https:\/\/biblioteka.sulejow.pl\/index.php?rest_route=%2Fwp%2Fv2%2Fmedia&parent=1022"}],"wp:term":[{"taxonomy":"category","embeddable":true,"href":"https:\/\/biblioteka.sulejow.pl\/index.php?rest_route=%2Fwp%2Fv2%2Fcategories&post=1022"},{"taxonomy":"post_tag","embeddable":true,"href":"https:\/\/biblioteka.sulejow.pl\/index.php?rest_route=%2Fwp%2Fv2%2Ftags&post=1022"}],"curies":[{"name":"wp","href":"https:\/\/api.w.org\/{rel}","templated":true}]}}