{"id":1031,"date":"2025-02-04T17:14:19","date_gmt":"2025-02-04T17:14:19","guid":{"rendered":"https:\/\/biblioteka.sulejow.pl\/?p=1031"},"modified":"2025-02-04T17:14:23","modified_gmt":"2025-02-04T17:14:23","slug":"miedzynarodowy-dzien-zebry","status":"publish","type":"post","link":"https:\/\/biblioteka.sulejow.pl\/?p=1031","title":{"rendered":"Mi\u0119dzynarodowy Dzie\u0144 Zebry"},"content":{"rendered":"\n<p>W Miejskiej Bibliotece Publicznej w Sulejowie odby\u0142y si\u0119 obchody Mi\u0119dzynarodowego Dnia Zebry, maj\u0105ce na celu zwi\u0119kszenie \u015bwiadomo\u015bci na temat ochrony tych niezwyk\u0142ych zwierz\u0105t. \u015awi\u0119to to powsta\u0142o, aby zwr\u00f3ci\u0107 uwag\u0119 na zagro\u017cenia, jakie czyhaj\u0105 na zebry w ich naturalnym \u015brodowisku oraz podkre\u015bli\u0107 konieczno\u015b\u0107 dzia\u0142a\u0144 na rzecz ich ochrony.<\/p>\n\n\n\n<p>W ramach wydarzenia uczniowie wzi\u0119li udzia\u0142 w warsztatach plastycznych, podczas kt\u00f3rych w\u0142asnor\u0119cznie wykonali kolorowe, zebrowe opaski na g\u0142ow\u0119 oraz papierowe figurki zebr. By\u0142a to nie tylko okazja do rozwijania kreatywno\u015bci, ale r\u00f3wnie\u017c do zdobycia wiedzy na temat tych fascynuj\u0105cych zwierz\u0105t.<\/p>\n\n\n\n<p>Podczas zaj\u0119\u0107 uczniowie poznali r\u00f3wnie\u017c ciekawostki dotycz\u0105ce zebr, m.in. fakt, \u017ce ka\u017cda zebra ma unikalny wz\u00f3r pask\u00f3w, kt\u00f3re pe\u0142ni\u0105 funkcj\u0119 ochronn\u0105 i termoregulacyjn\u0105. Dowiedzieli si\u0119 r\u00f3wnie\u017c, \u017ce zebry komunikuj\u0105 si\u0119 za pomoc\u0105 r\u00f3\u017cnych d\u017awi\u0119k\u00f3w oraz ruch\u00f3w uszu, a ich szerokie pole widzenia pozwala im szybciej dostrzega\u0107 zagro\u017cenia w \u015brodowisku naturalnym.<\/p>\n\n\n\n<p>Obchody Mi\u0119dzynarodowego Dnia Zebry spotka\u0142y si\u0119 z du\u017cym zainteresowaniem uczni\u00f3w i sta\u0142y si\u0119 inspiracj\u0105 do dalszego pog\u0142\u0119biania wiedzy o ochronie dzikiej przyrody. Dzi\u0119kujemy wszystkim za aktywny udzia\u0142 w tym wydarzeniu.<\/p>\n\n\n\n<figure class=\"wp-block-gallery has-nested-images columns-default is-cropped wp-block-gallery-1 is-layout-flex wp-block-gallery-is-layout-flex\">\n<figure class=\"wp-block-image size-large\"><a href=\"https:\/\/biblioteka.sulejow.pl\/wpmbps\/wp-content\/uploads\/2025\/02\/1.-Dzieci-prezentuja-swoje-prace.jpg\"><img loading=\"lazy\" decoding=\"async\" width=\"1024\" height=\"750\" data-id=\"1034\" src=\"https:\/\/biblioteka.sulejow.pl\/wpmbps\/wp-content\/uploads\/2025\/02\/1.-Dzieci-prezentuja-swoje-prace.jpg\" alt=\"\" class=\"wp-image-1034\" srcset=\"https:\/\/biblioteka.sulejow.pl\/wpmbps\/wp-content\/uploads\/2025\/02\/1.-Dzieci-prezentuja-swoje-prace.jpg 1024w, https:\/\/biblioteka.sulejow.pl\/wpmbps\/wp-content\/uploads\/2025\/02\/1.-Dzieci-prezentuja-swoje-prace-300x220.jpg 300w, https:\/\/biblioteka.sulejow.pl\/wpmbps\/wp-content\/uploads\/2025\/02\/1.-Dzieci-prezentuja-swoje-prace-768x563.jpg 768w\" sizes=\"auto, (max-width: 1024px) 100vw, 1024px\" \/><\/a><\/figure>\n\n\n\n<figure class=\"wp-block-image size-large\"><a href=\"https:\/\/biblioteka.sulejow.pl\/wpmbps\/wp-content\/uploads\/2025\/02\/2.-Dziewczynka-tworzy-kolorowa-maske.jpg\"><img loading=\"lazy\" decoding=\"async\" width=\"761\" height=\"1024\" data-id=\"1033\" src=\"https:\/\/biblioteka.sulejow.pl\/wpmbps\/wp-content\/uploads\/2025\/02\/2.-Dziewczynka-tworzy-kolorowa-maske.jpg\" alt=\"\" class=\"wp-image-1033\" srcset=\"https:\/\/biblioteka.sulejow.pl\/wpmbps\/wp-content\/uploads\/2025\/02\/2.-Dziewczynka-tworzy-kolorowa-maske.jpg 761w, https:\/\/biblioteka.sulejow.pl\/wpmbps\/wp-content\/uploads\/2025\/02\/2.-Dziewczynka-tworzy-kolorowa-maske-223x300.jpg 223w\" sizes=\"auto, (max-width: 761px) 100vw, 761px\" \/><\/a><\/figure>\n\n\n\n<figure class=\"wp-block-image size-large\"><a href=\"https:\/\/biblioteka.sulejow.pl\/wpmbps\/wp-content\/uploads\/2025\/02\/3.-Chlopiec-prezentuje-wykonana-z-paieru-zebre.jpg\"><img loading=\"lazy\" decoding=\"async\" width=\"768\" height=\"860\" data-id=\"1032\" src=\"https:\/\/biblioteka.sulejow.pl\/wpmbps\/wp-content\/uploads\/2025\/02\/3.-Chlopiec-prezentuje-wykonana-z-paieru-zebre.jpg\" alt=\"\" class=\"wp-image-1032\" srcset=\"https:\/\/biblioteka.sulejow.pl\/wpmbps\/wp-content\/uploads\/2025\/02\/3.-Chlopiec-prezentuje-wykonana-z-paieru-zebre.jpg 768w, https:\/\/biblioteka.sulejow.pl\/wpmbps\/wp-content\/uploads\/2025\/02\/3.-Chlopiec-prezentuje-wykonana-z-paieru-zebre-268x300.jpg 268w\" sizes=\"auto, (max-width: 768px) 100vw, 768px\" \/><\/a><\/figure>\n<\/figure>\n","protected":false},"excerpt":{"rendered":"<p>W Miejskiej Bibliotece Publicznej w Sulejowie odby\u0142y si\u0119 obchody Mi\u0119dzynarodowego Dnia Zebry, maj\u0105ce na celu zwi\u0119kszenie \u015bwiadomo\u015bci na temat ochrony tych niezwyk\u0142ych zwierz\u0105t. \u015awi\u0119to to powsta\u0142o, aby zwr\u00f3ci\u0107 uwag\u0119 na zagro\u017cenia, jakie czyhaj\u0105 na zebry w ich naturalnym \u015brodowisku oraz podkre\u015bli\u0107 konieczno\u015b\u0107 dzia\u0142a\u0144 na rzecz ich ochrony. W ramach wydarzenia uczniowie wzi\u0119li udzia\u0142 w warsztatach [&hellip;]<\/p>\n","protected":false},"author":1,"featured_media":0,"comment_status":"closed","ping_status":"closed","sticky":false,"template":"","format":"standard","meta":{"zakra_page_container_layout":"customizer","zakra_page_sidebar_layout":"customizer","zakra_remove_content_margin":false,"zakra_sidebar":"customizer","zakra_transparent_header":"customizer","zakra_logo":0,"zakra_main_header_style":"default","zakra_menu_item_color":"","zakra_menu_item_hover_color":"","zakra_menu_item_active_color":"","zakra_menu_active_style":"","zakra_page_header":true,"footnotes":"","_links_to":"","_links_to_target":""},"categories":[6],"tags":[],"class_list":["post-1031","post","type-post","status-publish","format-standard","hentry","category-aktualnosci-2025"],"_links":{"self":[{"href":"https:\/\/biblioteka.sulejow.pl\/index.php?rest_route=\/wp\/v2\/posts\/1031","targetHints":{"allow":["GET"]}}],"collection":[{"href":"https:\/\/biblioteka.sulejow.pl\/index.php?rest_route=\/wp\/v2\/posts"}],"about":[{"href":"https:\/\/biblioteka.sulejow.pl\/index.php?rest_route=\/wp\/v2\/types\/post"}],"author":[{"embeddable":true,"href":"https:\/\/biblioteka.sulejow.pl\/index.php?rest_route=\/wp\/v2\/users\/1"}],"replies":[{"embeddable":true,"href":"https:\/\/biblioteka.sulejow.pl\/index.php?rest_route=%2Fwp%2Fv2%2Fcomments&post=1031"}],"version-history":[{"count":1,"href":"https:\/\/biblioteka.sulejow.pl\/index.php?rest_route=\/wp\/v2\/posts\/1031\/revisions"}],"predecessor-version":[{"id":1035,"href":"https:\/\/biblioteka.sulejow.pl\/index.php?rest_route=\/wp\/v2\/posts\/1031\/revisions\/1035"}],"wp:attachment":[{"href":"https:\/\/biblioteka.sulejow.pl\/index.php?rest_route=%2Fwp%2Fv2%2Fmedia&parent=1031"}],"wp:term":[{"taxonomy":"category","embeddable":true,"href":"https:\/\/biblioteka.sulejow.pl\/index.php?rest_route=%2Fwp%2Fv2%2Fcategories&post=1031"},{"taxonomy":"post_tag","embeddable":true,"href":"https:\/\/biblioteka.sulejow.pl\/index.php?rest_route=%2Fwp%2Fv2%2Ftags&post=1031"}],"curies":[{"name":"wp","href":"https:\/\/api.w.org\/{rel}","templated":true}]}}