{"id":1055,"date":"2025-02-11T18:19:07","date_gmt":"2025-02-11T18:19:07","guid":{"rendered":"https:\/\/biblioteka.sulejow.pl\/?p=1055"},"modified":"2025-02-11T18:19:07","modified_gmt":"2025-02-11T18:19:07","slug":"hu-hu-ha-nasza-zima-zla","status":"publish","type":"post","link":"https:\/\/biblioteka.sulejow.pl\/?p=1055","title":{"rendered":"\u201eHu hu ha, nasza zima z\u0142a\u201d"},"content":{"rendered":"\n<p>Tegoroczna zima, a raczej jej brak, by\u0142a pretekstem dla Filii Bibliotecznej w Przyg\u0142owie do zorganizowania spotkania pt. \u201eHu hu ha, nasza zima z\u0142a\u201d z grup\u0105 6-latk\u00f3w z Samorz\u0105dowego Przedszkola w w\/w miejscowo\u015bci. Z \u201eKrasnoludkami\u201d bibliotekarz poszukiwa\u0142 owej pory roku w poezji dzieci\u0119cej. Z bogatej oferty przeczyta\u0142 przedszkolakom kilkana\u015bcie wierszy. G\u0142o\u015bne czytanie przeplata\u0142 tematycznymi zadaniami, kt\u00f3re dzieci ch\u0119tnie rozwi\u0105zywa\u0142y. W nagrod\u0119 za wsp\u00f3\u0142prac\u0119 \u201eKrasnoludki\u201d otrzyma\u0142y zak\u0142adki do ksi\u0105\u017cek. By\u0142o te\u017c zwiedzanie biblioteki i zach\u0119ta dzieci do skorzystania z projektu \u201eMa\u0142a ksi\u0105\u017cka, wielki cz\u0142owiek\u201d, co zaowocowa\u0142o zapisami do ksi\u0105\u017cnicy.<\/p>\n\n\n\n<figure class=\"wp-block-gallery has-nested-images columns-default is-cropped wp-block-gallery-1 is-layout-flex wp-block-gallery-is-layout-flex\">\n<figure class=\"wp-block-image size-large\"><a href=\"https:\/\/biblioteka.sulejow.pl\/wpmbps\/wp-content\/uploads\/2025\/02\/1.-Bibliotekarz-wprowadza-w-temat-spotkania.jpg\"><img loading=\"lazy\" decoding=\"async\" width=\"1024\" height=\"768\" data-id=\"1056\" src=\"https:\/\/biblioteka.sulejow.pl\/wpmbps\/wp-content\/uploads\/2025\/02\/1.-Bibliotekarz-wprowadza-w-temat-spotkania.jpg\" alt=\"\" class=\"wp-image-1056\" srcset=\"https:\/\/biblioteka.sulejow.pl\/wpmbps\/wp-content\/uploads\/2025\/02\/1.-Bibliotekarz-wprowadza-w-temat-spotkania.jpg 1024w, https:\/\/biblioteka.sulejow.pl\/wpmbps\/wp-content\/uploads\/2025\/02\/1.-Bibliotekarz-wprowadza-w-temat-spotkania-300x225.jpg 300w, https:\/\/biblioteka.sulejow.pl\/wpmbps\/wp-content\/uploads\/2025\/02\/1.-Bibliotekarz-wprowadza-w-temat-spotkania-768x576.jpg 768w\" sizes=\"auto, (max-width: 1024px) 100vw, 1024px\" \/><\/a><\/figure>\n\n\n\n<figure class=\"wp-block-image size-large\"><a href=\"https:\/\/biblioteka.sulejow.pl\/wpmbps\/wp-content\/uploads\/2025\/02\/2.-Bibliotekarz-czyta-zimowa-poezje.jpg\"><img loading=\"lazy\" decoding=\"async\" width=\"1024\" height=\"768\" data-id=\"1057\" src=\"https:\/\/biblioteka.sulejow.pl\/wpmbps\/wp-content\/uploads\/2025\/02\/2.-Bibliotekarz-czyta-zimowa-poezje.jpg\" alt=\"\" class=\"wp-image-1057\" srcset=\"https:\/\/biblioteka.sulejow.pl\/wpmbps\/wp-content\/uploads\/2025\/02\/2.-Bibliotekarz-czyta-zimowa-poezje.jpg 1024w, https:\/\/biblioteka.sulejow.pl\/wpmbps\/wp-content\/uploads\/2025\/02\/2.-Bibliotekarz-czyta-zimowa-poezje-300x225.jpg 300w, https:\/\/biblioteka.sulejow.pl\/wpmbps\/wp-content\/uploads\/2025\/02\/2.-Bibliotekarz-czyta-zimowa-poezje-768x576.jpg 768w\" sizes=\"auto, (max-width: 1024px) 100vw, 1024px\" \/><\/a><\/figure>\n\n\n\n<figure class=\"wp-block-image size-large\"><a href=\"https:\/\/biblioteka.sulejow.pl\/wpmbps\/wp-content\/uploads\/2025\/02\/3.-Dzieci-rozwiazuja-tematyczne-zadania.jpg\"><img loading=\"lazy\" decoding=\"async\" width=\"1024\" height=\"768\" data-id=\"1058\" src=\"https:\/\/biblioteka.sulejow.pl\/wpmbps\/wp-content\/uploads\/2025\/02\/3.-Dzieci-rozwiazuja-tematyczne-zadania.jpg\" alt=\"\" class=\"wp-image-1058\" srcset=\"https:\/\/biblioteka.sulejow.pl\/wpmbps\/wp-content\/uploads\/2025\/02\/3.-Dzieci-rozwiazuja-tematyczne-zadania.jpg 1024w, https:\/\/biblioteka.sulejow.pl\/wpmbps\/wp-content\/uploads\/2025\/02\/3.-Dzieci-rozwiazuja-tematyczne-zadania-300x225.jpg 300w, https:\/\/biblioteka.sulejow.pl\/wpmbps\/wp-content\/uploads\/2025\/02\/3.-Dzieci-rozwiazuja-tematyczne-zadania-768x576.jpg 768w\" sizes=\"auto, (max-width: 1024px) 100vw, 1024px\" \/><\/a><\/figure>\n<\/figure>\n","protected":false},"excerpt":{"rendered":"<p>Tegoroczna zima, a raczej jej brak, by\u0142a pretekstem dla Filii Bibliotecznej w Przyg\u0142owie do zorganizowania spotkania pt. \u201eHu hu ha, nasza zima z\u0142a\u201d z grup\u0105 6-latk\u00f3w z Samorz\u0105dowego Przedszkola w w\/w miejscowo\u015bci. Z \u201eKrasnoludkami\u201d bibliotekarz poszukiwa\u0142 owej pory roku w poezji dzieci\u0119cej. Z bogatej oferty przeczyta\u0142 przedszkolakom kilkana\u015bcie wierszy. G\u0142o\u015bne czytanie przeplata\u0142 tematycznymi zadaniami, kt\u00f3re [&hellip;]<\/p>\n","protected":false},"author":1,"featured_media":0,"comment_status":"closed","ping_status":"closed","sticky":false,"template":"","format":"standard","meta":{"zakra_page_container_layout":"customizer","zakra_page_sidebar_layout":"customizer","zakra_remove_content_margin":false,"zakra_sidebar":"customizer","zakra_transparent_header":"customizer","zakra_logo":0,"zakra_main_header_style":"default","zakra_menu_item_color":"","zakra_menu_item_hover_color":"","zakra_menu_item_active_color":"","zakra_menu_active_style":"","zakra_page_header":true,"footnotes":"","_links_to":"","_links_to_target":""},"categories":[6],"tags":[],"class_list":["post-1055","post","type-post","status-publish","format-standard","hentry","category-aktualnosci-2025"],"_links":{"self":[{"href":"https:\/\/biblioteka.sulejow.pl\/index.php?rest_route=\/wp\/v2\/posts\/1055","targetHints":{"allow":["GET"]}}],"collection":[{"href":"https:\/\/biblioteka.sulejow.pl\/index.php?rest_route=\/wp\/v2\/posts"}],"about":[{"href":"https:\/\/biblioteka.sulejow.pl\/index.php?rest_route=\/wp\/v2\/types\/post"}],"author":[{"embeddable":true,"href":"https:\/\/biblioteka.sulejow.pl\/index.php?rest_route=\/wp\/v2\/users\/1"}],"replies":[{"embeddable":true,"href":"https:\/\/biblioteka.sulejow.pl\/index.php?rest_route=%2Fwp%2Fv2%2Fcomments&post=1055"}],"version-history":[{"count":1,"href":"https:\/\/biblioteka.sulejow.pl\/index.php?rest_route=\/wp\/v2\/posts\/1055\/revisions"}],"predecessor-version":[{"id":1059,"href":"https:\/\/biblioteka.sulejow.pl\/index.php?rest_route=\/wp\/v2\/posts\/1055\/revisions\/1059"}],"wp:attachment":[{"href":"https:\/\/biblioteka.sulejow.pl\/index.php?rest_route=%2Fwp%2Fv2%2Fmedia&parent=1055"}],"wp:term":[{"taxonomy":"category","embeddable":true,"href":"https:\/\/biblioteka.sulejow.pl\/index.php?rest_route=%2Fwp%2Fv2%2Fcategories&post=1055"},{"taxonomy":"post_tag","embeddable":true,"href":"https:\/\/biblioteka.sulejow.pl\/index.php?rest_route=%2Fwp%2Fv2%2Ftags&post=1055"}],"curies":[{"name":"wp","href":"https:\/\/api.w.org\/{rel}","templated":true}]}}