{"id":1061,"date":"2025-02-03T19:09:26","date_gmt":"2025-02-03T19:09:26","guid":{"rendered":"https:\/\/biblioteka.sulejow.pl\/?p=1061"},"modified":"2025-02-13T19:12:57","modified_gmt":"2025-02-13T19:12:57","slug":"w-bibliotece-i-ksiegarni","status":"publish","type":"post","link":"https:\/\/biblioteka.sulejow.pl\/?p=1061","title":{"rendered":"&#8222;W bibliotece i ksi\u0119garni&#8221;"},"content":{"rendered":"\n<p>Dnia 31 stycznia w Fili Bibliotecznej w Uszczynie odby\u0142a si\u0119 lekcja biblioteczna dla klasy &#8222;0&#8221; pt. &#8222;W bibliotece i ksi\u0119garni&#8221;. Celem zaj\u0119\u0107 by\u0142o zapoznanie dzieci z r\u00f3\u017cnicami mi\u0119dzy bibliotek\u0105 a ksi\u0119garni\u0105, a tak\u017ce zach\u0119cenie ich do korzystania z ksi\u0105\u017cek i rozwijania nawyku czytania.<\/p>\n\n\n\n<p>Spotkanie rozpocz\u0119li\u015bmy od kr\u00f3tkiej rozmowy na temat biblioteki i ksi\u0119garni. Om\u00f3wiono zasady funkcjonowania tych miejsc oraz r\u00f3\u017cnice mi\u0119dzy nimi \u2013 w bibliotece ksi\u0105\u017cki mo\u017cna wypo\u017cycza\u0107, natomiast w ksi\u0119garni kupowa\u0107. Dzieci dzieli\u0142y si\u0119 swoimi do\u015bwiadczeniami zwi\u0105zanymi z odwiedzaniem bibliotek i ksi\u0119garni oraz wymienia\u0142y swoje ulubione ksi\u0105\u017cki.<\/p>\n\n\n\n<p>Nie mog\u0142o zabrakn\u0105\u0107 sta\u0142ego elementu spotka\u0144, jakim jest g\u0142o\u015bne czytanie. Tym razem dzieci pozna\u0142y tre\u015b\u0107 ksi\u0105\u017cki \u201e\u0141o\u015b i biblioteka na k\u00f3\u0142kach\u201d napisanej przez Ing\u0119 Moore.<\/p>\n\n\n\n<p>Nast\u0119pnie odby\u0142a si\u0119 zabawa ruchowa zwi\u0105zana z tematyk\u0105 zaj\u0119\u0107. Dzieci mia\u0142y za zadanie wykonywa\u0107 okre\u015blone ruchy zwi\u0105zane z ksi\u0105\u017ckami i bibliotek\u0105 . Zabawa ta sprawi\u0142a uczestnikom wiele rado\u015bci i pozwoli\u0142a na aktywne zaanga\u017cowanie si\u0119 w temat.<\/p>\n\n\n\n<p>Po zabawie przeprowadzono quiz sprawdzaj\u0105cy wiedz\u0119 dzieci na temat biblioteki, ksi\u0119garni oraz ksi\u0105\u017cek. Dzieci ch\u0119tnie bra\u0142y udzia\u0142 w quizie, wykazuj\u0105c si\u0119 du\u017c\u0105 wiedz\u0105 i zainteresowaniem.<\/p>\n\n\n\n<p>Na zako\u0144czenie zaj\u0119\u0107 dzieci mia\u0142y okazj\u0119 wykona\u0107 zak\u0142adki do ksi\u0105\u017cek w technice origami oraz kolorowa\u0107 klasyczne wzory zak\u0142adek. Tworzenie w\u0142asnych zak\u0142adek by\u0142o dla dzieci nie tylko \u015bwietn\u0105 zabaw\u0105, ale tak\u017ce zach\u0119t\u0105 do cz\u0119stszego si\u0119gania po ksi\u0105\u017cki.<\/p>\n\n\n\n<p>Lekcja biblioteczna by\u0142a pe\u0142na rado\u015bci i aktywno\u015bci, a dzieci wykaza\u0142y si\u0119 du\u017cym zaanga\u017cowaniem. Zaj\u0119cia pozwoli\u0142y im lepiej zrozumie\u0107 rol\u0119 biblioteki i ksi\u0119garni oraz rozwija\u0107 zami\u0142owanie do ksi\u0105\u017cek.<\/p>\n\n\n\n<figure class=\"wp-block-gallery has-nested-images columns-default is-cropped wp-block-gallery-1 is-layout-flex wp-block-gallery-is-layout-flex\">\n<figure class=\"wp-block-image size-large\"><a href=\"https:\/\/biblioteka.sulejow.pl\/wpmbps\/wp-content\/uploads\/2025\/02\/1.-Bibliotekarz-rozmawia-z-dziecmi.jpg\"><img loading=\"lazy\" decoding=\"async\" width=\"1024\" height=\"717\" data-id=\"1065\" src=\"https:\/\/biblioteka.sulejow.pl\/wpmbps\/wp-content\/uploads\/2025\/02\/1.-Bibliotekarz-rozmawia-z-dziecmi.jpg\" alt=\"\" class=\"wp-image-1065\" srcset=\"https:\/\/biblioteka.sulejow.pl\/wpmbps\/wp-content\/uploads\/2025\/02\/1.-Bibliotekarz-rozmawia-z-dziecmi.jpg 1024w, https:\/\/biblioteka.sulejow.pl\/wpmbps\/wp-content\/uploads\/2025\/02\/1.-Bibliotekarz-rozmawia-z-dziecmi-300x210.jpg 300w, https:\/\/biblioteka.sulejow.pl\/wpmbps\/wp-content\/uploads\/2025\/02\/1.-Bibliotekarz-rozmawia-z-dziecmi-768x538.jpg 768w\" sizes=\"auto, (max-width: 1024px) 100vw, 1024px\" \/><\/a><\/figure>\n\n\n\n<figure class=\"wp-block-image size-large\"><a href=\"https:\/\/biblioteka.sulejow.pl\/wpmbps\/wp-content\/uploads\/2025\/02\/2.-Ksiazka-ktora-czytalismy-na-zajeciach.jpg\"><img loading=\"lazy\" decoding=\"async\" width=\"768\" height=\"987\" data-id=\"1066\" src=\"https:\/\/biblioteka.sulejow.pl\/wpmbps\/wp-content\/uploads\/2025\/02\/2.-Ksiazka-ktora-czytalismy-na-zajeciach.jpg\" alt=\"\" class=\"wp-image-1066\" srcset=\"https:\/\/biblioteka.sulejow.pl\/wpmbps\/wp-content\/uploads\/2025\/02\/2.-Ksiazka-ktora-czytalismy-na-zajeciach.jpg 768w, https:\/\/biblioteka.sulejow.pl\/wpmbps\/wp-content\/uploads\/2025\/02\/2.-Ksiazka-ktora-czytalismy-na-zajeciach-233x300.jpg 233w\" sizes=\"auto, (max-width: 768px) 100vw, 768px\" \/><\/a><\/figure>\n\n\n\n<figure class=\"wp-block-image size-large\"><a href=\"https:\/\/biblioteka.sulejow.pl\/wpmbps\/wp-content\/uploads\/2025\/02\/3.-Zabawa-tematyczna-dla-dzieci.jpg\"><img loading=\"lazy\" decoding=\"async\" width=\"768\" height=\"889\" data-id=\"1067\" src=\"https:\/\/biblioteka.sulejow.pl\/wpmbps\/wp-content\/uploads\/2025\/02\/3.-Zabawa-tematyczna-dla-dzieci.jpg\" alt=\"\" class=\"wp-image-1067\" srcset=\"https:\/\/biblioteka.sulejow.pl\/wpmbps\/wp-content\/uploads\/2025\/02\/3.-Zabawa-tematyczna-dla-dzieci.jpg 768w, https:\/\/biblioteka.sulejow.pl\/wpmbps\/wp-content\/uploads\/2025\/02\/3.-Zabawa-tematyczna-dla-dzieci-259x300.jpg 259w\" sizes=\"auto, (max-width: 768px) 100vw, 768px\" \/><\/a><\/figure>\n\n\n\n<figure class=\"wp-block-image size-large\"><a href=\"https:\/\/biblioteka.sulejow.pl\/wpmbps\/wp-content\/uploads\/2025\/02\/4.-Dzieci-rozwiazuja-przygotowane-dla-nich-zadanie.jpg\"><img loading=\"lazy\" decoding=\"async\" width=\"768\" height=\"960\" data-id=\"1062\" src=\"https:\/\/biblioteka.sulejow.pl\/wpmbps\/wp-content\/uploads\/2025\/02\/4.-Dzieci-rozwiazuja-przygotowane-dla-nich-zadanie.jpg\" alt=\"\" class=\"wp-image-1062\" srcset=\"https:\/\/biblioteka.sulejow.pl\/wpmbps\/wp-content\/uploads\/2025\/02\/4.-Dzieci-rozwiazuja-przygotowane-dla-nich-zadanie.jpg 768w, https:\/\/biblioteka.sulejow.pl\/wpmbps\/wp-content\/uploads\/2025\/02\/4.-Dzieci-rozwiazuja-przygotowane-dla-nich-zadanie-240x300.jpg 240w\" sizes=\"auto, (max-width: 768px) 100vw, 768px\" \/><\/a><\/figure>\n\n\n\n<figure class=\"wp-block-image size-large\"><a href=\"https:\/\/biblioteka.sulejow.pl\/wpmbps\/wp-content\/uploads\/2025\/02\/5.-Dzieci-rozwiazuja-przygotowane-dla-nich-zadanie.jpg\"><img loading=\"lazy\" decoding=\"async\" width=\"731\" height=\"1024\" data-id=\"1063\" src=\"https:\/\/biblioteka.sulejow.pl\/wpmbps\/wp-content\/uploads\/2025\/02\/5.-Dzieci-rozwiazuja-przygotowane-dla-nich-zadanie.jpg\" alt=\"\" class=\"wp-image-1063\" srcset=\"https:\/\/biblioteka.sulejow.pl\/wpmbps\/wp-content\/uploads\/2025\/02\/5.-Dzieci-rozwiazuja-przygotowane-dla-nich-zadanie.jpg 731w, https:\/\/biblioteka.sulejow.pl\/wpmbps\/wp-content\/uploads\/2025\/02\/5.-Dzieci-rozwiazuja-przygotowane-dla-nich-zadanie-214x300.jpg 214w\" sizes=\"auto, (max-width: 731px) 100vw, 731px\" \/><\/a><\/figure>\n\n\n\n<figure class=\"wp-block-image size-large\"><a href=\"https:\/\/biblioteka.sulejow.pl\/wpmbps\/wp-content\/uploads\/2025\/02\/6.-Dzieci-wykonuja-zakladke-do-ksiazki-technika-origami.jpg\"><img loading=\"lazy\" decoding=\"async\" width=\"1024\" height=\"683\" data-id=\"1064\" src=\"https:\/\/biblioteka.sulejow.pl\/wpmbps\/wp-content\/uploads\/2025\/02\/6.-Dzieci-wykonuja-zakladke-do-ksiazki-technika-origami.jpg\" alt=\"\" class=\"wp-image-1064\" srcset=\"https:\/\/biblioteka.sulejow.pl\/wpmbps\/wp-content\/uploads\/2025\/02\/6.-Dzieci-wykonuja-zakladke-do-ksiazki-technika-origami.jpg 1024w, https:\/\/biblioteka.sulejow.pl\/wpmbps\/wp-content\/uploads\/2025\/02\/6.-Dzieci-wykonuja-zakladke-do-ksiazki-technika-origami-300x200.jpg 300w, https:\/\/biblioteka.sulejow.pl\/wpmbps\/wp-content\/uploads\/2025\/02\/6.-Dzieci-wykonuja-zakladke-do-ksiazki-technika-origami-768x512.jpg 768w\" sizes=\"auto, (max-width: 1024px) 100vw, 1024px\" \/><\/a><\/figure>\n\n\n\n<figure class=\"wp-block-image size-large\"><a href=\"https:\/\/biblioteka.sulejow.pl\/wpmbps\/wp-content\/uploads\/2025\/02\/7.-Dzieci-przy-stoliku-wykonuja-zakldaki-do-ksiazek.jpg\"><img loading=\"lazy\" decoding=\"async\" width=\"960\" height=\"768\" data-id=\"1068\" src=\"https:\/\/biblioteka.sulejow.pl\/wpmbps\/wp-content\/uploads\/2025\/02\/7.-Dzieci-przy-stoliku-wykonuja-zakldaki-do-ksiazek.jpg\" alt=\"\" class=\"wp-image-1068\" srcset=\"https:\/\/biblioteka.sulejow.pl\/wpmbps\/wp-content\/uploads\/2025\/02\/7.-Dzieci-przy-stoliku-wykonuja-zakldaki-do-ksiazek.jpg 960w, https:\/\/biblioteka.sulejow.pl\/wpmbps\/wp-content\/uploads\/2025\/02\/7.-Dzieci-przy-stoliku-wykonuja-zakldaki-do-ksiazek-300x240.jpg 300w, https:\/\/biblioteka.sulejow.pl\/wpmbps\/wp-content\/uploads\/2025\/02\/7.-Dzieci-przy-stoliku-wykonuja-zakldaki-do-ksiazek-768x614.jpg 768w\" sizes=\"auto, (max-width: 960px) 100vw, 960px\" \/><\/a><\/figure>\n<\/figure>\n","protected":false},"excerpt":{"rendered":"<p>Dnia 31 stycznia w Fili Bibliotecznej w Uszczynie odby\u0142a si\u0119 lekcja biblioteczna dla klasy &#8222;0&#8221; pt. &#8222;W bibliotece i ksi\u0119garni&#8221;. Celem zaj\u0119\u0107 by\u0142o zapoznanie dzieci z r\u00f3\u017cnicami mi\u0119dzy bibliotek\u0105 a ksi\u0119garni\u0105, a tak\u017ce zach\u0119cenie ich do korzystania z ksi\u0105\u017cek i rozwijania nawyku czytania. Spotkanie rozpocz\u0119li\u015bmy od kr\u00f3tkiej rozmowy na temat biblioteki i ksi\u0119garni. Om\u00f3wiono zasady [&hellip;]<\/p>\n","protected":false},"author":1,"featured_media":0,"comment_status":"closed","ping_status":"closed","sticky":false,"template":"","format":"standard","meta":{"zakra_page_container_layout":"customizer","zakra_page_sidebar_layout":"customizer","zakra_remove_content_margin":false,"zakra_sidebar":"customizer","zakra_transparent_header":"customizer","zakra_logo":0,"zakra_main_header_style":"default","zakra_menu_item_color":"","zakra_menu_item_hover_color":"","zakra_menu_item_active_color":"","zakra_menu_active_style":"","zakra_page_header":true,"footnotes":"","_links_to":"","_links_to_target":""},"categories":[6],"tags":[],"class_list":["post-1061","post","type-post","status-publish","format-standard","hentry","category-aktualnosci-2025"],"_links":{"self":[{"href":"https:\/\/biblioteka.sulejow.pl\/index.php?rest_route=\/wp\/v2\/posts\/1061","targetHints":{"allow":["GET"]}}],"collection":[{"href":"https:\/\/biblioteka.sulejow.pl\/index.php?rest_route=\/wp\/v2\/posts"}],"about":[{"href":"https:\/\/biblioteka.sulejow.pl\/index.php?rest_route=\/wp\/v2\/types\/post"}],"author":[{"embeddable":true,"href":"https:\/\/biblioteka.sulejow.pl\/index.php?rest_route=\/wp\/v2\/users\/1"}],"replies":[{"embeddable":true,"href":"https:\/\/biblioteka.sulejow.pl\/index.php?rest_route=%2Fwp%2Fv2%2Fcomments&post=1061"}],"version-history":[{"count":1,"href":"https:\/\/biblioteka.sulejow.pl\/index.php?rest_route=\/wp\/v2\/posts\/1061\/revisions"}],"predecessor-version":[{"id":1069,"href":"https:\/\/biblioteka.sulejow.pl\/index.php?rest_route=\/wp\/v2\/posts\/1061\/revisions\/1069"}],"wp:attachment":[{"href":"https:\/\/biblioteka.sulejow.pl\/index.php?rest_route=%2Fwp%2Fv2%2Fmedia&parent=1061"}],"wp:term":[{"taxonomy":"category","embeddable":true,"href":"https:\/\/biblioteka.sulejow.pl\/index.php?rest_route=%2Fwp%2Fv2%2Fcategories&post=1061"},{"taxonomy":"post_tag","embeddable":true,"href":"https:\/\/biblioteka.sulejow.pl\/index.php?rest_route=%2Fwp%2Fv2%2Ftags&post=1061"}],"curies":[{"name":"wp","href":"https:\/\/api.w.org\/{rel}","templated":true}]}}