{"id":1085,"date":"2025-02-20T20:32:53","date_gmt":"2025-02-20T20:32:53","guid":{"rendered":"https:\/\/biblioteka.sulejow.pl\/?p=1085"},"modified":"2025-02-20T20:32:54","modified_gmt":"2025-02-20T20:32:54","slug":"spotkanie-dyskusyjnego-klubu-ksiazki-4","status":"publish","type":"post","link":"https:\/\/biblioteka.sulejow.pl\/?p=1085","title":{"rendered":"Spotkanie Dyskusyjnego Klubu Ksi\u0105\u017cki"},"content":{"rendered":"\n<p>Podczas lutowego spotkania Dyskusyjnego Klubu Ksi\u0105\u017cki omawiali\u015bmy ksi\u0105\u017ck\u0119 Marcina Wichy, koncentruj\u0105c si\u0119 na jej g\u0142\u00f3wnych w\u0105tkach: pami\u0119ci, \u017ca\u0142obie i roli przedmiot\u00f3w w kszta\u0142towaniu to\u017csamo\u015bci. Szczeg\u00f3ln\u0105 uwag\u0119 po\u015bwi\u0119cili\u015bmy ksi\u0105\u017ckom \u2013 ich znaczeniu w \u017cyciu matki autora oraz temu, jak zmienia\u0142y si\u0119 na przestrzeni lat od lat 50. XX wieku do wsp\u00f3\u0142czesno\u015bci. Dawniej wiele os\u00f3b gromadzi\u0142o ksi\u0105\u017cki, traktuj\u0105c je jako cenne dobra kultury, dzi\u015b cz\u0119sto stanowi\u0105 przedmioty kolekcjonerskie \u2013 dla niekt\u00f3rych liczy si\u0119 ich tre\u015b\u0107, dla innych forma i fizyczna obecno\u015b\u0107 w domu. Rozmawiali\u015bmy o tym, czy ksi\u0105\u017cki nadal pe\u0142ni\u0105 tak wa\u017cn\u0105 funkcj\u0119 jak dawniej, czy raczej ust\u0119puj\u0105 miejsca nowym mediom oraz wys\u0142uchali\u015bmy wywiadu z samym Marcinem Wich\u0105, w kt\u00f3rym pisarz przyznaje, \u017ce &#8222;papierowa ksi\u0105\u017cka jest niezast\u0105piona&#8221;.<\/p>\n\n\n\n<p>Na zako\u0144czenie zaj\u0119\u0107 uczestniczki spotkania podj\u0119\u0142y pr\u00f3b\u0119 wyra\u017cenia siebie poprzez kola\u017c inspirowany indywidualnymi do\u015bwiadczeniami i pasjami. Kola\u017c jako technika artystyczna pojawi\u0142 si\u0119 na pocz\u0105tku XX wieku, kiedy to arty\u015bci zacz\u0119li eksperymentowa\u0107 z nowymi metodami tworzenia dzie\u0142. Tradycyjnie w tej technice u\u017cywa si\u0119 papieru, gazet, fotografii, tkanin i innych przedmiot\u00f3w, podczas gdy wsp\u00f3\u0142czesne kola\u017ce cz\u0119sto korzystaj\u0105 z zaawansowanych technik cyfrowych.<\/p>\n\n\n\n<p>Dzi\u0119kujemy za spotkane i zapraszamy na nast\u0119pne!<\/p>\n\n\n\n<figure class=\"wp-block-gallery has-nested-images columns-default is-cropped wp-block-gallery-1 is-layout-flex wp-block-gallery-is-layout-flex\">\n<figure class=\"wp-block-image size-large\"><a href=\"https:\/\/biblioteka.sulejow.pl\/wpmbps\/wp-content\/uploads\/2025\/02\/1.-Uczestnicy-Dyskusyjnego-Klubu-Ksiazki.jpg\"><img loading=\"lazy\" decoding=\"async\" width=\"1024\" height=\"768\" data-id=\"1088\" src=\"https:\/\/biblioteka.sulejow.pl\/wpmbps\/wp-content\/uploads\/2025\/02\/1.-Uczestnicy-Dyskusyjnego-Klubu-Ksiazki.jpg\" alt=\"\" class=\"wp-image-1088\" srcset=\"https:\/\/biblioteka.sulejow.pl\/wpmbps\/wp-content\/uploads\/2025\/02\/1.-Uczestnicy-Dyskusyjnego-Klubu-Ksiazki.jpg 1024w, https:\/\/biblioteka.sulejow.pl\/wpmbps\/wp-content\/uploads\/2025\/02\/1.-Uczestnicy-Dyskusyjnego-Klubu-Ksiazki-300x225.jpg 300w, https:\/\/biblioteka.sulejow.pl\/wpmbps\/wp-content\/uploads\/2025\/02\/1.-Uczestnicy-Dyskusyjnego-Klubu-Ksiazki-768x576.jpg 768w\" sizes=\"auto, (max-width: 1024px) 100vw, 1024px\" \/><\/a><\/figure>\n\n\n\n<figure class=\"wp-block-image size-large\"><a href=\"https:\/\/biblioteka.sulejow.pl\/wpmbps\/wp-content\/uploads\/2025\/02\/2.-Uczestniczka-zajec-wykonuje-kolaz.jpg\"><img loading=\"lazy\" decoding=\"async\" width=\"768\" height=\"1024\" data-id=\"1090\" src=\"https:\/\/biblioteka.sulejow.pl\/wpmbps\/wp-content\/uploads\/2025\/02\/2.-Uczestniczka-zajec-wykonuje-kolaz.jpg\" alt=\"\" class=\"wp-image-1090\" srcset=\"https:\/\/biblioteka.sulejow.pl\/wpmbps\/wp-content\/uploads\/2025\/02\/2.-Uczestniczka-zajec-wykonuje-kolaz.jpg 768w, https:\/\/biblioteka.sulejow.pl\/wpmbps\/wp-content\/uploads\/2025\/02\/2.-Uczestniczka-zajec-wykonuje-kolaz-225x300.jpg 225w\" sizes=\"auto, (max-width: 768px) 100vw, 768px\" \/><\/a><\/figure>\n\n\n\n<figure class=\"wp-block-image size-large\"><a href=\"https:\/\/biblioteka.sulejow.pl\/wpmbps\/wp-content\/uploads\/2025\/02\/3.-Wystawa-z-wykonanych-prac.jpg\"><img loading=\"lazy\" decoding=\"async\" width=\"768\" height=\"1006\" data-id=\"1091\" src=\"https:\/\/biblioteka.sulejow.pl\/wpmbps\/wp-content\/uploads\/2025\/02\/3.-Wystawa-z-wykonanych-prac.jpg\" alt=\"\" class=\"wp-image-1091\" srcset=\"https:\/\/biblioteka.sulejow.pl\/wpmbps\/wp-content\/uploads\/2025\/02\/3.-Wystawa-z-wykonanych-prac.jpg 768w, https:\/\/biblioteka.sulejow.pl\/wpmbps\/wp-content\/uploads\/2025\/02\/3.-Wystawa-z-wykonanych-prac-229x300.jpg 229w\" sizes=\"auto, (max-width: 768px) 100vw, 768px\" \/><\/a><\/figure>\n\n\n\n<figure class=\"wp-block-image size-large\"><a href=\"https:\/\/biblioteka.sulejow.pl\/wpmbps\/wp-content\/uploads\/2025\/02\/4.-Wystawa-z-wykonanych-prac-2.jpg\"><img loading=\"lazy\" decoding=\"async\" width=\"751\" height=\"1024\" data-id=\"1089\" src=\"https:\/\/biblioteka.sulejow.pl\/wpmbps\/wp-content\/uploads\/2025\/02\/4.-Wystawa-z-wykonanych-prac-2.jpg\" alt=\"\" class=\"wp-image-1089\" srcset=\"https:\/\/biblioteka.sulejow.pl\/wpmbps\/wp-content\/uploads\/2025\/02\/4.-Wystawa-z-wykonanych-prac-2.jpg 751w, https:\/\/biblioteka.sulejow.pl\/wpmbps\/wp-content\/uploads\/2025\/02\/4.-Wystawa-z-wykonanych-prac-2-220x300.jpg 220w\" sizes=\"auto, (max-width: 751px) 100vw, 751px\" \/><\/a><\/figure>\n\n\n\n<figure class=\"wp-block-image size-large\"><a href=\"https:\/\/biblioteka.sulejow.pl\/wpmbps\/wp-content\/uploads\/2025\/02\/5.-Uczestnicy-zajec.jpg\"><img loading=\"lazy\" decoding=\"async\" width=\"779\" height=\"768\" data-id=\"1087\" src=\"https:\/\/biblioteka.sulejow.pl\/wpmbps\/wp-content\/uploads\/2025\/02\/5.-Uczestnicy-zajec.jpg\" alt=\"\" class=\"wp-image-1087\" srcset=\"https:\/\/biblioteka.sulejow.pl\/wpmbps\/wp-content\/uploads\/2025\/02\/5.-Uczestnicy-zajec.jpg 779w, https:\/\/biblioteka.sulejow.pl\/wpmbps\/wp-content\/uploads\/2025\/02\/5.-Uczestnicy-zajec-300x296.jpg 300w, https:\/\/biblioteka.sulejow.pl\/wpmbps\/wp-content\/uploads\/2025\/02\/5.-Uczestnicy-zajec-768x757.jpg 768w\" sizes=\"auto, (max-width: 779px) 100vw, 779px\" \/><\/a><\/figure>\n\n\n\n<figure class=\"wp-block-image size-large\"><a href=\"https:\/\/biblioteka.sulejow.pl\/wpmbps\/wp-content\/uploads\/2025\/02\/6.-Uczestniczka-zajec-wykonyje-kolaz.jpg\"><img loading=\"lazy\" decoding=\"async\" width=\"768\" height=\"1024\" data-id=\"1086\" src=\"https:\/\/biblioteka.sulejow.pl\/wpmbps\/wp-content\/uploads\/2025\/02\/6.-Uczestniczka-zajec-wykonyje-kolaz.jpg\" alt=\"\" class=\"wp-image-1086\" srcset=\"https:\/\/biblioteka.sulejow.pl\/wpmbps\/wp-content\/uploads\/2025\/02\/6.-Uczestniczka-zajec-wykonyje-kolaz.jpg 768w, https:\/\/biblioteka.sulejow.pl\/wpmbps\/wp-content\/uploads\/2025\/02\/6.-Uczestniczka-zajec-wykonyje-kolaz-225x300.jpg 225w\" sizes=\"auto, (max-width: 768px) 100vw, 768px\" \/><\/a><\/figure>\n<\/figure>\n","protected":false},"excerpt":{"rendered":"<p>Podczas lutowego spotkania Dyskusyjnego Klubu Ksi\u0105\u017cki omawiali\u015bmy ksi\u0105\u017ck\u0119 Marcina Wichy, koncentruj\u0105c si\u0119 na jej g\u0142\u00f3wnych w\u0105tkach: pami\u0119ci, \u017ca\u0142obie i roli przedmiot\u00f3w w kszta\u0142towaniu to\u017csamo\u015bci. Szczeg\u00f3ln\u0105 uwag\u0119 po\u015bwi\u0119cili\u015bmy ksi\u0105\u017ckom \u2013 ich znaczeniu w \u017cyciu matki autora oraz temu, jak zmienia\u0142y si\u0119 na przestrzeni lat od lat 50. XX wieku do wsp\u00f3\u0142czesno\u015bci. Dawniej wiele os\u00f3b gromadzi\u0142o ksi\u0105\u017cki, [&hellip;]<\/p>\n","protected":false},"author":1,"featured_media":0,"comment_status":"closed","ping_status":"closed","sticky":false,"template":"","format":"standard","meta":{"zakra_page_container_layout":"customizer","zakra_page_sidebar_layout":"customizer","zakra_remove_content_margin":false,"zakra_sidebar":"customizer","zakra_transparent_header":"customizer","zakra_logo":0,"zakra_main_header_style":"default","zakra_menu_item_color":"","zakra_menu_item_hover_color":"","zakra_menu_item_active_color":"","zakra_menu_active_style":"","zakra_page_header":true,"footnotes":"","_links_to":"","_links_to_target":""},"categories":[6],"tags":[],"class_list":["post-1085","post","type-post","status-publish","format-standard","hentry","category-aktualnosci-2025"],"_links":{"self":[{"href":"https:\/\/biblioteka.sulejow.pl\/index.php?rest_route=\/wp\/v2\/posts\/1085","targetHints":{"allow":["GET"]}}],"collection":[{"href":"https:\/\/biblioteka.sulejow.pl\/index.php?rest_route=\/wp\/v2\/posts"}],"about":[{"href":"https:\/\/biblioteka.sulejow.pl\/index.php?rest_route=\/wp\/v2\/types\/post"}],"author":[{"embeddable":true,"href":"https:\/\/biblioteka.sulejow.pl\/index.php?rest_route=\/wp\/v2\/users\/1"}],"replies":[{"embeddable":true,"href":"https:\/\/biblioteka.sulejow.pl\/index.php?rest_route=%2Fwp%2Fv2%2Fcomments&post=1085"}],"version-history":[{"count":1,"href":"https:\/\/biblioteka.sulejow.pl\/index.php?rest_route=\/wp\/v2\/posts\/1085\/revisions"}],"predecessor-version":[{"id":1092,"href":"https:\/\/biblioteka.sulejow.pl\/index.php?rest_route=\/wp\/v2\/posts\/1085\/revisions\/1092"}],"wp:attachment":[{"href":"https:\/\/biblioteka.sulejow.pl\/index.php?rest_route=%2Fwp%2Fv2%2Fmedia&parent=1085"}],"wp:term":[{"taxonomy":"category","embeddable":true,"href":"https:\/\/biblioteka.sulejow.pl\/index.php?rest_route=%2Fwp%2Fv2%2Fcategories&post=1085"},{"taxonomy":"post_tag","embeddable":true,"href":"https:\/\/biblioteka.sulejow.pl\/index.php?rest_route=%2Fwp%2Fv2%2Ftags&post=1085"}],"curies":[{"name":"wp","href":"https:\/\/api.w.org\/{rel}","templated":true}]}}