{"id":1093,"date":"2025-02-20T20:38:02","date_gmt":"2025-02-20T20:38:02","guid":{"rendered":"https:\/\/biblioteka.sulejow.pl\/?p=1093"},"modified":"2025-02-20T20:38:02","modified_gmt":"2025-02-20T20:38:02","slug":"ferie-z-biblioteka-pierwszy-poniedzialek","status":"publish","type":"post","link":"https:\/\/biblioteka.sulejow.pl\/?p=1093","title":{"rendered":"Ferie z bibliotek\u0105 &#8211; pierwszy poniedzia\u0142ek"},"content":{"rendered":"\n<p>\u201eFerie z Bibliotek\u0105\u201d w Miejskiej Bibliotece Publicznej rozpocz\u0119li\u015bmy od warsztat\u00f3w z pierwszej pomocy. Pierwsza pomoc to umiej\u0119tno\u015b\u0107, kt\u00f3ra mo\u017ce uratowa\u0107 \u017cycie! Nawet najm\u0142odsi mog\u0105 pom\u00f3c, je\u015bli wiedz\u0105, jak si\u0119 zachowa\u0107 w sytuacji zagro\u017cenia. Dzi\u0119ki takim warsztatom dzieci ucz\u0105 si\u0119 odwagi, odpowiedzialno\u015bci i szybkiego dzia\u0142ania w nag\u0142ych przypadkach. Ka\u017cdy mo\u017ce by\u0107 bohaterem \u2013 wystarczy wiedzie\u0107, jak pom\u00f3c!<br><br>Poprzez zabaw\u0119 i aktywne zadania uczestnicy spotkania przypomnieli sobie numery alarmowe (112, 997, 998, 999) oraz nauczyli si\u0119, w jakich okoliczno\u015bciach dzwoni\u0107 po pomoc. Natomiast dzi\u0119ki \u0107wiczeniom praktycznym nauczyli si\u0119 banda\u017cowa\u0107 rany, przykleja\u0107 plasterki na ma\u0142e skaleczenia, po\u0107wiczyli resuscytacj\u0119 kr\u0105\u017ceniowo \u2013 oddechow\u0105 (RKO) na fantomach oraz uk\u0142adanie poszkodowanego w\u00a0pozycji bocznej ustalonej.<br><br>Za inspiruj\u0105ce spotkanie i \u0107wiczenia praktyczne serdecznie dzi\u0119kujemy m\u0142odym stra\u017cakom, Ewie i Filipowi z OSP KSRG Przyg\u0142\u00f3w a wszystkim dzieciom za zaanga\u017cowanie!<\/p>\n\n\n\n<figure class=\"wp-block-gallery has-nested-images columns-default is-cropped wp-block-gallery-1 is-layout-flex wp-block-gallery-is-layout-flex\">\n<figure class=\"wp-block-image size-large\"><a href=\"https:\/\/biblioteka.sulejow.pl\/wpmbps\/wp-content\/uploads\/2025\/02\/1.-Grupa-dzieci-stojac-pozuje-do-zdjecia.jpg\"><img loading=\"lazy\" decoding=\"async\" width=\"768\" height=\"786\" data-id=\"1094\" src=\"https:\/\/biblioteka.sulejow.pl\/wpmbps\/wp-content\/uploads\/2025\/02\/1.-Grupa-dzieci-stojac-pozuje-do-zdjecia.jpg\" alt=\"\" class=\"wp-image-1094\" srcset=\"https:\/\/biblioteka.sulejow.pl\/wpmbps\/wp-content\/uploads\/2025\/02\/1.-Grupa-dzieci-stojac-pozuje-do-zdjecia.jpg 768w, https:\/\/biblioteka.sulejow.pl\/wpmbps\/wp-content\/uploads\/2025\/02\/1.-Grupa-dzieci-stojac-pozuje-do-zdjecia-293x300.jpg 293w\" sizes=\"auto, (max-width: 768px) 100vw, 768px\" \/><\/a><\/figure>\n\n\n\n<figure class=\"wp-block-image size-large\"><a href=\"https:\/\/biblioteka.sulejow.pl\/wpmbps\/wp-content\/uploads\/2025\/02\/2.-Mlody-strazak-pomaga-odrysowac-rece-dzieciom.jpg\"><img loading=\"lazy\" decoding=\"async\" width=\"1024\" height=\"768\" data-id=\"1095\" src=\"https:\/\/biblioteka.sulejow.pl\/wpmbps\/wp-content\/uploads\/2025\/02\/2.-Mlody-strazak-pomaga-odrysowac-rece-dzieciom.jpg\" alt=\"\" class=\"wp-image-1095\" srcset=\"https:\/\/biblioteka.sulejow.pl\/wpmbps\/wp-content\/uploads\/2025\/02\/2.-Mlody-strazak-pomaga-odrysowac-rece-dzieciom.jpg 1024w, https:\/\/biblioteka.sulejow.pl\/wpmbps\/wp-content\/uploads\/2025\/02\/2.-Mlody-strazak-pomaga-odrysowac-rece-dzieciom-300x225.jpg 300w, https:\/\/biblioteka.sulejow.pl\/wpmbps\/wp-content\/uploads\/2025\/02\/2.-Mlody-strazak-pomaga-odrysowac-rece-dzieciom-768x576.jpg 768w\" sizes=\"auto, (max-width: 1024px) 100vw, 1024px\" \/><\/a><\/figure>\n\n\n\n<figure class=\"wp-block-image size-large\"><a href=\"https:\/\/biblioteka.sulejow.pl\/wpmbps\/wp-content\/uploads\/2025\/02\/3.-Dzieci-pokazuja-efekty-swojej-pracy.jpg\"><img loading=\"lazy\" decoding=\"async\" width=\"1024\" height=\"768\" data-id=\"1104\" src=\"https:\/\/biblioteka.sulejow.pl\/wpmbps\/wp-content\/uploads\/2025\/02\/3.-Dzieci-pokazuja-efekty-swojej-pracy.jpg\" alt=\"\" class=\"wp-image-1104\" srcset=\"https:\/\/biblioteka.sulejow.pl\/wpmbps\/wp-content\/uploads\/2025\/02\/3.-Dzieci-pokazuja-efekty-swojej-pracy.jpg 1024w, https:\/\/biblioteka.sulejow.pl\/wpmbps\/wp-content\/uploads\/2025\/02\/3.-Dzieci-pokazuja-efekty-swojej-pracy-300x225.jpg 300w, https:\/\/biblioteka.sulejow.pl\/wpmbps\/wp-content\/uploads\/2025\/02\/3.-Dzieci-pokazuja-efekty-swojej-pracy-768x576.jpg 768w\" sizes=\"auto, (max-width: 1024px) 100vw, 1024px\" \/><\/a><\/figure>\n\n\n\n<figure class=\"wp-block-image size-large\"><a href=\"https:\/\/biblioteka.sulejow.pl\/wpmbps\/wp-content\/uploads\/2025\/02\/4.-Dzieci-siedzac-na-podlodze-uczestnicza-w-zabawie-edukacyjnej.jpg\"><img loading=\"lazy\" decoding=\"async\" width=\"1024\" height=\"768\" data-id=\"1103\" src=\"https:\/\/biblioteka.sulejow.pl\/wpmbps\/wp-content\/uploads\/2025\/02\/4.-Dzieci-siedzac-na-podlodze-uczestnicza-w-zabawie-edukacyjnej.jpg\" alt=\"\" class=\"wp-image-1103\" srcset=\"https:\/\/biblioteka.sulejow.pl\/wpmbps\/wp-content\/uploads\/2025\/02\/4.-Dzieci-siedzac-na-podlodze-uczestnicza-w-zabawie-edukacyjnej.jpg 1024w, https:\/\/biblioteka.sulejow.pl\/wpmbps\/wp-content\/uploads\/2025\/02\/4.-Dzieci-siedzac-na-podlodze-uczestnicza-w-zabawie-edukacyjnej-300x225.jpg 300w, https:\/\/biblioteka.sulejow.pl\/wpmbps\/wp-content\/uploads\/2025\/02\/4.-Dzieci-siedzac-na-podlodze-uczestnicza-w-zabawie-edukacyjnej-768x576.jpg 768w\" sizes=\"auto, (max-width: 1024px) 100vw, 1024px\" \/><\/a><\/figure>\n\n\n\n<figure class=\"wp-block-image size-large\"><a href=\"https:\/\/biblioteka.sulejow.pl\/wpmbps\/wp-content\/uploads\/2025\/02\/5.-Rozesmiane-dzieci-uczestnicza-w-zabawie-edukacyjnej.jpg\"><img loading=\"lazy\" decoding=\"async\" width=\"1024\" height=\"768\" data-id=\"1105\" src=\"https:\/\/biblioteka.sulejow.pl\/wpmbps\/wp-content\/uploads\/2025\/02\/5.-Rozesmiane-dzieci-uczestnicza-w-zabawie-edukacyjnej.jpg\" alt=\"\" class=\"wp-image-1105\" srcset=\"https:\/\/biblioteka.sulejow.pl\/wpmbps\/wp-content\/uploads\/2025\/02\/5.-Rozesmiane-dzieci-uczestnicza-w-zabawie-edukacyjnej.jpg 1024w, https:\/\/biblioteka.sulejow.pl\/wpmbps\/wp-content\/uploads\/2025\/02\/5.-Rozesmiane-dzieci-uczestnicza-w-zabawie-edukacyjnej-300x225.jpg 300w, https:\/\/biblioteka.sulejow.pl\/wpmbps\/wp-content\/uploads\/2025\/02\/5.-Rozesmiane-dzieci-uczestnicza-w-zabawie-edukacyjnej-768x576.jpg 768w\" sizes=\"auto, (max-width: 1024px) 100vw, 1024px\" \/><\/a><\/figure>\n\n\n\n<figure class=\"wp-block-image size-large\"><a href=\"https:\/\/biblioteka.sulejow.pl\/wpmbps\/wp-content\/uploads\/2025\/02\/6.-Mlodzi-strazacy-rozmaiwaja-z-dziecmi-o-numerach-alarmowych.jpg\"><img loading=\"lazy\" decoding=\"async\" width=\"1024\" height=\"768\" data-id=\"1100\" src=\"https:\/\/biblioteka.sulejow.pl\/wpmbps\/wp-content\/uploads\/2025\/02\/6.-Mlodzi-strazacy-rozmaiwaja-z-dziecmi-o-numerach-alarmowych.jpg\" alt=\"\" class=\"wp-image-1100\" srcset=\"https:\/\/biblioteka.sulejow.pl\/wpmbps\/wp-content\/uploads\/2025\/02\/6.-Mlodzi-strazacy-rozmaiwaja-z-dziecmi-o-numerach-alarmowych.jpg 1024w, https:\/\/biblioteka.sulejow.pl\/wpmbps\/wp-content\/uploads\/2025\/02\/6.-Mlodzi-strazacy-rozmaiwaja-z-dziecmi-o-numerach-alarmowych-300x225.jpg 300w, https:\/\/biblioteka.sulejow.pl\/wpmbps\/wp-content\/uploads\/2025\/02\/6.-Mlodzi-strazacy-rozmaiwaja-z-dziecmi-o-numerach-alarmowych-768x576.jpg 768w\" sizes=\"auto, (max-width: 1024px) 100vw, 1024px\" \/><\/a><\/figure>\n\n\n\n<figure class=\"wp-block-image size-large\"><a href=\"https:\/\/biblioteka.sulejow.pl\/wpmbps\/wp-content\/uploads\/2025\/02\/7.-Mlodzi-strazacy-ucza-pozycji-bezpiecznej.jpg\"><img loading=\"lazy\" decoding=\"async\" width=\"1024\" height=\"768\" data-id=\"1098\" src=\"https:\/\/biblioteka.sulejow.pl\/wpmbps\/wp-content\/uploads\/2025\/02\/7.-Mlodzi-strazacy-ucza-pozycji-bezpiecznej.jpg\" alt=\"\" class=\"wp-image-1098\" srcset=\"https:\/\/biblioteka.sulejow.pl\/wpmbps\/wp-content\/uploads\/2025\/02\/7.-Mlodzi-strazacy-ucza-pozycji-bezpiecznej.jpg 1024w, https:\/\/biblioteka.sulejow.pl\/wpmbps\/wp-content\/uploads\/2025\/02\/7.-Mlodzi-strazacy-ucza-pozycji-bezpiecznej-300x225.jpg 300w, https:\/\/biblioteka.sulejow.pl\/wpmbps\/wp-content\/uploads\/2025\/02\/7.-Mlodzi-strazacy-ucza-pozycji-bezpiecznej-768x576.jpg 768w\" sizes=\"auto, (max-width: 1024px) 100vw, 1024px\" \/><\/a><\/figure>\n\n\n\n<figure class=\"wp-block-image size-large\"><a href=\"https:\/\/biblioteka.sulejow.pl\/wpmbps\/wp-content\/uploads\/2025\/02\/8.-Zakladanie-rekawiczek-ochronnych.jpg\"><img loading=\"lazy\" decoding=\"async\" width=\"1024\" height=\"768\" data-id=\"1096\" src=\"https:\/\/biblioteka.sulejow.pl\/wpmbps\/wp-content\/uploads\/2025\/02\/8.-Zakladanie-rekawiczek-ochronnych.jpg\" alt=\"\" class=\"wp-image-1096\" srcset=\"https:\/\/biblioteka.sulejow.pl\/wpmbps\/wp-content\/uploads\/2025\/02\/8.-Zakladanie-rekawiczek-ochronnych.jpg 1024w, https:\/\/biblioteka.sulejow.pl\/wpmbps\/wp-content\/uploads\/2025\/02\/8.-Zakladanie-rekawiczek-ochronnych-300x225.jpg 300w, https:\/\/biblioteka.sulejow.pl\/wpmbps\/wp-content\/uploads\/2025\/02\/8.-Zakladanie-rekawiczek-ochronnych-768x576.jpg 768w\" sizes=\"auto, (max-width: 1024px) 100vw, 1024px\" \/><\/a><\/figure>\n\n\n\n<figure class=\"wp-block-image size-large\"><a href=\"https:\/\/biblioteka.sulejow.pl\/wpmbps\/wp-content\/uploads\/2025\/02\/9.-Cwiczenia-z-bandazowania.jpg\"><img loading=\"lazy\" decoding=\"async\" width=\"1024\" height=\"768\" data-id=\"1101\" src=\"https:\/\/biblioteka.sulejow.pl\/wpmbps\/wp-content\/uploads\/2025\/02\/9.-Cwiczenia-z-bandazowania.jpg\" alt=\"\" class=\"wp-image-1101\" srcset=\"https:\/\/biblioteka.sulejow.pl\/wpmbps\/wp-content\/uploads\/2025\/02\/9.-Cwiczenia-z-bandazowania.jpg 1024w, https:\/\/biblioteka.sulejow.pl\/wpmbps\/wp-content\/uploads\/2025\/02\/9.-Cwiczenia-z-bandazowania-300x225.jpg 300w, https:\/\/biblioteka.sulejow.pl\/wpmbps\/wp-content\/uploads\/2025\/02\/9.-Cwiczenia-z-bandazowania-768x576.jpg 768w\" sizes=\"auto, (max-width: 1024px) 100vw, 1024px\" \/><\/a><\/figure>\n\n\n\n<figure class=\"wp-block-image size-large\"><a href=\"https:\/\/biblioteka.sulejow.pl\/wpmbps\/wp-content\/uploads\/2025\/02\/10.-Pokaz-RKO.jpg\"><img loading=\"lazy\" decoding=\"async\" width=\"1024\" height=\"768\" data-id=\"1102\" src=\"https:\/\/biblioteka.sulejow.pl\/wpmbps\/wp-content\/uploads\/2025\/02\/10.-Pokaz-RKO.jpg\" alt=\"\" class=\"wp-image-1102\" srcset=\"https:\/\/biblioteka.sulejow.pl\/wpmbps\/wp-content\/uploads\/2025\/02\/10.-Pokaz-RKO.jpg 1024w, https:\/\/biblioteka.sulejow.pl\/wpmbps\/wp-content\/uploads\/2025\/02\/10.-Pokaz-RKO-300x225.jpg 300w, https:\/\/biblioteka.sulejow.pl\/wpmbps\/wp-content\/uploads\/2025\/02\/10.-Pokaz-RKO-768x576.jpg 768w\" sizes=\"auto, (max-width: 1024px) 100vw, 1024px\" \/><\/a><\/figure>\n\n\n\n<figure class=\"wp-block-image size-large\"><a href=\"https:\/\/biblioteka.sulejow.pl\/wpmbps\/wp-content\/uploads\/2025\/02\/11.-Cwiczenia-z-fantomami.jpg\"><img loading=\"lazy\" decoding=\"async\" width=\"1024\" height=\"768\" data-id=\"1097\" src=\"https:\/\/biblioteka.sulejow.pl\/wpmbps\/wp-content\/uploads\/2025\/02\/11.-Cwiczenia-z-fantomami.jpg\" alt=\"\" class=\"wp-image-1097\" srcset=\"https:\/\/biblioteka.sulejow.pl\/wpmbps\/wp-content\/uploads\/2025\/02\/11.-Cwiczenia-z-fantomami.jpg 1024w, https:\/\/biblioteka.sulejow.pl\/wpmbps\/wp-content\/uploads\/2025\/02\/11.-Cwiczenia-z-fantomami-300x225.jpg 300w, https:\/\/biblioteka.sulejow.pl\/wpmbps\/wp-content\/uploads\/2025\/02\/11.-Cwiczenia-z-fantomami-768x576.jpg 768w\" sizes=\"auto, (max-width: 1024px) 100vw, 1024px\" \/><\/a><\/figure>\n\n\n\n<figure class=\"wp-block-image size-large\"><a href=\"https:\/\/biblioteka.sulejow.pl\/wpmbps\/wp-content\/uploads\/2025\/02\/12.-Cwiczenia-z-fantomami.jpg\"><img loading=\"lazy\" decoding=\"async\" width=\"1024\" height=\"768\" data-id=\"1099\" src=\"https:\/\/biblioteka.sulejow.pl\/wpmbps\/wp-content\/uploads\/2025\/02\/12.-Cwiczenia-z-fantomami.jpg\" alt=\"\" class=\"wp-image-1099\" srcset=\"https:\/\/biblioteka.sulejow.pl\/wpmbps\/wp-content\/uploads\/2025\/02\/12.-Cwiczenia-z-fantomami.jpg 1024w, https:\/\/biblioteka.sulejow.pl\/wpmbps\/wp-content\/uploads\/2025\/02\/12.-Cwiczenia-z-fantomami-300x225.jpg 300w, https:\/\/biblioteka.sulejow.pl\/wpmbps\/wp-content\/uploads\/2025\/02\/12.-Cwiczenia-z-fantomami-768x576.jpg 768w\" sizes=\"auto, (max-width: 1024px) 100vw, 1024px\" \/><\/a><\/figure>\n<\/figure>\n","protected":false},"excerpt":{"rendered":"<p>\u201eFerie z Bibliotek\u0105\u201d w Miejskiej Bibliotece Publicznej rozpocz\u0119li\u015bmy od warsztat\u00f3w z pierwszej pomocy. Pierwsza pomoc to umiej\u0119tno\u015b\u0107, kt\u00f3ra mo\u017ce uratowa\u0107 \u017cycie! Nawet najm\u0142odsi mog\u0105 pom\u00f3c, je\u015bli wiedz\u0105, jak si\u0119 zachowa\u0107 w sytuacji zagro\u017cenia. Dzi\u0119ki takim warsztatom dzieci ucz\u0105 si\u0119 odwagi, odpowiedzialno\u015bci i szybkiego dzia\u0142ania w nag\u0142ych przypadkach. Ka\u017cdy mo\u017ce by\u0107 bohaterem \u2013 wystarczy wiedzie\u0107, jak [&hellip;]<\/p>\n","protected":false},"author":1,"featured_media":0,"comment_status":"closed","ping_status":"closed","sticky":false,"template":"","format":"standard","meta":{"zakra_page_container_layout":"customizer","zakra_page_sidebar_layout":"customizer","zakra_remove_content_margin":false,"zakra_sidebar":"customizer","zakra_transparent_header":"customizer","zakra_logo":0,"zakra_main_header_style":"default","zakra_menu_item_color":"","zakra_menu_item_hover_color":"","zakra_menu_item_active_color":"","zakra_menu_active_style":"","zakra_page_header":true,"footnotes":"","_links_to":"","_links_to_target":""},"categories":[6],"tags":[],"class_list":["post-1093","post","type-post","status-publish","format-standard","hentry","category-aktualnosci-2025"],"_links":{"self":[{"href":"https:\/\/biblioteka.sulejow.pl\/index.php?rest_route=\/wp\/v2\/posts\/1093","targetHints":{"allow":["GET"]}}],"collection":[{"href":"https:\/\/biblioteka.sulejow.pl\/index.php?rest_route=\/wp\/v2\/posts"}],"about":[{"href":"https:\/\/biblioteka.sulejow.pl\/index.php?rest_route=\/wp\/v2\/types\/post"}],"author":[{"embeddable":true,"href":"https:\/\/biblioteka.sulejow.pl\/index.php?rest_route=\/wp\/v2\/users\/1"}],"replies":[{"embeddable":true,"href":"https:\/\/biblioteka.sulejow.pl\/index.php?rest_route=%2Fwp%2Fv2%2Fcomments&post=1093"}],"version-history":[{"count":1,"href":"https:\/\/biblioteka.sulejow.pl\/index.php?rest_route=\/wp\/v2\/posts\/1093\/revisions"}],"predecessor-version":[{"id":1106,"href":"https:\/\/biblioteka.sulejow.pl\/index.php?rest_route=\/wp\/v2\/posts\/1093\/revisions\/1106"}],"wp:attachment":[{"href":"https:\/\/biblioteka.sulejow.pl\/index.php?rest_route=%2Fwp%2Fv2%2Fmedia&parent=1093"}],"wp:term":[{"taxonomy":"category","embeddable":true,"href":"https:\/\/biblioteka.sulejow.pl\/index.php?rest_route=%2Fwp%2Fv2%2Fcategories&post=1093"},{"taxonomy":"post_tag","embeddable":true,"href":"https:\/\/biblioteka.sulejow.pl\/index.php?rest_route=%2Fwp%2Fv2%2Ftags&post=1093"}],"curies":[{"name":"wp","href":"https:\/\/api.w.org\/{rel}","templated":true}]}}