{"id":1108,"date":"2025-02-25T18:12:39","date_gmt":"2025-02-25T18:12:39","guid":{"rendered":"https:\/\/biblioteka.sulejow.pl\/?p=1108"},"modified":"2025-02-25T18:12:39","modified_gmt":"2025-02-25T18:12:39","slug":"ferie-w-bibliotece","status":"publish","type":"post","link":"https:\/\/biblioteka.sulejow.pl\/?p=1108","title":{"rendered":"\u201eFerie w bibliotece\u201d"},"content":{"rendered":"\n<p>24 lutego, w Miejskiej Bibliotece Publicznej w Sulejowie, odby\u0142y si\u0119 kolejne zaj\u0119cia w ramach ferii zimowych! Go\u015bcili\u015bmy przedstawicieli Europe Direct Piotrk\u00f3w Trybunalski , kt\u00f3rzy przybli\u017cyli dzieciom kraje Unii Europejskiej.<\/p>\n\n\n\n<p>Uczestnicy poznali ciekawostki o r\u00f3\u017cnych pa\u0144stwach, ich kulturze i tradycjach Jedn\u0105 z g\u0142\u00f3wnych atrakcji by\u0142o budowanie domku z tektury &#8211; dzieci wsp\u00f3lnie tworzy\u0142y i dekorowa\u0142y konstrukcj\u0119, inspirowan\u0105 europejsk\u0105 architektur\u0105!\u00a0 Praca zespo\u0142owa sprawi\u0142a im mn\u00f3stwo rado\u015bci, a efekt ko\u0144cowy zachwyci\u0142 wszystkich!<br><br>Nie zabrak\u0142o tak\u017ce zagadek i ciekawostek o Europie \u2013 uczestnicy odkrywali najs\u0142ynniejsze zabytki, smaki europejskich kuchni oraz niezwyk\u0142e tradycje r\u00f3\u017cnych kraj\u00f3w!\u00a0 Dzieci ch\u0119tnie dzieli\u0142y si\u0119 swoimi wspomnieniami o podr\u00f3\u017cach i marzeniami o miejscach, kt\u00f3re chcia\u0142yby odwiedzi\u0107.<\/p>\n\n\n\n<figure class=\"wp-block-gallery has-nested-images columns-default is-cropped wp-block-gallery-1 is-layout-flex wp-block-gallery-is-layout-flex\">\n<figure class=\"wp-block-image size-large\"><a href=\"https:\/\/biblioteka.sulejow.pl\/wpmbps\/wp-content\/uploads\/2025\/02\/7.-Ferie-w-bibliotece.jpg\"><img loading=\"lazy\" decoding=\"async\" width=\"1024\" height=\"768\" data-id=\"1109\" src=\"https:\/\/biblioteka.sulejow.pl\/wpmbps\/wp-content\/uploads\/2025\/02\/7.-Ferie-w-bibliotece.jpg\" alt=\"\" class=\"wp-image-1109\" srcset=\"https:\/\/biblioteka.sulejow.pl\/wpmbps\/wp-content\/uploads\/2025\/02\/7.-Ferie-w-bibliotece.jpg 1024w, https:\/\/biblioteka.sulejow.pl\/wpmbps\/wp-content\/uploads\/2025\/02\/7.-Ferie-w-bibliotece-300x225.jpg 300w, https:\/\/biblioteka.sulejow.pl\/wpmbps\/wp-content\/uploads\/2025\/02\/7.-Ferie-w-bibliotece-768x576.jpg 768w\" sizes=\"auto, (max-width: 1024px) 100vw, 1024px\" \/><\/a><\/figure>\n\n\n\n<figure class=\"wp-block-image size-large\"><a href=\"https:\/\/biblioteka.sulejow.pl\/wpmbps\/wp-content\/uploads\/2025\/02\/8.-Ferie-w-bibliotece.jpg\"><img loading=\"lazy\" decoding=\"async\" width=\"1024\" height=\"768\" data-id=\"1113\" src=\"https:\/\/biblioteka.sulejow.pl\/wpmbps\/wp-content\/uploads\/2025\/02\/8.-Ferie-w-bibliotece.jpg\" alt=\"\" class=\"wp-image-1113\" srcset=\"https:\/\/biblioteka.sulejow.pl\/wpmbps\/wp-content\/uploads\/2025\/02\/8.-Ferie-w-bibliotece.jpg 1024w, https:\/\/biblioteka.sulejow.pl\/wpmbps\/wp-content\/uploads\/2025\/02\/8.-Ferie-w-bibliotece-300x225.jpg 300w, https:\/\/biblioteka.sulejow.pl\/wpmbps\/wp-content\/uploads\/2025\/02\/8.-Ferie-w-bibliotece-768x576.jpg 768w\" sizes=\"auto, (max-width: 1024px) 100vw, 1024px\" \/><\/a><\/figure>\n\n\n\n<figure class=\"wp-block-image size-large\"><a href=\"https:\/\/biblioteka.sulejow.pl\/wpmbps\/wp-content\/uploads\/2025\/02\/9.-Ferie-w-bibliotece.jpg\"><img loading=\"lazy\" decoding=\"async\" width=\"1024\" height=\"768\" data-id=\"1110\" src=\"https:\/\/biblioteka.sulejow.pl\/wpmbps\/wp-content\/uploads\/2025\/02\/9.-Ferie-w-bibliotece.jpg\" alt=\"\" class=\"wp-image-1110\" srcset=\"https:\/\/biblioteka.sulejow.pl\/wpmbps\/wp-content\/uploads\/2025\/02\/9.-Ferie-w-bibliotece.jpg 1024w, https:\/\/biblioteka.sulejow.pl\/wpmbps\/wp-content\/uploads\/2025\/02\/9.-Ferie-w-bibliotece-300x225.jpg 300w, https:\/\/biblioteka.sulejow.pl\/wpmbps\/wp-content\/uploads\/2025\/02\/9.-Ferie-w-bibliotece-768x576.jpg 768w\" sizes=\"auto, (max-width: 1024px) 100vw, 1024px\" \/><\/a><\/figure>\n\n\n\n<figure class=\"wp-block-image size-large\"><a href=\"https:\/\/biblioteka.sulejow.pl\/wpmbps\/wp-content\/uploads\/2025\/02\/1.-Ferie-w-bibliotece.jpg\"><img loading=\"lazy\" decoding=\"async\" width=\"1024\" height=\"768\" data-id=\"1114\" src=\"https:\/\/biblioteka.sulejow.pl\/wpmbps\/wp-content\/uploads\/2025\/02\/1.-Ferie-w-bibliotece.jpg\" alt=\"\" class=\"wp-image-1114\" srcset=\"https:\/\/biblioteka.sulejow.pl\/wpmbps\/wp-content\/uploads\/2025\/02\/1.-Ferie-w-bibliotece.jpg 1024w, https:\/\/biblioteka.sulejow.pl\/wpmbps\/wp-content\/uploads\/2025\/02\/1.-Ferie-w-bibliotece-300x225.jpg 300w, https:\/\/biblioteka.sulejow.pl\/wpmbps\/wp-content\/uploads\/2025\/02\/1.-Ferie-w-bibliotece-768x576.jpg 768w\" sizes=\"auto, (max-width: 1024px) 100vw, 1024px\" \/><\/a><\/figure>\n\n\n\n<figure class=\"wp-block-image size-large\"><a href=\"https:\/\/biblioteka.sulejow.pl\/wpmbps\/wp-content\/uploads\/2025\/02\/2.-Ferie-w-bibliotece.jpg\"><img loading=\"lazy\" decoding=\"async\" width=\"768\" height=\"918\" data-id=\"1117\" src=\"https:\/\/biblioteka.sulejow.pl\/wpmbps\/wp-content\/uploads\/2025\/02\/2.-Ferie-w-bibliotece.jpg\" alt=\"\" class=\"wp-image-1117\" srcset=\"https:\/\/biblioteka.sulejow.pl\/wpmbps\/wp-content\/uploads\/2025\/02\/2.-Ferie-w-bibliotece.jpg 768w, https:\/\/biblioteka.sulejow.pl\/wpmbps\/wp-content\/uploads\/2025\/02\/2.-Ferie-w-bibliotece-251x300.jpg 251w\" sizes=\"auto, (max-width: 768px) 100vw, 768px\" \/><\/a><\/figure>\n\n\n\n<figure class=\"wp-block-image size-large\"><a href=\"https:\/\/biblioteka.sulejow.pl\/wpmbps\/wp-content\/uploads\/2025\/02\/3.-Ferie-w-bibliotece.jpg\"><img loading=\"lazy\" decoding=\"async\" width=\"1024\" height=\"768\" data-id=\"1115\" src=\"https:\/\/biblioteka.sulejow.pl\/wpmbps\/wp-content\/uploads\/2025\/02\/3.-Ferie-w-bibliotece.jpg\" alt=\"\" class=\"wp-image-1115\" srcset=\"https:\/\/biblioteka.sulejow.pl\/wpmbps\/wp-content\/uploads\/2025\/02\/3.-Ferie-w-bibliotece.jpg 1024w, https:\/\/biblioteka.sulejow.pl\/wpmbps\/wp-content\/uploads\/2025\/02\/3.-Ferie-w-bibliotece-300x225.jpg 300w, https:\/\/biblioteka.sulejow.pl\/wpmbps\/wp-content\/uploads\/2025\/02\/3.-Ferie-w-bibliotece-768x576.jpg 768w\" sizes=\"auto, (max-width: 1024px) 100vw, 1024px\" \/><\/a><\/figure>\n\n\n\n<figure class=\"wp-block-image size-large\"><img loading=\"lazy\" decoding=\"async\" width=\"1024\" height=\"768\" data-id=\"1111\" src=\"https:\/\/biblioteka.sulejow.pl\/wpmbps\/wp-content\/uploads\/2025\/02\/4.-Ferie-w-bibliotece.jpg\" alt=\"\" class=\"wp-image-1111\" srcset=\"https:\/\/biblioteka.sulejow.pl\/wpmbps\/wp-content\/uploads\/2025\/02\/4.-Ferie-w-bibliotece.jpg 1024w, https:\/\/biblioteka.sulejow.pl\/wpmbps\/wp-content\/uploads\/2025\/02\/4.-Ferie-w-bibliotece-300x225.jpg 300w, https:\/\/biblioteka.sulejow.pl\/wpmbps\/wp-content\/uploads\/2025\/02\/4.-Ferie-w-bibliotece-768x576.jpg 768w\" sizes=\"auto, (max-width: 1024px) 100vw, 1024px\" \/><\/figure>\n\n\n\n<figure class=\"wp-block-image size-large\"><img loading=\"lazy\" decoding=\"async\" width=\"1024\" height=\"768\" data-id=\"1112\" src=\"https:\/\/biblioteka.sulejow.pl\/wpmbps\/wp-content\/uploads\/2025\/02\/5.-Ferie-w-bibliotece.jpg\" alt=\"\" class=\"wp-image-1112\" srcset=\"https:\/\/biblioteka.sulejow.pl\/wpmbps\/wp-content\/uploads\/2025\/02\/5.-Ferie-w-bibliotece.jpg 1024w, https:\/\/biblioteka.sulejow.pl\/wpmbps\/wp-content\/uploads\/2025\/02\/5.-Ferie-w-bibliotece-300x225.jpg 300w, https:\/\/biblioteka.sulejow.pl\/wpmbps\/wp-content\/uploads\/2025\/02\/5.-Ferie-w-bibliotece-768x576.jpg 768w\" sizes=\"auto, (max-width: 1024px) 100vw, 1024px\" \/><\/figure>\n\n\n\n<figure class=\"wp-block-image size-large\"><img loading=\"lazy\" decoding=\"async\" width=\"1024\" height=\"768\" data-id=\"1116\" src=\"https:\/\/biblioteka.sulejow.pl\/wpmbps\/wp-content\/uploads\/2025\/02\/6.-Ferie-w-bibliotece.jpg\" alt=\"\" class=\"wp-image-1116\" srcset=\"https:\/\/biblioteka.sulejow.pl\/wpmbps\/wp-content\/uploads\/2025\/02\/6.-Ferie-w-bibliotece.jpg 1024w, https:\/\/biblioteka.sulejow.pl\/wpmbps\/wp-content\/uploads\/2025\/02\/6.-Ferie-w-bibliotece-300x225.jpg 300w, https:\/\/biblioteka.sulejow.pl\/wpmbps\/wp-content\/uploads\/2025\/02\/6.-Ferie-w-bibliotece-768x576.jpg 768w\" sizes=\"auto, (max-width: 1024px) 100vw, 1024px\" \/><\/figure>\n\n\n\n<figure class=\"wp-block-image size-large\"><img loading=\"lazy\" decoding=\"async\" width=\"1024\" height=\"729\" data-id=\"1118\" src=\"https:\/\/biblioteka.sulejow.pl\/wpmbps\/wp-content\/uploads\/2025\/02\/10.-Ferie-w-bibliotece.jpg\" alt=\"\" class=\"wp-image-1118\" srcset=\"https:\/\/biblioteka.sulejow.pl\/wpmbps\/wp-content\/uploads\/2025\/02\/10.-Ferie-w-bibliotece.jpg 1024w, https:\/\/biblioteka.sulejow.pl\/wpmbps\/wp-content\/uploads\/2025\/02\/10.-Ferie-w-bibliotece-300x214.jpg 300w, https:\/\/biblioteka.sulejow.pl\/wpmbps\/wp-content\/uploads\/2025\/02\/10.-Ferie-w-bibliotece-768x547.jpg 768w\" sizes=\"auto, (max-width: 1024px) 100vw, 1024px\" \/><\/figure>\n<\/figure>\n","protected":false},"excerpt":{"rendered":"<p>24 lutego, w Miejskiej Bibliotece Publicznej w Sulejowie, odby\u0142y si\u0119 kolejne zaj\u0119cia w ramach ferii zimowych! Go\u015bcili\u015bmy przedstawicieli Europe Direct Piotrk\u00f3w Trybunalski , kt\u00f3rzy przybli\u017cyli dzieciom kraje Unii Europejskiej. Uczestnicy poznali ciekawostki o r\u00f3\u017cnych pa\u0144stwach, ich kulturze i tradycjach Jedn\u0105 z g\u0142\u00f3wnych atrakcji by\u0142o budowanie domku z tektury &#8211; dzieci wsp\u00f3lnie tworzy\u0142y i dekorowa\u0142y konstrukcj\u0119, [&hellip;]<\/p>\n","protected":false},"author":1,"featured_media":0,"comment_status":"closed","ping_status":"","sticky":false,"template":"","format":"standard","meta":{"zakra_page_container_layout":"customizer","zakra_page_sidebar_layout":"customizer","zakra_remove_content_margin":false,"zakra_sidebar":"customizer","zakra_transparent_header":"customizer","zakra_logo":0,"zakra_main_header_style":"default","zakra_menu_item_color":"","zakra_menu_item_hover_color":"","zakra_menu_item_active_color":"","zakra_menu_active_style":"","zakra_page_header":true,"footnotes":"","_links_to":"","_links_to_target":""},"categories":[6],"tags":[],"class_list":["post-1108","post","type-post","status-publish","format-standard","hentry","category-aktualnosci-2025"],"_links":{"self":[{"href":"https:\/\/biblioteka.sulejow.pl\/index.php?rest_route=\/wp\/v2\/posts\/1108","targetHints":{"allow":["GET"]}}],"collection":[{"href":"https:\/\/biblioteka.sulejow.pl\/index.php?rest_route=\/wp\/v2\/posts"}],"about":[{"href":"https:\/\/biblioteka.sulejow.pl\/index.php?rest_route=\/wp\/v2\/types\/post"}],"author":[{"embeddable":true,"href":"https:\/\/biblioteka.sulejow.pl\/index.php?rest_route=\/wp\/v2\/users\/1"}],"replies":[{"embeddable":true,"href":"https:\/\/biblioteka.sulejow.pl\/index.php?rest_route=%2Fwp%2Fv2%2Fcomments&post=1108"}],"version-history":[{"count":1,"href":"https:\/\/biblioteka.sulejow.pl\/index.php?rest_route=\/wp\/v2\/posts\/1108\/revisions"}],"predecessor-version":[{"id":1119,"href":"https:\/\/biblioteka.sulejow.pl\/index.php?rest_route=\/wp\/v2\/posts\/1108\/revisions\/1119"}],"wp:attachment":[{"href":"https:\/\/biblioteka.sulejow.pl\/index.php?rest_route=%2Fwp%2Fv2%2Fmedia&parent=1108"}],"wp:term":[{"taxonomy":"category","embeddable":true,"href":"https:\/\/biblioteka.sulejow.pl\/index.php?rest_route=%2Fwp%2Fv2%2Fcategories&post=1108"},{"taxonomy":"post_tag","embeddable":true,"href":"https:\/\/biblioteka.sulejow.pl\/index.php?rest_route=%2Fwp%2Fv2%2Ftags&post=1108"}],"curies":[{"name":"wp","href":"https:\/\/api.w.org\/{rel}","templated":true}]}}