{"id":1402,"date":"2025-05-22T16:00:13","date_gmt":"2025-05-22T16:00:13","guid":{"rendered":"https:\/\/biblioteka.sulejow.pl\/?p=1402"},"modified":"2025-05-22T16:00:13","modified_gmt":"2025-05-22T16:00:13","slug":"nagroda-bibliotekarza","status":"publish","type":"post","link":"https:\/\/biblioteka.sulejow.pl\/?p=1402","title":{"rendered":"\u201eNagroda Bibliotekarza&#8221;"},"content":{"rendered":"\n<p>Tydzie\u0144 Bibliotek to og\u00f3lnopolska akcja promowania czytelnictwa, bibliotek i bibliotekarzy, kt\u00f3rej towarzyszy szereg wydarze\u0144, m.in. spotka\u0144 autorskich, konkurs\u00f3w, kiermaszy ksi\u0105\u017cek, wycieczek do biblioteki.<\/p>\n\n\n\n<p>Z okazji Dnia Bibliotekarza i Bibliotek przypadaj\u0105cego 8 maja i tradycyjnie rozpoczynaj\u0105cego obchody Tygodnia Bibliotek, pracownik Filii Bibliotecznej w Przyg\u0142owie przyzna\u0142 \u201eNagrody Bibliotekarza\u201d. Wyr\u00f3\u017cni\u0142 najm\u0142odszych czytelnik\u00f3w ksi\u0105\u017cnicy. Za osi\u0105gni\u0119cia czytelnicze i aktywno\u015b\u0107 biblioteczn\u0105 nagrodzono 24 dzieci, kt\u00f3re otrzyma\u0142y nagrody ksi\u0105\u017ckowe. Gratulacje!<\/p>\n\n\n\n<figure class=\"wp-block-gallery has-nested-images columns-default is-cropped wp-block-gallery-1 is-layout-flex wp-block-gallery-is-layout-flex\">\n<figure class=\"wp-block-image size-large\"><a href=\"https:\/\/biblioteka.sulejow.pl\/wpmbps\/wp-content\/uploads\/2025\/05\/1a.-Laureatka-Nagrody-Bibliotekarza.jpg\"><img loading=\"lazy\" decoding=\"async\" width=\"1024\" height=\"768\" data-id=\"1403\" src=\"https:\/\/biblioteka.sulejow.pl\/wpmbps\/wp-content\/uploads\/2025\/05\/1a.-Laureatka-Nagrody-Bibliotekarza.jpg\" alt=\"\" class=\"wp-image-1403\" srcset=\"https:\/\/biblioteka.sulejow.pl\/wpmbps\/wp-content\/uploads\/2025\/05\/1a.-Laureatka-Nagrody-Bibliotekarza.jpg 1024w, https:\/\/biblioteka.sulejow.pl\/wpmbps\/wp-content\/uploads\/2025\/05\/1a.-Laureatka-Nagrody-Bibliotekarza-300x225.jpg 300w, https:\/\/biblioteka.sulejow.pl\/wpmbps\/wp-content\/uploads\/2025\/05\/1a.-Laureatka-Nagrody-Bibliotekarza-768x576.jpg 768w\" sizes=\"auto, (max-width: 1024px) 100vw, 1024px\" \/><\/a><\/figure>\n\n\n\n<figure class=\"wp-block-image size-large\"><a href=\"https:\/\/biblioteka.sulejow.pl\/wpmbps\/wp-content\/uploads\/2025\/05\/2a.-Laureat-Nagrody-Bibliotekarza.jpg\"><img loading=\"lazy\" decoding=\"async\" width=\"1024\" height=\"768\" data-id=\"1404\" src=\"https:\/\/biblioteka.sulejow.pl\/wpmbps\/wp-content\/uploads\/2025\/05\/2a.-Laureat-Nagrody-Bibliotekarza.jpg\" alt=\"\" class=\"wp-image-1404\" srcset=\"https:\/\/biblioteka.sulejow.pl\/wpmbps\/wp-content\/uploads\/2025\/05\/2a.-Laureat-Nagrody-Bibliotekarza.jpg 1024w, https:\/\/biblioteka.sulejow.pl\/wpmbps\/wp-content\/uploads\/2025\/05\/2a.-Laureat-Nagrody-Bibliotekarza-300x225.jpg 300w, https:\/\/biblioteka.sulejow.pl\/wpmbps\/wp-content\/uploads\/2025\/05\/2a.-Laureat-Nagrody-Bibliotekarza-768x576.jpg 768w\" sizes=\"auto, (max-width: 1024px) 100vw, 1024px\" \/><\/a><\/figure>\n\n\n\n<figure class=\"wp-block-image size-large\"><a href=\"https:\/\/biblioteka.sulejow.pl\/wpmbps\/wp-content\/uploads\/2025\/05\/4a.-Laureat-Nagrody-Bibliotekarza.jpg\"><img loading=\"lazy\" decoding=\"async\" width=\"1024\" height=\"768\" data-id=\"1405\" src=\"https:\/\/biblioteka.sulejow.pl\/wpmbps\/wp-content\/uploads\/2025\/05\/4a.-Laureat-Nagrody-Bibliotekarza.jpg\" alt=\"\" class=\"wp-image-1405\" srcset=\"https:\/\/biblioteka.sulejow.pl\/wpmbps\/wp-content\/uploads\/2025\/05\/4a.-Laureat-Nagrody-Bibliotekarza.jpg 1024w, https:\/\/biblioteka.sulejow.pl\/wpmbps\/wp-content\/uploads\/2025\/05\/4a.-Laureat-Nagrody-Bibliotekarza-300x225.jpg 300w, https:\/\/biblioteka.sulejow.pl\/wpmbps\/wp-content\/uploads\/2025\/05\/4a.-Laureat-Nagrody-Bibliotekarza-768x576.jpg 768w\" sizes=\"auto, (max-width: 1024px) 100vw, 1024px\" \/><\/a><\/figure>\n\n\n\n<figure class=\"wp-block-image size-large\"><a href=\"https:\/\/biblioteka.sulejow.pl\/wpmbps\/wp-content\/uploads\/2025\/05\/5a.-Laureat-Nagrody-Bibliotekarza.jpg\"><img loading=\"lazy\" decoding=\"async\" width=\"1024\" height=\"768\" data-id=\"1407\" src=\"https:\/\/biblioteka.sulejow.pl\/wpmbps\/wp-content\/uploads\/2025\/05\/5a.-Laureat-Nagrody-Bibliotekarza.jpg\" alt=\"\" class=\"wp-image-1407\" srcset=\"https:\/\/biblioteka.sulejow.pl\/wpmbps\/wp-content\/uploads\/2025\/05\/5a.-Laureat-Nagrody-Bibliotekarza.jpg 1024w, https:\/\/biblioteka.sulejow.pl\/wpmbps\/wp-content\/uploads\/2025\/05\/5a.-Laureat-Nagrody-Bibliotekarza-300x225.jpg 300w, https:\/\/biblioteka.sulejow.pl\/wpmbps\/wp-content\/uploads\/2025\/05\/5a.-Laureat-Nagrody-Bibliotekarza-768x576.jpg 768w\" sizes=\"auto, (max-width: 1024px) 100vw, 1024px\" \/><\/a><\/figure>\n\n\n\n<figure class=\"wp-block-image size-large\"><a href=\"https:\/\/biblioteka.sulejow.pl\/wpmbps\/wp-content\/uploads\/2025\/05\/6a.-Laureatka-Nagrody-Bibliotekarza.jpg\"><img loading=\"lazy\" decoding=\"async\" width=\"1024\" height=\"768\" data-id=\"1406\" src=\"https:\/\/biblioteka.sulejow.pl\/wpmbps\/wp-content\/uploads\/2025\/05\/6a.-Laureatka-Nagrody-Bibliotekarza.jpg\" alt=\"\" class=\"wp-image-1406\" srcset=\"https:\/\/biblioteka.sulejow.pl\/wpmbps\/wp-content\/uploads\/2025\/05\/6a.-Laureatka-Nagrody-Bibliotekarza.jpg 1024w, https:\/\/biblioteka.sulejow.pl\/wpmbps\/wp-content\/uploads\/2025\/05\/6a.-Laureatka-Nagrody-Bibliotekarza-300x225.jpg 300w, https:\/\/biblioteka.sulejow.pl\/wpmbps\/wp-content\/uploads\/2025\/05\/6a.-Laureatka-Nagrody-Bibliotekarza-768x576.jpg 768w\" sizes=\"auto, (max-width: 1024px) 100vw, 1024px\" \/><\/a><\/figure>\n\n\n\n<figure class=\"wp-block-image size-large\"><a href=\"https:\/\/biblioteka.sulejow.pl\/wpmbps\/wp-content\/uploads\/2025\/05\/8a.-Laureaci-Nagrody-Bibliotekarza.jpg\"><img loading=\"lazy\" decoding=\"async\" width=\"1024\" height=\"768\" data-id=\"1408\" src=\"https:\/\/biblioteka.sulejow.pl\/wpmbps\/wp-content\/uploads\/2025\/05\/8a.-Laureaci-Nagrody-Bibliotekarza.jpg\" alt=\"\" class=\"wp-image-1408\" srcset=\"https:\/\/biblioteka.sulejow.pl\/wpmbps\/wp-content\/uploads\/2025\/05\/8a.-Laureaci-Nagrody-Bibliotekarza.jpg 1024w, https:\/\/biblioteka.sulejow.pl\/wpmbps\/wp-content\/uploads\/2025\/05\/8a.-Laureaci-Nagrody-Bibliotekarza-300x225.jpg 300w, https:\/\/biblioteka.sulejow.pl\/wpmbps\/wp-content\/uploads\/2025\/05\/8a.-Laureaci-Nagrody-Bibliotekarza-768x576.jpg 768w\" sizes=\"auto, (max-width: 1024px) 100vw, 1024px\" \/><\/a><\/figure>\n<\/figure>\n","protected":false},"excerpt":{"rendered":"<p>Tydzie\u0144 Bibliotek to og\u00f3lnopolska akcja promowania czytelnictwa, bibliotek i bibliotekarzy, kt\u00f3rej towarzyszy szereg wydarze\u0144, m.in. spotka\u0144 autorskich, konkurs\u00f3w, kiermaszy ksi\u0105\u017cek, wycieczek do biblioteki. Z okazji Dnia Bibliotekarza i Bibliotek przypadaj\u0105cego 8 maja i tradycyjnie rozpoczynaj\u0105cego obchody Tygodnia Bibliotek, pracownik Filii Bibliotecznej w Przyg\u0142owie przyzna\u0142 \u201eNagrody Bibliotekarza\u201d. Wyr\u00f3\u017cni\u0142 najm\u0142odszych czytelnik\u00f3w ksi\u0105\u017cnicy. Za osi\u0105gni\u0119cia czytelnicze i aktywno\u015b\u0107 [&hellip;]<\/p>\n","protected":false},"author":1,"featured_media":0,"comment_status":"closed","ping_status":"","sticky":false,"template":"","format":"standard","meta":{"zakra_page_container_layout":"customizer","zakra_page_sidebar_layout":"customizer","zakra_remove_content_margin":false,"zakra_sidebar":"customizer","zakra_transparent_header":"customizer","zakra_logo":0,"zakra_main_header_style":"default","zakra_menu_item_color":"","zakra_menu_item_hover_color":"","zakra_menu_item_active_color":"","zakra_menu_active_style":"","zakra_page_header":true,"footnotes":"","_links_to":"","_links_to_target":""},"categories":[6],"tags":[],"class_list":["post-1402","post","type-post","status-publish","format-standard","hentry","category-aktualnosci-2025"],"_links":{"self":[{"href":"https:\/\/biblioteka.sulejow.pl\/index.php?rest_route=\/wp\/v2\/posts\/1402","targetHints":{"allow":["GET"]}}],"collection":[{"href":"https:\/\/biblioteka.sulejow.pl\/index.php?rest_route=\/wp\/v2\/posts"}],"about":[{"href":"https:\/\/biblioteka.sulejow.pl\/index.php?rest_route=\/wp\/v2\/types\/post"}],"author":[{"embeddable":true,"href":"https:\/\/biblioteka.sulejow.pl\/index.php?rest_route=\/wp\/v2\/users\/1"}],"replies":[{"embeddable":true,"href":"https:\/\/biblioteka.sulejow.pl\/index.php?rest_route=%2Fwp%2Fv2%2Fcomments&post=1402"}],"version-history":[{"count":1,"href":"https:\/\/biblioteka.sulejow.pl\/index.php?rest_route=\/wp\/v2\/posts\/1402\/revisions"}],"predecessor-version":[{"id":1409,"href":"https:\/\/biblioteka.sulejow.pl\/index.php?rest_route=\/wp\/v2\/posts\/1402\/revisions\/1409"}],"wp:attachment":[{"href":"https:\/\/biblioteka.sulejow.pl\/index.php?rest_route=%2Fwp%2Fv2%2Fmedia&parent=1402"}],"wp:term":[{"taxonomy":"category","embeddable":true,"href":"https:\/\/biblioteka.sulejow.pl\/index.php?rest_route=%2Fwp%2Fv2%2Fcategories&post=1402"},{"taxonomy":"post_tag","embeddable":true,"href":"https:\/\/biblioteka.sulejow.pl\/index.php?rest_route=%2Fwp%2Fv2%2Ftags&post=1402"}],"curies":[{"name":"wp","href":"https:\/\/api.w.org\/{rel}","templated":true}]}}