{"id":1414,"date":"2025-06-04T19:15:25","date_gmt":"2025-06-04T19:15:25","guid":{"rendered":"https:\/\/biblioteka.sulejow.pl\/?p=1414"},"modified":"2025-06-04T19:15:25","modified_gmt":"2025-06-04T19:15:25","slug":"ogolnopolski-tydzien-czytania-dzieciom-spotkania-z-najmlodszymi-w-sulejowie","status":"publish","type":"post","link":"https:\/\/biblioteka.sulejow.pl\/?p=1414","title":{"rendered":"Og\u00f3lnopolski Tydzie\u0144 Czytania Dzieciom \u2013 spotkania z najm\u0142odszymi w Sulejowie"},"content":{"rendered":"\n<p>W dniach 3 i 4 czerwca 2025 r. w ramach Og\u00f3lnopolskiego Tygodnia Czytania Dzieciom jedna z naszych pracownic bibliotekarek odwiedzi\u0142a Przedszkole Samorz\u0105dowe w Sulejowie. Spotkania odby\u0142y si\u0119 z dzie\u0107mi z grup &#8222;Biedronki&#8221; i &#8222;Je\u017cyki&#8221;.<\/p>\n\n\n\n<p>W trakcie wizyty czytane by\u0142y ksi\u0105\u017cki dostosowane do wieku i zainteresowa\u0144 przedszkolak\u00f3w. Dzieci z entuzjazmem bra\u0142y udzia\u0142 w zabawach ruchowych oraz rozwi\u0105zywa\u0142y zagadki o owadach. Du\u017c\u0105 rado\u015b\u0107 sprawi\u0142o im tak\u017ce odkrywanie ukrytych owad\u00f3w w kolorowych s\u0142oiczkach.<\/p>\n\n\n\n<p>Na zako\u0144czenie spotkania dzieci wykona\u0142y prace plastyczne \u2013 barwne, wyklejane motylki.<\/p>\n\n\n\n<p>Dzi\u0119kujemy przedszkolakom i wychowawczyniom za ciep\u0142e przyj\u0119cie i wsp\u00f3lnie sp\u0119dzony czas z ksi\u0105\u017ck\u0105!<\/p>\n\n\n\n<figure class=\"wp-block-gallery has-nested-images columns-default is-cropped wp-block-gallery-1 is-layout-flex wp-block-gallery-is-layout-flex\">\n<figure class=\"wp-block-image size-large\"><a href=\"https:\/\/biblioteka.sulejow.pl\/wpmbps\/wp-content\/uploads\/2025\/06\/1.-Bibliotekarz-czyta-dzieciom.jpg\"><img loading=\"lazy\" decoding=\"async\" width=\"768\" height=\"1024\" data-id=\"1416\" src=\"https:\/\/biblioteka.sulejow.pl\/wpmbps\/wp-content\/uploads\/2025\/06\/1.-Bibliotekarz-czyta-dzieciom.jpg\" alt=\"\" class=\"wp-image-1416\" srcset=\"https:\/\/biblioteka.sulejow.pl\/wpmbps\/wp-content\/uploads\/2025\/06\/1.-Bibliotekarz-czyta-dzieciom.jpg 768w, https:\/\/biblioteka.sulejow.pl\/wpmbps\/wp-content\/uploads\/2025\/06\/1.-Bibliotekarz-czyta-dzieciom-225x300.jpg 225w\" sizes=\"auto, (max-width: 768px) 100vw, 768px\" \/><\/a><\/figure>\n\n\n\n<figure class=\"wp-block-image size-large\"><a href=\"https:\/\/biblioteka.sulejow.pl\/wpmbps\/wp-content\/uploads\/2025\/06\/2.-Dzieci-ogladaja-robaczki.jpg\"><img loading=\"lazy\" decoding=\"async\" width=\"1024\" height=\"768\" data-id=\"1419\" src=\"https:\/\/biblioteka.sulejow.pl\/wpmbps\/wp-content\/uploads\/2025\/06\/2.-Dzieci-ogladaja-robaczki.jpg\" alt=\"\" class=\"wp-image-1419\" srcset=\"https:\/\/biblioteka.sulejow.pl\/wpmbps\/wp-content\/uploads\/2025\/06\/2.-Dzieci-ogladaja-robaczki.jpg 1024w, https:\/\/biblioteka.sulejow.pl\/wpmbps\/wp-content\/uploads\/2025\/06\/2.-Dzieci-ogladaja-robaczki-300x225.jpg 300w, https:\/\/biblioteka.sulejow.pl\/wpmbps\/wp-content\/uploads\/2025\/06\/2.-Dzieci-ogladaja-robaczki-768x576.jpg 768w\" sizes=\"auto, (max-width: 1024px) 100vw, 1024px\" \/><\/a><\/figure>\n\n\n\n<figure class=\"wp-block-image size-large\"><a href=\"https:\/\/biblioteka.sulejow.pl\/wpmbps\/wp-content\/uploads\/2025\/06\/3.-Dzieci-przedszkolne.jpg\"><img loading=\"lazy\" decoding=\"async\" width=\"768\" height=\"1024\" data-id=\"1422\" src=\"https:\/\/biblioteka.sulejow.pl\/wpmbps\/wp-content\/uploads\/2025\/06\/3.-Dzieci-przedszkolne.jpg\" alt=\"\" class=\"wp-image-1422\" srcset=\"https:\/\/biblioteka.sulejow.pl\/wpmbps\/wp-content\/uploads\/2025\/06\/3.-Dzieci-przedszkolne.jpg 768w, https:\/\/biblioteka.sulejow.pl\/wpmbps\/wp-content\/uploads\/2025\/06\/3.-Dzieci-przedszkolne-225x300.jpg 225w\" sizes=\"auto, (max-width: 768px) 100vw, 768px\" \/><\/a><\/figure>\n\n\n\n<figure class=\"wp-block-image size-large\"><a href=\"https:\/\/biblioteka.sulejow.pl\/wpmbps\/wp-content\/uploads\/2025\/06\/4.-Zabawy-ruchowe.jpg\"><img loading=\"lazy\" decoding=\"async\" width=\"958\" height=\"768\" data-id=\"1417\" src=\"https:\/\/biblioteka.sulejow.pl\/wpmbps\/wp-content\/uploads\/2025\/06\/4.-Zabawy-ruchowe.jpg\" alt=\"\" class=\"wp-image-1417\" srcset=\"https:\/\/biblioteka.sulejow.pl\/wpmbps\/wp-content\/uploads\/2025\/06\/4.-Zabawy-ruchowe.jpg 958w, https:\/\/biblioteka.sulejow.pl\/wpmbps\/wp-content\/uploads\/2025\/06\/4.-Zabawy-ruchowe-300x241.jpg 300w, https:\/\/biblioteka.sulejow.pl\/wpmbps\/wp-content\/uploads\/2025\/06\/4.-Zabawy-ruchowe-768x616.jpg 768w\" sizes=\"auto, (max-width: 958px) 100vw, 958px\" \/><\/a><\/figure>\n\n\n\n<figure class=\"wp-block-image size-large\"><a href=\"https:\/\/biblioteka.sulejow.pl\/wpmbps\/wp-content\/uploads\/2025\/06\/5.-Dzieci-ogladaja-ksiazeczki.jpg\"><img loading=\"lazy\" decoding=\"async\" width=\"768\" height=\"1024\" data-id=\"1418\" src=\"https:\/\/biblioteka.sulejow.pl\/wpmbps\/wp-content\/uploads\/2025\/06\/5.-Dzieci-ogladaja-ksiazeczki.jpg\" alt=\"\" class=\"wp-image-1418\" srcset=\"https:\/\/biblioteka.sulejow.pl\/wpmbps\/wp-content\/uploads\/2025\/06\/5.-Dzieci-ogladaja-ksiazeczki.jpg 768w, https:\/\/biblioteka.sulejow.pl\/wpmbps\/wp-content\/uploads\/2025\/06\/5.-Dzieci-ogladaja-ksiazeczki-225x300.jpg 225w\" sizes=\"auto, (max-width: 768px) 100vw, 768px\" \/><\/a><\/figure>\n\n\n\n<figure class=\"wp-block-image size-large\"><a href=\"https:\/\/biblioteka.sulejow.pl\/wpmbps\/wp-content\/uploads\/2025\/06\/6.-Prace-plastyczne-dzieci.jpg\"><img loading=\"lazy\" decoding=\"async\" width=\"1024\" height=\"768\" data-id=\"1415\" src=\"https:\/\/biblioteka.sulejow.pl\/wpmbps\/wp-content\/uploads\/2025\/06\/6.-Prace-plastyczne-dzieci.jpg\" alt=\"\" class=\"wp-image-1415\" srcset=\"https:\/\/biblioteka.sulejow.pl\/wpmbps\/wp-content\/uploads\/2025\/06\/6.-Prace-plastyczne-dzieci.jpg 1024w, https:\/\/biblioteka.sulejow.pl\/wpmbps\/wp-content\/uploads\/2025\/06\/6.-Prace-plastyczne-dzieci-300x225.jpg 300w, https:\/\/biblioteka.sulejow.pl\/wpmbps\/wp-content\/uploads\/2025\/06\/6.-Prace-plastyczne-dzieci-768x576.jpg 768w\" sizes=\"auto, (max-width: 1024px) 100vw, 1024px\" \/><\/a><\/figure>\n\n\n\n<figure class=\"wp-block-image size-large\"><a href=\"https:\/\/biblioteka.sulejow.pl\/wpmbps\/wp-content\/uploads\/2025\/06\/7.-Biedronki-prezentuja-wykonane-przez-siebie-prace-plastyczne.jpg\"><img loading=\"lazy\" decoding=\"async\" width=\"1024\" height=\"727\" data-id=\"1420\" src=\"https:\/\/biblioteka.sulejow.pl\/wpmbps\/wp-content\/uploads\/2025\/06\/7.-Biedronki-prezentuja-wykonane-przez-siebie-prace-plastyczne.jpg\" alt=\"\" class=\"wp-image-1420\" srcset=\"https:\/\/biblioteka.sulejow.pl\/wpmbps\/wp-content\/uploads\/2025\/06\/7.-Biedronki-prezentuja-wykonane-przez-siebie-prace-plastyczne.jpg 1024w, https:\/\/biblioteka.sulejow.pl\/wpmbps\/wp-content\/uploads\/2025\/06\/7.-Biedronki-prezentuja-wykonane-przez-siebie-prace-plastyczne-300x213.jpg 300w, https:\/\/biblioteka.sulejow.pl\/wpmbps\/wp-content\/uploads\/2025\/06\/7.-Biedronki-prezentuja-wykonane-przez-siebie-prace-plastyczne-768x545.jpg 768w\" sizes=\"auto, (max-width: 1024px) 100vw, 1024px\" \/><\/a><\/figure>\n\n\n\n<figure class=\"wp-block-image size-large\"><a href=\"https:\/\/biblioteka.sulejow.pl\/wpmbps\/wp-content\/uploads\/2025\/06\/8.-Grupa-Jezykow.jpg\"><img loading=\"lazy\" decoding=\"async\" width=\"964\" height=\"768\" data-id=\"1421\" src=\"https:\/\/biblioteka.sulejow.pl\/wpmbps\/wp-content\/uploads\/2025\/06\/8.-Grupa-Jezykow.jpg\" alt=\"\" class=\"wp-image-1421\" srcset=\"https:\/\/biblioteka.sulejow.pl\/wpmbps\/wp-content\/uploads\/2025\/06\/8.-Grupa-Jezykow.jpg 964w, https:\/\/biblioteka.sulejow.pl\/wpmbps\/wp-content\/uploads\/2025\/06\/8.-Grupa-Jezykow-300x239.jpg 300w, https:\/\/biblioteka.sulejow.pl\/wpmbps\/wp-content\/uploads\/2025\/06\/8.-Grupa-Jezykow-768x612.jpg 768w\" sizes=\"auto, (max-width: 964px) 100vw, 964px\" \/><\/a><\/figure>\n<\/figure>\n","protected":false},"excerpt":{"rendered":"<p>W dniach 3 i 4 czerwca 2025 r. w ramach Og\u00f3lnopolskiego Tygodnia Czytania Dzieciom jedna z naszych pracownic bibliotekarek odwiedzi\u0142a Przedszkole Samorz\u0105dowe w Sulejowie. Spotkania odby\u0142y si\u0119 z dzie\u0107mi z grup &#8222;Biedronki&#8221; i &#8222;Je\u017cyki&#8221;. W trakcie wizyty czytane by\u0142y ksi\u0105\u017cki dostosowane do wieku i zainteresowa\u0144 przedszkolak\u00f3w. Dzieci z entuzjazmem bra\u0142y udzia\u0142 w zabawach ruchowych oraz [&hellip;]<\/p>\n","protected":false},"author":1,"featured_media":0,"comment_status":"closed","ping_status":"","sticky":false,"template":"","format":"standard","meta":{"zakra_page_container_layout":"customizer","zakra_page_sidebar_layout":"customizer","zakra_remove_content_margin":false,"zakra_sidebar":"customizer","zakra_transparent_header":"customizer","zakra_logo":0,"zakra_main_header_style":"default","zakra_menu_item_color":"","zakra_menu_item_hover_color":"","zakra_menu_item_active_color":"","zakra_menu_active_style":"","zakra_page_header":true,"footnotes":"","_links_to":"","_links_to_target":""},"categories":[6],"tags":[],"class_list":["post-1414","post","type-post","status-publish","format-standard","hentry","category-aktualnosci-2025"],"_links":{"self":[{"href":"https:\/\/biblioteka.sulejow.pl\/index.php?rest_route=\/wp\/v2\/posts\/1414","targetHints":{"allow":["GET"]}}],"collection":[{"href":"https:\/\/biblioteka.sulejow.pl\/index.php?rest_route=\/wp\/v2\/posts"}],"about":[{"href":"https:\/\/biblioteka.sulejow.pl\/index.php?rest_route=\/wp\/v2\/types\/post"}],"author":[{"embeddable":true,"href":"https:\/\/biblioteka.sulejow.pl\/index.php?rest_route=\/wp\/v2\/users\/1"}],"replies":[{"embeddable":true,"href":"https:\/\/biblioteka.sulejow.pl\/index.php?rest_route=%2Fwp%2Fv2%2Fcomments&post=1414"}],"version-history":[{"count":1,"href":"https:\/\/biblioteka.sulejow.pl\/index.php?rest_route=\/wp\/v2\/posts\/1414\/revisions"}],"predecessor-version":[{"id":1423,"href":"https:\/\/biblioteka.sulejow.pl\/index.php?rest_route=\/wp\/v2\/posts\/1414\/revisions\/1423"}],"wp:attachment":[{"href":"https:\/\/biblioteka.sulejow.pl\/index.php?rest_route=%2Fwp%2Fv2%2Fmedia&parent=1414"}],"wp:term":[{"taxonomy":"category","embeddable":true,"href":"https:\/\/biblioteka.sulejow.pl\/index.php?rest_route=%2Fwp%2Fv2%2Fcategories&post=1414"},{"taxonomy":"post_tag","embeddable":true,"href":"https:\/\/biblioteka.sulejow.pl\/index.php?rest_route=%2Fwp%2Fv2%2Ftags&post=1414"}],"curies":[{"name":"wp","href":"https:\/\/api.w.org\/{rel}","templated":true}]}}