{"id":1424,"date":"2025-06-08T18:02:00","date_gmt":"2025-06-08T18:02:00","guid":{"rendered":"https:\/\/biblioteka.sulejow.pl\/?p=1424"},"modified":"2025-06-08T18:02:00","modified_gmt":"2025-06-08T18:02:00","slug":"xxiv-ogolnopolski-tydzien-czytania-dzieciom-czytanie-zbliza","status":"publish","type":"post","link":"https:\/\/biblioteka.sulejow.pl\/?p=1424","title":{"rendered":"XXIV Og\u00f3lnopolski Tydzie\u0144 Czytania Dzieciom \u2013 \u201eCzytanie zbli\u017ca\u201d"},"content":{"rendered":"\n<p>Nasza biblioteka w\u0142\u0105czy\u0142a si\u0119 w obchody XXIV Og\u00f3lnopolskiego Tygodnia Czytania Dzieciom, organizowanego przez Fundacj\u0119 \u201eCa\u0142a Polska Czyta Dzieciom\u201d. Tegoroczna edycja odbywa si\u0119 pod has\u0142em \u201eCzytanie zbli\u017ca\u201d i jest wyj\u0105tkow\u0105 okazj\u0105 do promowania wsp\u00f3lnego czytania, integracji pokole\u0144 i budowania wi\u0119zi poprzez literatur\u0119.<\/p>\n\n\n\n<p>5 czerwca odby\u0142o si\u0119 wyj\u0105tkowe spotkanie z udzia\u0142em senior\u00f3w z Klubu Seniora w Gminie Sulej\u00f3w oraz uczni\u00f3w oddzia\u0142u przedszkolnego Szko\u0142y Podstawowej nr 1 w Sulejowie. To w\u0142a\u015bnie seniorzy, a tak\u017ce nasi pracownicy, wcielili si\u0119 w role lektor\u00f3w i z ogromnym zaanga\u017cowaniem czytali dzieciom wiersze polskich klasyk\u00f3w, jak i utwory wsp\u00f3\u0142czesnych autor\u00f3w oraz regionalne legendy. Wsp\u00f3lne chwile z ksi\u0105\u017ck\u0105 dostarczy\u0142o wszystkim rado\u015bci i by\u0142o \u015bwietn\u0105 okazj\u0105 do rozmowy o sile ksi\u0105\u017cek i dzieci\u0119cych marzeniach.<\/p>\n\n\n\n<p>Po cz\u0119\u015bci literackiej odby\u0142y si\u0119 warsztaty plastyczne, podczas kt\u00f3rych mali uczestnicy wykonywali kolorowe medale dla swoich tatusi\u00f3w \u2013 zbli\u017caj\u0105cy si\u0119 Dzie\u0144 Ojca sta\u0142 si\u0119 doskona\u0142\u0105 okazj\u0105 do kreatywnej pracy i rozm\u00f3w o rodzinie.<\/p>\n\n\n\n<p>Dzi\u0119kujemy wszystkim uczestnikom \u2013 ma\u0142ym i du\u017cym \u2013 za udzia\u0142, zaanga\u017cowanie, otwarto\u015b\u0107 i wsp\u00f3lne budowanie most\u00f3w mi\u0119dzypokoleniowych. Ten dzie\u0144 po raz kolejny udowodni\u0142, \u017ce czytanie naprawd\u0119 zbli\u017ca!<\/p>\n\n\n\n<figure class=\"wp-block-gallery has-nested-images columns-default is-cropped wp-block-gallery-1 is-layout-flex wp-block-gallery-is-layout-flex\">\n<figure class=\"wp-block-image size-large\"><a href=\"https:\/\/biblioteka.sulejow.pl\/wpmbps\/wp-content\/uploads\/2025\/06\/1.-ogolnopolski-tydzien-czytania-dzieciom.jpg\"><img loading=\"lazy\" decoding=\"async\" width=\"1024\" height=\"683\" data-id=\"1428\" src=\"https:\/\/biblioteka.sulejow.pl\/wpmbps\/wp-content\/uploads\/2025\/06\/1.-ogolnopolski-tydzien-czytania-dzieciom.jpg\" alt=\"\" class=\"wp-image-1428\" srcset=\"https:\/\/biblioteka.sulejow.pl\/wpmbps\/wp-content\/uploads\/2025\/06\/1.-ogolnopolski-tydzien-czytania-dzieciom.jpg 1024w, https:\/\/biblioteka.sulejow.pl\/wpmbps\/wp-content\/uploads\/2025\/06\/1.-ogolnopolski-tydzien-czytania-dzieciom-300x200.jpg 300w, https:\/\/biblioteka.sulejow.pl\/wpmbps\/wp-content\/uploads\/2025\/06\/1.-ogolnopolski-tydzien-czytania-dzieciom-768x512.jpg 768w\" sizes=\"auto, (max-width: 1024px) 100vw, 1024px\" \/><\/a><\/figure>\n\n\n\n<figure class=\"wp-block-image size-large\"><a href=\"https:\/\/biblioteka.sulejow.pl\/wpmbps\/wp-content\/uploads\/2025\/06\/2.-ogolnopolski-tydzien-czytania-dzieciom.jpg\"><img loading=\"lazy\" decoding=\"async\" width=\"1024\" height=\"704\" data-id=\"1431\" src=\"https:\/\/biblioteka.sulejow.pl\/wpmbps\/wp-content\/uploads\/2025\/06\/2.-ogolnopolski-tydzien-czytania-dzieciom.jpg\" alt=\"\" class=\"wp-image-1431\" srcset=\"https:\/\/biblioteka.sulejow.pl\/wpmbps\/wp-content\/uploads\/2025\/06\/2.-ogolnopolski-tydzien-czytania-dzieciom.jpg 1024w, https:\/\/biblioteka.sulejow.pl\/wpmbps\/wp-content\/uploads\/2025\/06\/2.-ogolnopolski-tydzien-czytania-dzieciom-300x206.jpg 300w, https:\/\/biblioteka.sulejow.pl\/wpmbps\/wp-content\/uploads\/2025\/06\/2.-ogolnopolski-tydzien-czytania-dzieciom-768x528.jpg 768w\" sizes=\"auto, (max-width: 1024px) 100vw, 1024px\" \/><\/a><\/figure>\n\n\n\n<figure class=\"wp-block-image size-large\"><a href=\"https:\/\/biblioteka.sulejow.pl\/wpmbps\/wp-content\/uploads\/2025\/06\/3.-ogolnopolski-tydzien-czytania-dzieciom.jpg\"><img loading=\"lazy\" decoding=\"async\" width=\"1024\" height=\"657\" data-id=\"1437\" src=\"https:\/\/biblioteka.sulejow.pl\/wpmbps\/wp-content\/uploads\/2025\/06\/3.-ogolnopolski-tydzien-czytania-dzieciom.jpg\" alt=\"\" class=\"wp-image-1437\" srcset=\"https:\/\/biblioteka.sulejow.pl\/wpmbps\/wp-content\/uploads\/2025\/06\/3.-ogolnopolski-tydzien-czytania-dzieciom.jpg 1024w, https:\/\/biblioteka.sulejow.pl\/wpmbps\/wp-content\/uploads\/2025\/06\/3.-ogolnopolski-tydzien-czytania-dzieciom-300x192.jpg 300w, https:\/\/biblioteka.sulejow.pl\/wpmbps\/wp-content\/uploads\/2025\/06\/3.-ogolnopolski-tydzien-czytania-dzieciom-768x493.jpg 768w\" sizes=\"auto, (max-width: 1024px) 100vw, 1024px\" \/><\/a><\/figure>\n\n\n\n<figure class=\"wp-block-image size-large\"><a href=\"https:\/\/biblioteka.sulejow.pl\/wpmbps\/wp-content\/uploads\/2025\/06\/4.ogolnopolski-tydzien-czytania-dzieciom.jpg\"><img loading=\"lazy\" decoding=\"async\" width=\"1024\" height=\"692\" data-id=\"1436\" src=\"https:\/\/biblioteka.sulejow.pl\/wpmbps\/wp-content\/uploads\/2025\/06\/4.ogolnopolski-tydzien-czytania-dzieciom.jpg\" alt=\"\" class=\"wp-image-1436\" srcset=\"https:\/\/biblioteka.sulejow.pl\/wpmbps\/wp-content\/uploads\/2025\/06\/4.ogolnopolski-tydzien-czytania-dzieciom.jpg 1024w, https:\/\/biblioteka.sulejow.pl\/wpmbps\/wp-content\/uploads\/2025\/06\/4.ogolnopolski-tydzien-czytania-dzieciom-300x203.jpg 300w, https:\/\/biblioteka.sulejow.pl\/wpmbps\/wp-content\/uploads\/2025\/06\/4.ogolnopolski-tydzien-czytania-dzieciom-768x519.jpg 768w\" sizes=\"auto, (max-width: 1024px) 100vw, 1024px\" \/><\/a><\/figure>\n\n\n\n<figure class=\"wp-block-image size-large\"><a href=\"https:\/\/biblioteka.sulejow.pl\/wpmbps\/wp-content\/uploads\/2025\/06\/5.-ogolnopolski-tydzien-czytania-dzieciom.jpg\"><img loading=\"lazy\" decoding=\"async\" width=\"1024\" height=\"768\" data-id=\"1435\" src=\"https:\/\/biblioteka.sulejow.pl\/wpmbps\/wp-content\/uploads\/2025\/06\/5.-ogolnopolski-tydzien-czytania-dzieciom.jpg\" alt=\"\" class=\"wp-image-1435\" srcset=\"https:\/\/biblioteka.sulejow.pl\/wpmbps\/wp-content\/uploads\/2025\/06\/5.-ogolnopolski-tydzien-czytania-dzieciom.jpg 1024w, https:\/\/biblioteka.sulejow.pl\/wpmbps\/wp-content\/uploads\/2025\/06\/5.-ogolnopolski-tydzien-czytania-dzieciom-300x225.jpg 300w, https:\/\/biblioteka.sulejow.pl\/wpmbps\/wp-content\/uploads\/2025\/06\/5.-ogolnopolski-tydzien-czytania-dzieciom-768x576.jpg 768w\" sizes=\"auto, (max-width: 1024px) 100vw, 1024px\" \/><\/a><\/figure>\n\n\n\n<figure class=\"wp-block-image size-large\"><a href=\"https:\/\/biblioteka.sulejow.pl\/wpmbps\/wp-content\/uploads\/2025\/06\/6.-ogolnopolski-tydzien-czytania-dzieciom.jpg\"><img loading=\"lazy\" decoding=\"async\" width=\"1024\" height=\"762\" data-id=\"1438\" src=\"https:\/\/biblioteka.sulejow.pl\/wpmbps\/wp-content\/uploads\/2025\/06\/6.-ogolnopolski-tydzien-czytania-dzieciom.jpg\" alt=\"\" class=\"wp-image-1438\" srcset=\"https:\/\/biblioteka.sulejow.pl\/wpmbps\/wp-content\/uploads\/2025\/06\/6.-ogolnopolski-tydzien-czytania-dzieciom.jpg 1024w, https:\/\/biblioteka.sulejow.pl\/wpmbps\/wp-content\/uploads\/2025\/06\/6.-ogolnopolski-tydzien-czytania-dzieciom-300x223.jpg 300w, https:\/\/biblioteka.sulejow.pl\/wpmbps\/wp-content\/uploads\/2025\/06\/6.-ogolnopolski-tydzien-czytania-dzieciom-768x572.jpg 768w\" sizes=\"auto, (max-width: 1024px) 100vw, 1024px\" \/><\/a><\/figure>\n\n\n\n<figure class=\"wp-block-image size-large\"><a href=\"https:\/\/biblioteka.sulejow.pl\/wpmbps\/wp-content\/uploads\/2025\/06\/7.-ogolnopolski-tydzien-czytania-dzieciom.jpg\"><img loading=\"lazy\" decoding=\"async\" width=\"1024\" height=\"768\" data-id=\"1426\" src=\"https:\/\/biblioteka.sulejow.pl\/wpmbps\/wp-content\/uploads\/2025\/06\/7.-ogolnopolski-tydzien-czytania-dzieciom.jpg\" alt=\"\" class=\"wp-image-1426\" srcset=\"https:\/\/biblioteka.sulejow.pl\/wpmbps\/wp-content\/uploads\/2025\/06\/7.-ogolnopolski-tydzien-czytania-dzieciom.jpg 1024w, https:\/\/biblioteka.sulejow.pl\/wpmbps\/wp-content\/uploads\/2025\/06\/7.-ogolnopolski-tydzien-czytania-dzieciom-300x225.jpg 300w, https:\/\/biblioteka.sulejow.pl\/wpmbps\/wp-content\/uploads\/2025\/06\/7.-ogolnopolski-tydzien-czytania-dzieciom-768x576.jpg 768w\" sizes=\"auto, (max-width: 1024px) 100vw, 1024px\" \/><\/a><\/figure>\n\n\n\n<figure class=\"wp-block-image size-large\"><a href=\"https:\/\/biblioteka.sulejow.pl\/wpmbps\/wp-content\/uploads\/2025\/06\/8.-ogolnopolski-tydzien-czytania-dzieciom.jpg\"><img loading=\"lazy\" decoding=\"async\" width=\"1024\" height=\"681\" data-id=\"1432\" src=\"https:\/\/biblioteka.sulejow.pl\/wpmbps\/wp-content\/uploads\/2025\/06\/8.-ogolnopolski-tydzien-czytania-dzieciom.jpg\" alt=\"\" class=\"wp-image-1432\" srcset=\"https:\/\/biblioteka.sulejow.pl\/wpmbps\/wp-content\/uploads\/2025\/06\/8.-ogolnopolski-tydzien-czytania-dzieciom.jpg 1024w, https:\/\/biblioteka.sulejow.pl\/wpmbps\/wp-content\/uploads\/2025\/06\/8.-ogolnopolski-tydzien-czytania-dzieciom-300x200.jpg 300w, https:\/\/biblioteka.sulejow.pl\/wpmbps\/wp-content\/uploads\/2025\/06\/8.-ogolnopolski-tydzien-czytania-dzieciom-768x511.jpg 768w\" sizes=\"auto, (max-width: 1024px) 100vw, 1024px\" \/><\/a><\/figure>\n\n\n\n<figure class=\"wp-block-image size-large\"><a href=\"https:\/\/biblioteka.sulejow.pl\/wpmbps\/wp-content\/uploads\/2025\/06\/9.-ogolnopolski-tydzien-czytania-dzieciom.jpg\"><img loading=\"lazy\" decoding=\"async\" width=\"768\" height=\"1024\" data-id=\"1433\" src=\"https:\/\/biblioteka.sulejow.pl\/wpmbps\/wp-content\/uploads\/2025\/06\/9.-ogolnopolski-tydzien-czytania-dzieciom.jpg\" alt=\"\" class=\"wp-image-1433\" srcset=\"https:\/\/biblioteka.sulejow.pl\/wpmbps\/wp-content\/uploads\/2025\/06\/9.-ogolnopolski-tydzien-czytania-dzieciom.jpg 768w, https:\/\/biblioteka.sulejow.pl\/wpmbps\/wp-content\/uploads\/2025\/06\/9.-ogolnopolski-tydzien-czytania-dzieciom-225x300.jpg 225w\" sizes=\"auto, (max-width: 768px) 100vw, 768px\" \/><\/a><\/figure>\n\n\n\n<figure class=\"wp-block-image size-large\"><a href=\"https:\/\/biblioteka.sulejow.pl\/wpmbps\/wp-content\/uploads\/2025\/06\/10.-ogolnopolski-tydzien-czytania-dzieciom.jpg\"><img loading=\"lazy\" decoding=\"async\" width=\"768\" height=\"969\" data-id=\"1429\" src=\"https:\/\/biblioteka.sulejow.pl\/wpmbps\/wp-content\/uploads\/2025\/06\/10.-ogolnopolski-tydzien-czytania-dzieciom.jpg\" alt=\"\" class=\"wp-image-1429\" srcset=\"https:\/\/biblioteka.sulejow.pl\/wpmbps\/wp-content\/uploads\/2025\/06\/10.-ogolnopolski-tydzien-czytania-dzieciom.jpg 768w, https:\/\/biblioteka.sulejow.pl\/wpmbps\/wp-content\/uploads\/2025\/06\/10.-ogolnopolski-tydzien-czytania-dzieciom-238x300.jpg 238w\" sizes=\"auto, (max-width: 768px) 100vw, 768px\" \/><\/a><\/figure>\n\n\n\n<figure class=\"wp-block-image size-large\"><a href=\"https:\/\/biblioteka.sulejow.pl\/wpmbps\/wp-content\/uploads\/2025\/06\/11.-ogolnopolski-tydzien-czytaia-dzieciom.jpg\"><img loading=\"lazy\" decoding=\"async\" width=\"963\" height=\"768\" data-id=\"1434\" src=\"https:\/\/biblioteka.sulejow.pl\/wpmbps\/wp-content\/uploads\/2025\/06\/11.-ogolnopolski-tydzien-czytaia-dzieciom.jpg\" alt=\"\" class=\"wp-image-1434\" srcset=\"https:\/\/biblioteka.sulejow.pl\/wpmbps\/wp-content\/uploads\/2025\/06\/11.-ogolnopolski-tydzien-czytaia-dzieciom.jpg 963w, https:\/\/biblioteka.sulejow.pl\/wpmbps\/wp-content\/uploads\/2025\/06\/11.-ogolnopolski-tydzien-czytaia-dzieciom-300x239.jpg 300w, https:\/\/biblioteka.sulejow.pl\/wpmbps\/wp-content\/uploads\/2025\/06\/11.-ogolnopolski-tydzien-czytaia-dzieciom-768x612.jpg 768w\" sizes=\"auto, (max-width: 963px) 100vw, 963px\" \/><\/a><\/figure>\n\n\n\n<figure class=\"wp-block-image size-large\"><a href=\"https:\/\/biblioteka.sulejow.pl\/wpmbps\/wp-content\/uploads\/2025\/06\/12.-ogolnopolski-tydzien-czytania-dzieciom.jpg\"><img loading=\"lazy\" decoding=\"async\" width=\"768\" height=\"827\" data-id=\"1425\" src=\"https:\/\/biblioteka.sulejow.pl\/wpmbps\/wp-content\/uploads\/2025\/06\/12.-ogolnopolski-tydzien-czytania-dzieciom.jpg\" alt=\"\" class=\"wp-image-1425\" srcset=\"https:\/\/biblioteka.sulejow.pl\/wpmbps\/wp-content\/uploads\/2025\/06\/12.-ogolnopolski-tydzien-czytania-dzieciom.jpg 768w, https:\/\/biblioteka.sulejow.pl\/wpmbps\/wp-content\/uploads\/2025\/06\/12.-ogolnopolski-tydzien-czytania-dzieciom-279x300.jpg 279w\" sizes=\"auto, (max-width: 768px) 100vw, 768px\" \/><\/a><\/figure>\n\n\n\n<figure class=\"wp-block-image size-large\"><a href=\"https:\/\/biblioteka.sulejow.pl\/wpmbps\/wp-content\/uploads\/2025\/06\/13.-ogolnopolski-tydzien-czytania-dzieciom.jpg\"><img loading=\"lazy\" decoding=\"async\" width=\"768\" height=\"864\" data-id=\"1427\" src=\"https:\/\/biblioteka.sulejow.pl\/wpmbps\/wp-content\/uploads\/2025\/06\/13.-ogolnopolski-tydzien-czytania-dzieciom.jpg\" alt=\"\" class=\"wp-image-1427\" srcset=\"https:\/\/biblioteka.sulejow.pl\/wpmbps\/wp-content\/uploads\/2025\/06\/13.-ogolnopolski-tydzien-czytania-dzieciom.jpg 768w, https:\/\/biblioteka.sulejow.pl\/wpmbps\/wp-content\/uploads\/2025\/06\/13.-ogolnopolski-tydzien-czytania-dzieciom-267x300.jpg 267w\" sizes=\"auto, (max-width: 768px) 100vw, 768px\" \/><\/a><\/figure>\n\n\n\n<figure class=\"wp-block-image size-large\"><a href=\"https:\/\/biblioteka.sulejow.pl\/wpmbps\/wp-content\/uploads\/2025\/06\/14.-ogolnopolski-tydzien-czytania-dzieciom.jpg\"><img loading=\"lazy\" decoding=\"async\" width=\"768\" height=\"1024\" data-id=\"1430\" src=\"https:\/\/biblioteka.sulejow.pl\/wpmbps\/wp-content\/uploads\/2025\/06\/14.-ogolnopolski-tydzien-czytania-dzieciom.jpg\" alt=\"\" class=\"wp-image-1430\" srcset=\"https:\/\/biblioteka.sulejow.pl\/wpmbps\/wp-content\/uploads\/2025\/06\/14.-ogolnopolski-tydzien-czytania-dzieciom.jpg 768w, https:\/\/biblioteka.sulejow.pl\/wpmbps\/wp-content\/uploads\/2025\/06\/14.-ogolnopolski-tydzien-czytania-dzieciom-225x300.jpg 225w\" sizes=\"auto, (max-width: 768px) 100vw, 768px\" \/><\/a><\/figure>\n<\/figure>\n","protected":false},"excerpt":{"rendered":"<p>Nasza biblioteka w\u0142\u0105czy\u0142a si\u0119 w obchody XXIV Og\u00f3lnopolskiego Tygodnia Czytania Dzieciom, organizowanego przez Fundacj\u0119 \u201eCa\u0142a Polska Czyta Dzieciom\u201d. Tegoroczna edycja odbywa si\u0119 pod has\u0142em \u201eCzytanie zbli\u017ca\u201d i jest wyj\u0105tkow\u0105 okazj\u0105 do promowania wsp\u00f3lnego czytania, integracji pokole\u0144 i budowania wi\u0119zi poprzez literatur\u0119. 5 czerwca odby\u0142o si\u0119 wyj\u0105tkowe spotkanie z udzia\u0142em senior\u00f3w z Klubu Seniora w Gminie [&hellip;]<\/p>\n","protected":false},"author":1,"featured_media":0,"comment_status":"closed","ping_status":"","sticky":false,"template":"","format":"standard","meta":{"zakra_page_container_layout":"customizer","zakra_page_sidebar_layout":"customizer","zakra_remove_content_margin":false,"zakra_sidebar":"customizer","zakra_transparent_header":"customizer","zakra_logo":0,"zakra_main_header_style":"default","zakra_menu_item_color":"","zakra_menu_item_hover_color":"","zakra_menu_item_active_color":"","zakra_menu_active_style":"","zakra_page_header":true,"footnotes":"","_links_to":"","_links_to_target":""},"categories":[6],"tags":[],"class_list":["post-1424","post","type-post","status-publish","format-standard","hentry","category-aktualnosci-2025"],"_links":{"self":[{"href":"https:\/\/biblioteka.sulejow.pl\/index.php?rest_route=\/wp\/v2\/posts\/1424","targetHints":{"allow":["GET"]}}],"collection":[{"href":"https:\/\/biblioteka.sulejow.pl\/index.php?rest_route=\/wp\/v2\/posts"}],"about":[{"href":"https:\/\/biblioteka.sulejow.pl\/index.php?rest_route=\/wp\/v2\/types\/post"}],"author":[{"embeddable":true,"href":"https:\/\/biblioteka.sulejow.pl\/index.php?rest_route=\/wp\/v2\/users\/1"}],"replies":[{"embeddable":true,"href":"https:\/\/biblioteka.sulejow.pl\/index.php?rest_route=%2Fwp%2Fv2%2Fcomments&post=1424"}],"version-history":[{"count":1,"href":"https:\/\/biblioteka.sulejow.pl\/index.php?rest_route=\/wp\/v2\/posts\/1424\/revisions"}],"predecessor-version":[{"id":1439,"href":"https:\/\/biblioteka.sulejow.pl\/index.php?rest_route=\/wp\/v2\/posts\/1424\/revisions\/1439"}],"wp:attachment":[{"href":"https:\/\/biblioteka.sulejow.pl\/index.php?rest_route=%2Fwp%2Fv2%2Fmedia&parent=1424"}],"wp:term":[{"taxonomy":"category","embeddable":true,"href":"https:\/\/biblioteka.sulejow.pl\/index.php?rest_route=%2Fwp%2Fv2%2Fcategories&post=1424"},{"taxonomy":"post_tag","embeddable":true,"href":"https:\/\/biblioteka.sulejow.pl\/index.php?rest_route=%2Fwp%2Fv2%2Ftags&post=1424"}],"curies":[{"name":"wp","href":"https:\/\/api.w.org\/{rel}","templated":true}]}}