{"id":1496,"date":"2025-06-27T18:23:42","date_gmt":"2025-06-27T18:23:42","guid":{"rendered":"https:\/\/biblioteka.sulejow.pl\/?p=1496"},"modified":"2025-06-27T18:23:42","modified_gmt":"2025-06-27T18:23:42","slug":"spotkanie-dyskusyjnego-klubu-ksiazki-5","status":"publish","type":"post","link":"https:\/\/biblioteka.sulejow.pl\/?p=1496","title":{"rendered":"Spotkanie Dyskusyjnego Klubu Ksi\u0105\u017cki"},"content":{"rendered":"\n<p>Za nami wyj\u0105tkowe spotkanie Dyskusyjnego Klubu Ksi\u0105\u017cki!<\/p>\n\n\n\n<p>26 czerwca \u015bwi\u0119towali\u015bmy rocznic\u0119 dzia\u0142alno\u015bci naszego Klubu przy wyj\u0105tkowej lekturze \u2013 \u201eCh\u0142opiec z latawcem\u201d Khaleda Hosseiniego. To by\u0142a poruszaj\u0105ca i szczera rozmowa o przyja\u017ani, zdradzie, winie i trudnej drodze do odkupienia.<\/p>\n\n\n\n<p>Rozmawiali\u015bmy o relacji Amira i Hassana, a tak\u017ce o tym, jak historia i kultura Afganistanu wp\u0142ywaj\u0105 na ludzkie wybory. Nie zabrak\u0142o emocji, refleksji i g\u0142os\u00f3w, kt\u00f3re zostan\u0105 z nami na d\u0142ugo.<\/p>\n\n\n\n<p>Najwa\u017cniejsze punkty dyskusji:<\/p>\n\n\n\n<p>Relacja Amira i Hassana zosta\u0142a uznana za najbardziej poruszaj\u0105cy element ksi\u0105\u017cki. Uczestnicy dyskutowali o granicach przyja\u017ani i wp\u0142ywie r\u00f3\u017cnic klasowych oraz etnicznych na t\u0119 relacj\u0119.<\/p>\n\n\n\n<p>Du\u017co emocji wywo\u0142a\u0142 w\u0105tek zdrady i winy \u2013 pojawi\u0142y si\u0119 r\u00f3\u017cne opinie na temat tego, czy Amir zas\u0142uguje na odkupienie i czy jego p\u00f3\u017aniejsze dzia\u0142ania wystarcz\u0105, by \u201enaprawi\u0107\u201d przesz\u0142o\u015b\u0107.<\/p>\n\n\n\n<p>Poruszono tak\u017ce temat milczenia i bierno\u015bci wobec przemocy, zastanawiaj\u0105c si\u0119, co kierowa\u0142o bohaterem i jak \u0142atwo strach mo\u017ce nas sparali\u017cowa\u0107.<\/p>\n\n\n\n<p>Zwr\u00f3cono uwag\u0119 na silne postacie drugoplanowe, zw\u0142aszcza posta\u0107 ojca Amira (Baba), kt\u00f3ry \u0142\u0105czy w sobie sprzeczne cechy: charyzm\u0119, surowo\u015b\u0107 i skrywane tajemnice.<\/p>\n\n\n\n<p>Z okazji rocznicy nasze pasjonatki literatury mia\u0142y okazj\u0119 powspomina\u0107 poprzednie spotkania dzi\u0119ki kronice, przygotowanej specjalnie na t\u0119 okazj\u0119. Wsp\u00f3lne zdj\u0119cia, cytaty z naszych rozm\u00f3w i zapisane wspomnienia wywo\u0142a\u0142y wiele u\u015bmiech\u00f3w i wzrusze\u0144. Wszystkie uczestniczki spotkania wpisa\u0142y do kroniki pami\u0105tkowe \u017cyczenia, tworz\u0105c pi\u0119kn\u0105 i wzruszaj\u0105c\u0105 pami\u0105tk\u0119 na kolejne lata dzia\u0142alno\u015bci.<\/p>\n\n\n\n<p>Na zako\u0144czenie \u2013 rocznicowy tort, du\u017co \u015bmiechu i jeszcze wi\u0119cej plan\u00f3w na przysz\u0142o\u015b\u0107! Dzi\u0119kujemy wszystkim za obecno\u015b\u0107 i aktywno\u015b\u0107<\/p>\n\n\n\n<p>Z okazji pocz\u0105tku wakacji \u017cyczymy du\u017co s\u0142o\u0144ca, odpoczynku, ciekawych podr\u00f3\u017cy (r\u00f3wnie\u017c tych literackich!) i oczywi\u015bcie \u2013 czasu na dobr\u0105 ksi\u0105\u017ck\u0119!<\/p>\n\n\n\n<p>Ju\u017c teraz zapraszamy na kolejne spotkanie \u2013 tu\u017c po wakacjach!<\/p>\n\n\n\n<figure class=\"wp-block-gallery has-nested-images columns-default is-cropped wp-block-gallery-1 is-layout-flex wp-block-gallery-is-layout-flex\">\n<figure class=\"wp-block-image size-large\"><a href=\"https:\/\/biblioteka.sulejow.pl\/wpmbps\/wp-content\/uploads\/2025\/06\/Jubileuszowy-tort-z-napisem-DKK.jpg\"><img loading=\"lazy\" decoding=\"async\" width=\"768\" height=\"1024\" data-id=\"1502\" src=\"https:\/\/biblioteka.sulejow.pl\/wpmbps\/wp-content\/uploads\/2025\/06\/Jubileuszowy-tort-z-napisem-DKK.jpg\" alt=\"\" class=\"wp-image-1502\" srcset=\"https:\/\/biblioteka.sulejow.pl\/wpmbps\/wp-content\/uploads\/2025\/06\/Jubileuszowy-tort-z-napisem-DKK.jpg 768w, https:\/\/biblioteka.sulejow.pl\/wpmbps\/wp-content\/uploads\/2025\/06\/Jubileuszowy-tort-z-napisem-DKK-225x300.jpg 225w\" sizes=\"auto, (max-width: 768px) 100vw, 768px\" \/><\/a><\/figure>\n\n\n\n<figure class=\"wp-block-image size-large\"><a href=\"https:\/\/biblioteka.sulejow.pl\/wpmbps\/wp-content\/uploads\/2025\/06\/pamiatkowe-zyczenia-dla-DKK.jpg\"><img loading=\"lazy\" decoding=\"async\" width=\"715\" height=\"1024\" data-id=\"1497\" src=\"https:\/\/biblioteka.sulejow.pl\/wpmbps\/wp-content\/uploads\/2025\/06\/pamiatkowe-zyczenia-dla-DKK.jpg\" alt=\"\" class=\"wp-image-1497\" srcset=\"https:\/\/biblioteka.sulejow.pl\/wpmbps\/wp-content\/uploads\/2025\/06\/pamiatkowe-zyczenia-dla-DKK.jpg 715w, https:\/\/biblioteka.sulejow.pl\/wpmbps\/wp-content\/uploads\/2025\/06\/pamiatkowe-zyczenia-dla-DKK-209x300.jpg 209w\" sizes=\"auto, (max-width: 715px) 100vw, 715px\" \/><\/a><\/figure>\n\n\n\n<figure class=\"wp-block-image size-large\"><a href=\"https:\/\/biblioteka.sulejow.pl\/wpmbps\/wp-content\/uploads\/2025\/06\/Uczestniczki-DKK-ogladaja-kronike.jpg\"><img loading=\"lazy\" decoding=\"async\" width=\"816\" height=\"768\" data-id=\"1500\" src=\"https:\/\/biblioteka.sulejow.pl\/wpmbps\/wp-content\/uploads\/2025\/06\/Uczestniczki-DKK-ogladaja-kronike.jpg\" alt=\"\" class=\"wp-image-1500\" srcset=\"https:\/\/biblioteka.sulejow.pl\/wpmbps\/wp-content\/uploads\/2025\/06\/Uczestniczki-DKK-ogladaja-kronike.jpg 816w, https:\/\/biblioteka.sulejow.pl\/wpmbps\/wp-content\/uploads\/2025\/06\/Uczestniczki-DKK-ogladaja-kronike-300x282.jpg 300w, https:\/\/biblioteka.sulejow.pl\/wpmbps\/wp-content\/uploads\/2025\/06\/Uczestniczki-DKK-ogladaja-kronike-768x723.jpg 768w\" sizes=\"auto, (max-width: 816px) 100vw, 816px\" \/><\/a><\/figure>\n\n\n\n<figure class=\"wp-block-image size-large\"><a href=\"https:\/\/biblioteka.sulejow.pl\/wpmbps\/wp-content\/uploads\/2025\/06\/Uczestniczki-DKK-sluchaja-recenzji-ksiazki.jpg\"><img loading=\"lazy\" decoding=\"async\" width=\"1024\" height=\"763\" data-id=\"1501\" src=\"https:\/\/biblioteka.sulejow.pl\/wpmbps\/wp-content\/uploads\/2025\/06\/Uczestniczki-DKK-sluchaja-recenzji-ksiazki.jpg\" alt=\"\" class=\"wp-image-1501\" srcset=\"https:\/\/biblioteka.sulejow.pl\/wpmbps\/wp-content\/uploads\/2025\/06\/Uczestniczki-DKK-sluchaja-recenzji-ksiazki.jpg 1024w, https:\/\/biblioteka.sulejow.pl\/wpmbps\/wp-content\/uploads\/2025\/06\/Uczestniczki-DKK-sluchaja-recenzji-ksiazki-300x224.jpg 300w, https:\/\/biblioteka.sulejow.pl\/wpmbps\/wp-content\/uploads\/2025\/06\/Uczestniczki-DKK-sluchaja-recenzji-ksiazki-768x572.jpg 768w\" sizes=\"auto, (max-width: 1024px) 100vw, 1024px\" \/><\/a><\/figure>\n\n\n\n<figure class=\"wp-block-image size-large\"><a href=\"https:\/\/biblioteka.sulejow.pl\/wpmbps\/wp-content\/uploads\/2025\/06\/Uczestniczki-DKK-wpisuja-pamiatkowe-zyczenia-do-kroniki.jpg\"><img loading=\"lazy\" decoding=\"async\" width=\"900\" height=\"768\" data-id=\"1498\" src=\"https:\/\/biblioteka.sulejow.pl\/wpmbps\/wp-content\/uploads\/2025\/06\/Uczestniczki-DKK-wpisuja-pamiatkowe-zyczenia-do-kroniki.jpg\" alt=\"\" class=\"wp-image-1498\" srcset=\"https:\/\/biblioteka.sulejow.pl\/wpmbps\/wp-content\/uploads\/2025\/06\/Uczestniczki-DKK-wpisuja-pamiatkowe-zyczenia-do-kroniki.jpg 900w, https:\/\/biblioteka.sulejow.pl\/wpmbps\/wp-content\/uploads\/2025\/06\/Uczestniczki-DKK-wpisuja-pamiatkowe-zyczenia-do-kroniki-300x256.jpg 300w, https:\/\/biblioteka.sulejow.pl\/wpmbps\/wp-content\/uploads\/2025\/06\/Uczestniczki-DKK-wpisuja-pamiatkowe-zyczenia-do-kroniki-768x655.jpg 768w\" sizes=\"auto, (max-width: 900px) 100vw, 900px\" \/><\/a><\/figure>\n\n\n\n<figure class=\"wp-block-image size-large\"><a href=\"https:\/\/biblioteka.sulejow.pl\/wpmbps\/wp-content\/uploads\/2025\/06\/Uczestniczki-DKK.jpg\"><img loading=\"lazy\" decoding=\"async\" width=\"768\" height=\"781\" data-id=\"1499\" src=\"https:\/\/biblioteka.sulejow.pl\/wpmbps\/wp-content\/uploads\/2025\/06\/Uczestniczki-DKK.jpg\" alt=\"\" class=\"wp-image-1499\" srcset=\"https:\/\/biblioteka.sulejow.pl\/wpmbps\/wp-content\/uploads\/2025\/06\/Uczestniczki-DKK.jpg 768w, https:\/\/biblioteka.sulejow.pl\/wpmbps\/wp-content\/uploads\/2025\/06\/Uczestniczki-DKK-295x300.jpg 295w\" sizes=\"auto, (max-width: 768px) 100vw, 768px\" \/><\/a><\/figure>\n\n\n\n<figure class=\"wp-block-image size-large\"><a href=\"https:\/\/biblioteka.sulejow.pl\/wpmbps\/wp-content\/uploads\/2025\/06\/wysttawa-tematyczna-ksiazki-Chlopiec-z-latawcem.jpg\"><img loading=\"lazy\" decoding=\"async\" width=\"768\" height=\"1024\" data-id=\"1503\" src=\"https:\/\/biblioteka.sulejow.pl\/wpmbps\/wp-content\/uploads\/2025\/06\/wysttawa-tematyczna-ksiazki-Chlopiec-z-latawcem.jpg\" alt=\"\" class=\"wp-image-1503\" srcset=\"https:\/\/biblioteka.sulejow.pl\/wpmbps\/wp-content\/uploads\/2025\/06\/wysttawa-tematyczna-ksiazki-Chlopiec-z-latawcem.jpg 768w, https:\/\/biblioteka.sulejow.pl\/wpmbps\/wp-content\/uploads\/2025\/06\/wysttawa-tematyczna-ksiazki-Chlopiec-z-latawcem-225x300.jpg 225w\" sizes=\"auto, (max-width: 768px) 100vw, 768px\" \/><\/a><\/figure>\n<\/figure>\n","protected":false},"excerpt":{"rendered":"<p>Za nami wyj\u0105tkowe spotkanie Dyskusyjnego Klubu Ksi\u0105\u017cki! 26 czerwca \u015bwi\u0119towali\u015bmy rocznic\u0119 dzia\u0142alno\u015bci naszego Klubu przy wyj\u0105tkowej lekturze \u2013 \u201eCh\u0142opiec z latawcem\u201d Khaleda Hosseiniego. To by\u0142a poruszaj\u0105ca i szczera rozmowa o przyja\u017ani, zdradzie, winie i trudnej drodze do odkupienia. Rozmawiali\u015bmy o relacji Amira i Hassana, a tak\u017ce o tym, jak historia i kultura Afganistanu wp\u0142ywaj\u0105 na [&hellip;]<\/p>\n","protected":false},"author":1,"featured_media":0,"comment_status":"closed","ping_status":"","sticky":false,"template":"","format":"standard","meta":{"zakra_page_container_layout":"customizer","zakra_page_sidebar_layout":"customizer","zakra_remove_content_margin":false,"zakra_sidebar":"customizer","zakra_transparent_header":"customizer","zakra_logo":0,"zakra_main_header_style":"default","zakra_menu_item_color":"","zakra_menu_item_hover_color":"","zakra_menu_item_active_color":"","zakra_menu_active_style":"","zakra_page_header":true,"footnotes":"","_links_to":"","_links_to_target":""},"categories":[6],"tags":[],"class_list":["post-1496","post","type-post","status-publish","format-standard","hentry","category-aktualnosci-2025"],"_links":{"self":[{"href":"https:\/\/biblioteka.sulejow.pl\/index.php?rest_route=\/wp\/v2\/posts\/1496","targetHints":{"allow":["GET"]}}],"collection":[{"href":"https:\/\/biblioteka.sulejow.pl\/index.php?rest_route=\/wp\/v2\/posts"}],"about":[{"href":"https:\/\/biblioteka.sulejow.pl\/index.php?rest_route=\/wp\/v2\/types\/post"}],"author":[{"embeddable":true,"href":"https:\/\/biblioteka.sulejow.pl\/index.php?rest_route=\/wp\/v2\/users\/1"}],"replies":[{"embeddable":true,"href":"https:\/\/biblioteka.sulejow.pl\/index.php?rest_route=%2Fwp%2Fv2%2Fcomments&post=1496"}],"version-history":[{"count":1,"href":"https:\/\/biblioteka.sulejow.pl\/index.php?rest_route=\/wp\/v2\/posts\/1496\/revisions"}],"predecessor-version":[{"id":1504,"href":"https:\/\/biblioteka.sulejow.pl\/index.php?rest_route=\/wp\/v2\/posts\/1496\/revisions\/1504"}],"wp:attachment":[{"href":"https:\/\/biblioteka.sulejow.pl\/index.php?rest_route=%2Fwp%2Fv2%2Fmedia&parent=1496"}],"wp:term":[{"taxonomy":"category","embeddable":true,"href":"https:\/\/biblioteka.sulejow.pl\/index.php?rest_route=%2Fwp%2Fv2%2Fcategories&post=1496"},{"taxonomy":"post_tag","embeddable":true,"href":"https:\/\/biblioteka.sulejow.pl\/index.php?rest_route=%2Fwp%2Fv2%2Ftags&post=1496"}],"curies":[{"name":"wp","href":"https:\/\/api.w.org\/{rel}","templated":true}]}}