{"id":1505,"date":"2025-06-27T18:32:06","date_gmt":"2025-06-27T18:32:06","guid":{"rendered":"https:\/\/biblioteka.sulejow.pl\/?p=1505"},"modified":"2025-06-27T18:32:06","modified_gmt":"2025-06-27T18:32:06","slug":"mamy-to-specjalne-wyroznienie-dla-naszej-wymieniajki","status":"publish","type":"post","link":"https:\/\/biblioteka.sulejow.pl\/?p=1505","title":{"rendered":"MAMY TO! SPECJALNE WYR\u00d3\u017bNIENIE DLA NASZEJ WYMIENIAJKI!"},"content":{"rendered":"\n<p>Z rado\u015bci\u0105 informujemy, \u017ce nasza Akcja WYMIENIAJka zosta\u0142a uhonorowana specjalnym wyr\u00f3\u017cnieniem w III edycji Programu Ocalimy \u015awiat w konkursie na najlepszy projekt proekologiczny!<\/p>\n\n\n\n<p>Organizatorem programu jest Fundacja ABCXXI \u2013 Ca\u0142a Polska czyta dzieciom, kt\u00f3ra realizuje go przy wsparciu Partnera Merytorycznego WWF Polska&nbsp;<\/p>\n\n\n\n<p>To dla nas ogromna duma i motywacja do dalszych dzia\u0142a\u0144 na rzecz \u015brodowiska i budowania relacji w naszej lokalnej spo\u0142eczno\u015bci. Dzi\u0119kujemy wszystkim, kt\u00f3rzy zaanga\u017cowali si\u0119 w to wyj\u0105tkowe wydarzenie \u2014 bez Was nie by\u0142oby tego sukcesu!<\/p>\n\n\n\n<p>Szczeg\u00f3lne podzi\u0119kowania dla Dyrektor Szko\u0142y Podstawowej nr 2 im. Kr\u00f3lowej Jadwigi w Sulejowie- Pani Iwony Rybak za wsparcie, zaufanie i otwarto\u015b\u0107 na inicjatywy uczni\u00f3w i biblioteki&nbsp; oraz zgod\u0119 na organizacj\u0119 akcji w murach szko\u0142y! Dzi\u0119ki temu mogli\u015bmy stworzy\u0107 przestrze\u0144 pe\u0142n\u0105 rado\u015bci, wymiany i dobrych relacji!<\/p>\n\n\n\n<p>Wsp\u00f3lnie pokazali\u015bmy, \u017ce dzielenie si\u0119 to frajda, a mniej \u015bmieci to wi\u0119cej rado\u015bci!<\/p>\n\n\n\n<p>Zaszczepili\u015bmy si\u0119 wymian\u0105 \u2013 i to si\u0119 op\u0142aci\u0142o!<\/p>\n\n\n\n<p>Wyniki konkursu i prezentacje nagrodzonych projekt\u00f3w ekologicznych znajdziecie na: <a href=\"https:\/\/calapolskaczytadzieciom.pl\/aktualnosci\/konkurs-na-najlepszy-projekt-proekologiczny-iii-edycji-programu-os-rozstrzygniety\/\">https:\/\/calapolskaczytadzieciom.pl\/aktualnosci\/konkurs-na-najlepszy-projekt-proekologiczny-iii-edycji-programu-os-rozstrzygniety\/<\/a><\/p>\n\n\n\n<p>#Wymieniajka #Wyr\u00f3\u017cnienie #Sulej\u00f3w #Mniej\u015amieciWi\u0119cejRelacji #Ekodzia\u0142anie #RazemMo\u017cemyWi\u0119cej<\/p>\n\n\n\n<p><a href=\"https:\/\/www.facebook.com\/100089097835243\/videos\/579400544975242\">https:\/\/www.facebook.com\/100089097835243\/videos\/579400544975242<\/a><\/p>\n","protected":false},"excerpt":{"rendered":"<p>Z rado\u015bci\u0105 informujemy, \u017ce nasza Akcja WYMIENIAJka zosta\u0142a uhonorowana specjalnym wyr\u00f3\u017cnieniem w III edycji Programu Ocalimy \u015awiat w konkursie na najlepszy projekt proekologiczny! Organizatorem programu jest Fundacja ABCXXI \u2013 Ca\u0142a Polska czyta dzieciom, kt\u00f3ra realizuje go przy wsparciu Partnera Merytorycznego WWF Polska&nbsp; To dla nas ogromna duma i motywacja do dalszych dzia\u0142a\u0144 na rzecz \u015brodowiska [&hellip;]<\/p>\n","protected":false},"author":1,"featured_media":0,"comment_status":"closed","ping_status":"","sticky":false,"template":"","format":"standard","meta":{"zakra_page_container_layout":"customizer","zakra_page_sidebar_layout":"customizer","zakra_remove_content_margin":false,"zakra_sidebar":"customizer","zakra_transparent_header":"customizer","zakra_logo":0,"zakra_main_header_style":"default","zakra_menu_item_color":"","zakra_menu_item_hover_color":"","zakra_menu_item_active_color":"","zakra_menu_active_style":"","zakra_page_header":true,"footnotes":"","_links_to":"","_links_to_target":""},"categories":[6],"tags":[],"class_list":["post-1505","post","type-post","status-publish","format-standard","hentry","category-aktualnosci-2025"],"_links":{"self":[{"href":"https:\/\/biblioteka.sulejow.pl\/index.php?rest_route=\/wp\/v2\/posts\/1505","targetHints":{"allow":["GET"]}}],"collection":[{"href":"https:\/\/biblioteka.sulejow.pl\/index.php?rest_route=\/wp\/v2\/posts"}],"about":[{"href":"https:\/\/biblioteka.sulejow.pl\/index.php?rest_route=\/wp\/v2\/types\/post"}],"author":[{"embeddable":true,"href":"https:\/\/biblioteka.sulejow.pl\/index.php?rest_route=\/wp\/v2\/users\/1"}],"replies":[{"embeddable":true,"href":"https:\/\/biblioteka.sulejow.pl\/index.php?rest_route=%2Fwp%2Fv2%2Fcomments&post=1505"}],"version-history":[{"count":1,"href":"https:\/\/biblioteka.sulejow.pl\/index.php?rest_route=\/wp\/v2\/posts\/1505\/revisions"}],"predecessor-version":[{"id":1506,"href":"https:\/\/biblioteka.sulejow.pl\/index.php?rest_route=\/wp\/v2\/posts\/1505\/revisions\/1506"}],"wp:attachment":[{"href":"https:\/\/biblioteka.sulejow.pl\/index.php?rest_route=%2Fwp%2Fv2%2Fmedia&parent=1505"}],"wp:term":[{"taxonomy":"category","embeddable":true,"href":"https:\/\/biblioteka.sulejow.pl\/index.php?rest_route=%2Fwp%2Fv2%2Fcategories&post=1505"},{"taxonomy":"post_tag","embeddable":true,"href":"https:\/\/biblioteka.sulejow.pl\/index.php?rest_route=%2Fwp%2Fv2%2Ftags&post=1505"}],"curies":[{"name":"wp","href":"https:\/\/api.w.org\/{rel}","templated":true}]}}