{"id":1521,"date":"2025-07-17T18:55:17","date_gmt":"2025-07-17T18:55:17","guid":{"rendered":"https:\/\/biblioteka.sulejow.pl\/?p=1521"},"modified":"2025-07-17T18:55:17","modified_gmt":"2025-07-17T18:55:17","slug":"wizyta-w-regionalnej-izbie-pamieci-w-sulejowie","status":"publish","type":"post","link":"https:\/\/biblioteka.sulejow.pl\/?p=1521","title":{"rendered":"Wizyta w Regionalnej Izbie Pami\u0119ci w Sulejowie"},"content":{"rendered":"\n<p>Nasi seniorzy odwiedzili sulejowsk\u0105 Izb\u0119 Pami\u0119ci<\/p>\n\n\n\n<p>Uczestnicy Klubu Seniora w Gminie Sulej\u00f3w odwiedzili Regionaln\u0105 Izb\u0119 Pami\u0119ci w Sulejowie. Podczas zwiedzania seniorzy poznali legend\u0119 o Suleju oraz obejrzeli ekspozycj\u0119 dokument\u00f3w, zdj\u0119\u0107, pami\u0105tek i przedmiot\u00f3w, zwi\u0105zanych z lokaln\u0105 histori\u0105 oraz \u017cyciem mieszka\u0144c\u00f3w Sulejowa na przestrzeni lat. Uczestnicy z zainteresowaniem ogl\u0105dali zgromadzone eksponaty, dzielili si\u0119 osobistymi wspomnieniami oraz rozmawiali na temat przesz\u0142o\u015bci regionu.<\/p>\n\n\n\n<p>Szczeg\u00f3ln\u0105 atrakcj\u0105 izby jest wystawa po\u015bwi\u0119cona dawnemu przemys\u0142owi wapiennemu, kt\u00f3ry przez wiele dekad stanowi\u0142 wa\u017cn\u0105 ga\u0142\u0105\u017a gospodarki Sulejowa. Uczestnicy mogli obejrze\u0107 makiety przedstawiaj\u0105ce dawny Sulej\u00f3w, replik\u0119 tradycyjnego pieca wapiennego oraz stylizowany str\u00f3j z epoki \u2013 wiernie odtworzony ubi\u00f3r robotnika przemys\u0142u wapienniczego. \u00a0Wystaw\u0119 wzbogacaj\u0105 rze\u017aby dawnych wapiennik\u00f3w w\u0142asnor\u0119cznie wykonane przez Kazimierza Ajsa i Jana Millera.<\/p>\n\n\n\n<p>W Regionalnej Izbie Pami\u0119ci znajduje si\u0119 r\u00f3wnie\u017c osobna ekspozycja po\u015bwi\u0119cona historii Ochotniczej Stra\u017cy Po\u017carnej w Sulejowie. Seniorzy mieli okazj\u0119 zobaczy\u0107 starannie prowadzone kroniki OSP, liczne dyplomy i odznaczenia dokumentuj\u0105ce dzia\u0142alno\u015b\u0107 druh\u00f3w na przestrzeni dziesi\u0119cioleci, a tak\u017ce autentyczne he\u0142my i elementy umundurowania stra\u017cackiego z minionych lat. Wystawa spotka\u0142a si\u0119 z du\u017cym uznaniem \u2013 wielu zwiedzaj\u0105cych mia\u0142o osobiste lub rodzinne zwi\u0105zki z dzia\u0142alno\u015bci\u0105 stra\u017cack\u0105, co dodatkowo podkre\u015bli\u0142o znaczenie tej cz\u0119\u015bci lokalnego dziedzictwa.<\/p>\n\n\n\n<p>Wizyta w Regionalnej Izbie Pami\u0119ci w Sulejowie okaza\u0142a si\u0119 cennym do\u015bwiadczeniem, kt\u00f3re nie tylko poszerzy\u0142o wiedz\u0119 uczestnik\u00f3w na temat regionalnej historii, ale r\u00f3wnie\u017c wzmocni\u0142o wi\u0119zi spo\u0142eczne i mi\u0119dzypokoleniowe.<\/p>\n\n\n\n<p>Do Regionalnej Izby Pami\u0119ci w Sulejowie zapraszamy wszystkich ch\u0119tnych we wtorek i czwartek w godzinach 13:00- 19:00 oraz w niedziel\u0119 w godzinach 10:00 \u2013 18:00. Wst\u0119p wolny.<\/p>\n\n\n\n<figure class=\"wp-block-gallery has-nested-images columns-default is-cropped wp-block-gallery-1 is-layout-flex wp-block-gallery-is-layout-flex\">\n<figure class=\"wp-block-image size-large\"><a href=\"https:\/\/biblioteka.sulejow.pl\/wpmbps\/wp-content\/uploads\/2025\/07\/wwip01.jpg\"><img loading=\"lazy\" decoding=\"async\" width=\"899\" height=\"768\" data-id=\"1528\" src=\"https:\/\/biblioteka.sulejow.pl\/wpmbps\/wp-content\/uploads\/2025\/07\/wwip01.jpg\" alt=\"\" class=\"wp-image-1528\" srcset=\"https:\/\/biblioteka.sulejow.pl\/wpmbps\/wp-content\/uploads\/2025\/07\/wwip01.jpg 899w, https:\/\/biblioteka.sulejow.pl\/wpmbps\/wp-content\/uploads\/2025\/07\/wwip01-300x256.jpg 300w, https:\/\/biblioteka.sulejow.pl\/wpmbps\/wp-content\/uploads\/2025\/07\/wwip01-768x656.jpg 768w\" sizes=\"auto, (max-width: 899px) 100vw, 899px\" \/><\/a><\/figure>\n\n\n\n<figure class=\"wp-block-image size-large\"><a href=\"https:\/\/biblioteka.sulejow.pl\/wpmbps\/wp-content\/uploads\/2025\/07\/wwip02.jpg\"><img loading=\"lazy\" decoding=\"async\" width=\"768\" height=\"971\" data-id=\"1529\" src=\"https:\/\/biblioteka.sulejow.pl\/wpmbps\/wp-content\/uploads\/2025\/07\/wwip02.jpg\" alt=\"\" class=\"wp-image-1529\" srcset=\"https:\/\/biblioteka.sulejow.pl\/wpmbps\/wp-content\/uploads\/2025\/07\/wwip02.jpg 768w, https:\/\/biblioteka.sulejow.pl\/wpmbps\/wp-content\/uploads\/2025\/07\/wwip02-237x300.jpg 237w\" sizes=\"auto, (max-width: 768px) 100vw, 768px\" \/><\/a><\/figure>\n\n\n\n<figure class=\"wp-block-image size-large\"><a href=\"https:\/\/biblioteka.sulejow.pl\/wpmbps\/wp-content\/uploads\/2025\/07\/wwip03.jpg\"><img loading=\"lazy\" decoding=\"async\" width=\"768\" height=\"1024\" data-id=\"1524\" src=\"https:\/\/biblioteka.sulejow.pl\/wpmbps\/wp-content\/uploads\/2025\/07\/wwip03.jpg\" alt=\"\" class=\"wp-image-1524\" srcset=\"https:\/\/biblioteka.sulejow.pl\/wpmbps\/wp-content\/uploads\/2025\/07\/wwip03.jpg 768w, https:\/\/biblioteka.sulejow.pl\/wpmbps\/wp-content\/uploads\/2025\/07\/wwip03-225x300.jpg 225w\" sizes=\"auto, (max-width: 768px) 100vw, 768px\" \/><\/a><\/figure>\n\n\n\n<figure class=\"wp-block-image size-large\"><a href=\"https:\/\/biblioteka.sulejow.pl\/wpmbps\/wp-content\/uploads\/2025\/07\/wwip04.jpg\"><img loading=\"lazy\" decoding=\"async\" width=\"1024\" height=\"768\" data-id=\"1527\" src=\"https:\/\/biblioteka.sulejow.pl\/wpmbps\/wp-content\/uploads\/2025\/07\/wwip04.jpg\" alt=\"\" class=\"wp-image-1527\" srcset=\"https:\/\/biblioteka.sulejow.pl\/wpmbps\/wp-content\/uploads\/2025\/07\/wwip04.jpg 1024w, https:\/\/biblioteka.sulejow.pl\/wpmbps\/wp-content\/uploads\/2025\/07\/wwip04-300x225.jpg 300w, https:\/\/biblioteka.sulejow.pl\/wpmbps\/wp-content\/uploads\/2025\/07\/wwip04-768x576.jpg 768w\" sizes=\"auto, (max-width: 1024px) 100vw, 1024px\" \/><\/a><\/figure>\n\n\n\n<figure class=\"wp-block-image size-large\"><a href=\"https:\/\/biblioteka.sulejow.pl\/wpmbps\/wp-content\/uploads\/2025\/07\/wwip05.jpg\"><img loading=\"lazy\" decoding=\"async\" width=\"768\" height=\"1024\" data-id=\"1526\" src=\"https:\/\/biblioteka.sulejow.pl\/wpmbps\/wp-content\/uploads\/2025\/07\/wwip05.jpg\" alt=\"\" class=\"wp-image-1526\" srcset=\"https:\/\/biblioteka.sulejow.pl\/wpmbps\/wp-content\/uploads\/2025\/07\/wwip05.jpg 768w, https:\/\/biblioteka.sulejow.pl\/wpmbps\/wp-content\/uploads\/2025\/07\/wwip05-225x300.jpg 225w\" sizes=\"auto, (max-width: 768px) 100vw, 768px\" \/><\/a><\/figure>\n\n\n\n<figure class=\"wp-block-image size-large\"><a href=\"https:\/\/biblioteka.sulejow.pl\/wpmbps\/wp-content\/uploads\/2025\/07\/wwip06.jpg\"><img loading=\"lazy\" decoding=\"async\" width=\"768\" height=\"1006\" data-id=\"1525\" src=\"https:\/\/biblioteka.sulejow.pl\/wpmbps\/wp-content\/uploads\/2025\/07\/wwip06.jpg\" alt=\"\" class=\"wp-image-1525\" srcset=\"https:\/\/biblioteka.sulejow.pl\/wpmbps\/wp-content\/uploads\/2025\/07\/wwip06.jpg 768w, https:\/\/biblioteka.sulejow.pl\/wpmbps\/wp-content\/uploads\/2025\/07\/wwip06-229x300.jpg 229w\" sizes=\"auto, (max-width: 768px) 100vw, 768px\" \/><\/a><\/figure>\n<\/figure>\n","protected":false},"excerpt":{"rendered":"<p>Nasi seniorzy odwiedzili sulejowsk\u0105 Izb\u0119 Pami\u0119ci Uczestnicy Klubu Seniora w Gminie Sulej\u00f3w odwiedzili Regionaln\u0105 Izb\u0119 Pami\u0119ci w Sulejowie. Podczas zwiedzania seniorzy poznali legend\u0119 o Suleju oraz obejrzeli ekspozycj\u0119 dokument\u00f3w, zdj\u0119\u0107, pami\u0105tek i przedmiot\u00f3w, zwi\u0105zanych z lokaln\u0105 histori\u0105 oraz \u017cyciem mieszka\u0144c\u00f3w Sulejowa na przestrzeni lat. Uczestnicy z zainteresowaniem ogl\u0105dali zgromadzone eksponaty, dzielili si\u0119 osobistymi wspomnieniami oraz [&hellip;]<\/p>\n","protected":false},"author":1,"featured_media":0,"comment_status":"closed","ping_status":"","sticky":false,"template":"","format":"standard","meta":{"zakra_page_container_layout":"customizer","zakra_page_sidebar_layout":"customizer","zakra_remove_content_margin":false,"zakra_sidebar":"customizer","zakra_transparent_header":"customizer","zakra_logo":0,"zakra_main_header_style":"default","zakra_menu_item_color":"","zakra_menu_item_hover_color":"","zakra_menu_item_active_color":"","zakra_menu_active_style":"","zakra_page_header":true,"footnotes":"","_links_to":"","_links_to_target":""},"categories":[6],"tags":[],"class_list":["post-1521","post","type-post","status-publish","format-standard","hentry","category-aktualnosci-2025"],"_links":{"self":[{"href":"https:\/\/biblioteka.sulejow.pl\/index.php?rest_route=\/wp\/v2\/posts\/1521","targetHints":{"allow":["GET"]}}],"collection":[{"href":"https:\/\/biblioteka.sulejow.pl\/index.php?rest_route=\/wp\/v2\/posts"}],"about":[{"href":"https:\/\/biblioteka.sulejow.pl\/index.php?rest_route=\/wp\/v2\/types\/post"}],"author":[{"embeddable":true,"href":"https:\/\/biblioteka.sulejow.pl\/index.php?rest_route=\/wp\/v2\/users\/1"}],"replies":[{"embeddable":true,"href":"https:\/\/biblioteka.sulejow.pl\/index.php?rest_route=%2Fwp%2Fv2%2Fcomments&post=1521"}],"version-history":[{"count":1,"href":"https:\/\/biblioteka.sulejow.pl\/index.php?rest_route=\/wp\/v2\/posts\/1521\/revisions"}],"predecessor-version":[{"id":1530,"href":"https:\/\/biblioteka.sulejow.pl\/index.php?rest_route=\/wp\/v2\/posts\/1521\/revisions\/1530"}],"wp:attachment":[{"href":"https:\/\/biblioteka.sulejow.pl\/index.php?rest_route=%2Fwp%2Fv2%2Fmedia&parent=1521"}],"wp:term":[{"taxonomy":"category","embeddable":true,"href":"https:\/\/biblioteka.sulejow.pl\/index.php?rest_route=%2Fwp%2Fv2%2Fcategories&post=1521"},{"taxonomy":"post_tag","embeddable":true,"href":"https:\/\/biblioteka.sulejow.pl\/index.php?rest_route=%2Fwp%2Fv2%2Ftags&post=1521"}],"curies":[{"name":"wp","href":"https:\/\/api.w.org\/{rel}","templated":true}]}}