{"id":1754,"date":"2025-11-03T19:19:55","date_gmt":"2025-11-03T19:19:55","guid":{"rendered":"https:\/\/biblioteka.sulejow.pl\/?p=1754"},"modified":"2025-11-03T19:19:55","modified_gmt":"2025-11-03T19:19:55","slug":"rozstrzygniecie-konkursu-plastycznego-jesienne-skrzaty-i-ich-sekrety","status":"publish","type":"post","link":"https:\/\/biblioteka.sulejow.pl\/?p=1754","title":{"rendered":"Rozstrzygni\u0119cie \u00a0konkursu plastycznego \u201eJesienne skrzaty i ich sekrety\u201d"},"content":{"rendered":"\n<p>W poniedzia\u0142ek, 27 pa\u017adziernika 2025 roku, odby\u0142o si\u0119 rozstrzygni\u0119cie konkursu plastycznego \u201eJesienne skrzaty i ich sekrety\u201d, skierowanego do uczni\u00f3w klas I\u2013III szk\u00f3\u0142 podstawowych z terenu Sulejowa zorganizowanego przez Sulejowsk\u0105 Ksi\u0105\u017cnic\u0119.<\/p>\n\n\n\n<p>Tegoroczna edycja inspirowana by\u0142a urokiem jesieni, barwami tej pory roku oraz wyobra\u017ani\u0105 dzieci\u0119c\u0105, kt\u00f3ra pozwoli\u0142a najm\u0142odszym uczestnikom stworzy\u0107 wyj\u0105tkowe prace przedstawiaj\u0105ce tajemniczy \u015bwiat jesiennych skrzat\u00f3w.<\/p>\n\n\n\n<p>W konkursie wzi\u0119\u0142o udzia\u0142 wielu utalentowanych uczni\u00f3w, kt\u00f3rzy zaprezentowali kolorowe, pomys\u0142owe i pe\u0142ne ciep\u0142a prace plastyczne. Jury zwr\u00f3ci\u0142o uwag\u0119 na oryginalno\u015b\u0107, staranno\u015b\u0107 wykonania oraz niezwyk\u0142\u0105 kreatywno\u015b\u0107 m\u0142odych artyst\u00f3w.<\/p>\n\n\n\n<p>Po obradach komisja konkursowa og\u0142osi\u0142a zwyci\u0119zc\u00f3w:<br>Laura G\u00f3ralska \u2013 Szko\u0142a Podstawowa Nr 1 im. Jana Paw\u0142a II w Sulejowie<br>Maja Sobi\u0144ska \u2013 Szko\u0142a Podstawowa Nr 1 im. Jana Paw\u0142a II w Sulejowie<br>Julia Jarz\u0119bska \u2013 Szko\u0142a Podstawowa Nr 2 im. Kr\u00f3lowej Jadwigi w Sulejowie<\/p>\n\n\n\n<p>Ponadto przyznano wyr\u00f3\u017cnienia:<br>Pola Gawin \u2013 Szko\u0142a Podstawowa Nr 1 im. Jana Paw\u0142a II w Sulejowie<br>Alicja Witczak \u2013 Szko\u0142a Podstawowa Nr 1 im. Jana Paw\u0142a II w Sulejowie<br>Urszula Rudzka \u2013 Szko\u0142a Podstawowa Nr 1 im. Jana Paw\u0142a II w Sulejowie<br>Hanna Janosik \u2013 Szko\u0142a Podstawowa Nr 1 im. Jana Paw\u0142a II w Sulejowie<br>Martyna Jele\u0144 \u2013 Szko\u0142a Podstawowa Nr 2 im. Kr\u00f3lowej Jadwigi w Sulejowie<\/p>\n\n\n\n<p>Laureaci otrzymali dyplomy i nagrody, a wszyscy uczestnicy \u2013 pami\u0105tkowe podzi\u0119kowania za udzia\u0142 w konkursie. Organizatorzy podkre\u015blili, \u017ce celem wydarzenia by\u0142o rozwijanie kreatywno\u015bci i wra\u017cliwo\u015bci estetycznej dzieci, rozbudzanie zainteresowania sztuk\u0105 i natur\u0105 oraz zach\u0119canie najm\u0142odszych do tw\u00f3rczego wyra\u017cania swoich pomys\u0142\u00f3w.<\/p>\n\n\n\n<figure class=\"wp-block-gallery has-nested-images columns-default is-cropped wp-block-gallery-1 is-layout-flex wp-block-gallery-is-layout-flex\">\n<figure class=\"wp-block-image size-large\"><a href=\"https:\/\/biblioteka.sulejow.pl\/wpmbps\/wp-content\/uploads\/2025\/11\/1-konkurs-plastyczny.jpg\"><img loading=\"lazy\" decoding=\"async\" width=\"1024\" height=\"768\" data-id=\"1755\" src=\"https:\/\/biblioteka.sulejow.pl\/wpmbps\/wp-content\/uploads\/2025\/11\/1-konkurs-plastyczny.jpg\" alt=\"\" class=\"wp-image-1755\" srcset=\"https:\/\/biblioteka.sulejow.pl\/wpmbps\/wp-content\/uploads\/2025\/11\/1-konkurs-plastyczny.jpg 1024w, https:\/\/biblioteka.sulejow.pl\/wpmbps\/wp-content\/uploads\/2025\/11\/1-konkurs-plastyczny-300x225.jpg 300w, https:\/\/biblioteka.sulejow.pl\/wpmbps\/wp-content\/uploads\/2025\/11\/1-konkurs-plastyczny-768x576.jpg 768w\" sizes=\"auto, (max-width: 1024px) 100vw, 1024px\" \/><\/a><\/figure>\n\n\n\n<figure class=\"wp-block-image size-large\"><a href=\"https:\/\/biblioteka.sulejow.pl\/wpmbps\/wp-content\/uploads\/2025\/11\/2-konkurs-plastyczny.jpg\"><img loading=\"lazy\" decoding=\"async\" width=\"999\" height=\"768\" data-id=\"1760\" src=\"https:\/\/biblioteka.sulejow.pl\/wpmbps\/wp-content\/uploads\/2025\/11\/2-konkurs-plastyczny.jpg\" alt=\"\" class=\"wp-image-1760\" srcset=\"https:\/\/biblioteka.sulejow.pl\/wpmbps\/wp-content\/uploads\/2025\/11\/2-konkurs-plastyczny.jpg 999w, https:\/\/biblioteka.sulejow.pl\/wpmbps\/wp-content\/uploads\/2025\/11\/2-konkurs-plastyczny-300x231.jpg 300w, https:\/\/biblioteka.sulejow.pl\/wpmbps\/wp-content\/uploads\/2025\/11\/2-konkurs-plastyczny-768x590.jpg 768w\" sizes=\"auto, (max-width: 999px) 100vw, 999px\" \/><\/a><\/figure>\n\n\n\n<figure class=\"wp-block-image size-large\"><a href=\"https:\/\/biblioteka.sulejow.pl\/wpmbps\/wp-content\/uploads\/2025\/11\/3-konkurs-plastyczny.jpg\"><img loading=\"lazy\" decoding=\"async\" width=\"768\" height=\"1024\" data-id=\"1762\" src=\"https:\/\/biblioteka.sulejow.pl\/wpmbps\/wp-content\/uploads\/2025\/11\/3-konkurs-plastyczny.jpg\" alt=\"\" class=\"wp-image-1762\" srcset=\"https:\/\/biblioteka.sulejow.pl\/wpmbps\/wp-content\/uploads\/2025\/11\/3-konkurs-plastyczny.jpg 768w, https:\/\/biblioteka.sulejow.pl\/wpmbps\/wp-content\/uploads\/2025\/11\/3-konkurs-plastyczny-225x300.jpg 225w\" sizes=\"auto, (max-width: 768px) 100vw, 768px\" \/><\/a><\/figure>\n\n\n\n<figure class=\"wp-block-image size-large\"><a href=\"https:\/\/biblioteka.sulejow.pl\/wpmbps\/wp-content\/uploads\/2025\/11\/4-konkurs-plastyczny.jpg\"><img loading=\"lazy\" decoding=\"async\" width=\"677\" height=\"1024\" data-id=\"1764\" src=\"https:\/\/biblioteka.sulejow.pl\/wpmbps\/wp-content\/uploads\/2025\/11\/4-konkurs-plastyczny.jpg\" alt=\"\" class=\"wp-image-1764\" srcset=\"https:\/\/biblioteka.sulejow.pl\/wpmbps\/wp-content\/uploads\/2025\/11\/4-konkurs-plastyczny.jpg 677w, https:\/\/biblioteka.sulejow.pl\/wpmbps\/wp-content\/uploads\/2025\/11\/4-konkurs-plastyczny-198x300.jpg 198w\" sizes=\"auto, (max-width: 677px) 100vw, 677px\" \/><\/a><\/figure>\n\n\n\n<figure class=\"wp-block-image size-large\"><a href=\"https:\/\/biblioteka.sulejow.pl\/wpmbps\/wp-content\/uploads\/2025\/11\/5-konkurs-plastyczny.jpg\"><img loading=\"lazy\" decoding=\"async\" width=\"768\" height=\"1024\" data-id=\"1767\" src=\"https:\/\/biblioteka.sulejow.pl\/wpmbps\/wp-content\/uploads\/2025\/11\/5-konkurs-plastyczny.jpg\" alt=\"\" class=\"wp-image-1767\" srcset=\"https:\/\/biblioteka.sulejow.pl\/wpmbps\/wp-content\/uploads\/2025\/11\/5-konkurs-plastyczny.jpg 768w, https:\/\/biblioteka.sulejow.pl\/wpmbps\/wp-content\/uploads\/2025\/11\/5-konkurs-plastyczny-225x300.jpg 225w\" sizes=\"auto, (max-width: 768px) 100vw, 768px\" \/><\/a><\/figure>\n\n\n\n<figure class=\"wp-block-image size-large\"><a href=\"https:\/\/biblioteka.sulejow.pl\/wpmbps\/wp-content\/uploads\/2025\/11\/6-konkurs-plastyczny.jpg\"><img loading=\"lazy\" decoding=\"async\" width=\"768\" height=\"920\" data-id=\"1763\" src=\"https:\/\/biblioteka.sulejow.pl\/wpmbps\/wp-content\/uploads\/2025\/11\/6-konkurs-plastyczny.jpg\" alt=\"\" class=\"wp-image-1763\" srcset=\"https:\/\/biblioteka.sulejow.pl\/wpmbps\/wp-content\/uploads\/2025\/11\/6-konkurs-plastyczny.jpg 768w, https:\/\/biblioteka.sulejow.pl\/wpmbps\/wp-content\/uploads\/2025\/11\/6-konkurs-plastyczny-250x300.jpg 250w\" sizes=\"auto, (max-width: 768px) 100vw, 768px\" \/><\/a><\/figure>\n\n\n\n<figure class=\"wp-block-image size-large\"><a href=\"https:\/\/biblioteka.sulejow.pl\/wpmbps\/wp-content\/uploads\/2025\/11\/7-konkurs-plastyczny.jpg\"><img loading=\"lazy\" decoding=\"async\" width=\"723\" height=\"1024\" data-id=\"1765\" src=\"https:\/\/biblioteka.sulejow.pl\/wpmbps\/wp-content\/uploads\/2025\/11\/7-konkurs-plastyczny.jpg\" alt=\"\" class=\"wp-image-1765\" srcset=\"https:\/\/biblioteka.sulejow.pl\/wpmbps\/wp-content\/uploads\/2025\/11\/7-konkurs-plastyczny.jpg 723w, https:\/\/biblioteka.sulejow.pl\/wpmbps\/wp-content\/uploads\/2025\/11\/7-konkurs-plastyczny-212x300.jpg 212w\" sizes=\"auto, (max-width: 723px) 100vw, 723px\" \/><\/a><\/figure>\n\n\n\n<figure class=\"wp-block-image size-large\"><a href=\"https:\/\/biblioteka.sulejow.pl\/wpmbps\/wp-content\/uploads\/2025\/11\/8-konkurs-plastyczny.jpg\"><img loading=\"lazy\" decoding=\"async\" width=\"766\" height=\"1024\" data-id=\"1766\" src=\"https:\/\/biblioteka.sulejow.pl\/wpmbps\/wp-content\/uploads\/2025\/11\/8-konkurs-plastyczny.jpg\" alt=\"\" class=\"wp-image-1766\" srcset=\"https:\/\/biblioteka.sulejow.pl\/wpmbps\/wp-content\/uploads\/2025\/11\/8-konkurs-plastyczny.jpg 766w, https:\/\/biblioteka.sulejow.pl\/wpmbps\/wp-content\/uploads\/2025\/11\/8-konkurs-plastyczny-224x300.jpg 224w\" sizes=\"auto, (max-width: 766px) 100vw, 766px\" \/><\/a><\/figure>\n\n\n\n<figure class=\"wp-block-image size-large\"><a href=\"https:\/\/biblioteka.sulejow.pl\/wpmbps\/wp-content\/uploads\/2025\/11\/9-konkurs-plastyczny.jpg\"><img loading=\"lazy\" decoding=\"async\" width=\"568\" height=\"1024\" data-id=\"1761\" src=\"https:\/\/biblioteka.sulejow.pl\/wpmbps\/wp-content\/uploads\/2025\/11\/9-konkurs-plastyczny.jpg\" alt=\"\" class=\"wp-image-1761\" srcset=\"https:\/\/biblioteka.sulejow.pl\/wpmbps\/wp-content\/uploads\/2025\/11\/9-konkurs-plastyczny.jpg 568w, https:\/\/biblioteka.sulejow.pl\/wpmbps\/wp-content\/uploads\/2025\/11\/9-konkurs-plastyczny-166x300.jpg 166w\" sizes=\"auto, (max-width: 568px) 100vw, 568px\" \/><\/a><\/figure>\n\n\n\n<figure class=\"wp-block-image size-large\"><a href=\"https:\/\/biblioteka.sulejow.pl\/wpmbps\/wp-content\/uploads\/2025\/11\/10-konkurs-plastyczny.jpg\"><img loading=\"lazy\" decoding=\"async\" width=\"1024\" height=\"768\" data-id=\"1758\" src=\"https:\/\/biblioteka.sulejow.pl\/wpmbps\/wp-content\/uploads\/2025\/11\/10-konkurs-plastyczny.jpg\" alt=\"\" class=\"wp-image-1758\" srcset=\"https:\/\/biblioteka.sulejow.pl\/wpmbps\/wp-content\/uploads\/2025\/11\/10-konkurs-plastyczny.jpg 1024w, https:\/\/biblioteka.sulejow.pl\/wpmbps\/wp-content\/uploads\/2025\/11\/10-konkurs-plastyczny-300x225.jpg 300w, https:\/\/biblioteka.sulejow.pl\/wpmbps\/wp-content\/uploads\/2025\/11\/10-konkurs-plastyczny-768x576.jpg 768w\" sizes=\"auto, (max-width: 1024px) 100vw, 1024px\" \/><\/a><\/figure>\n\n\n\n<figure class=\"wp-block-image size-large\"><a href=\"https:\/\/biblioteka.sulejow.pl\/wpmbps\/wp-content\/uploads\/2025\/11\/11-konkurs-plastyczny.jpg\"><img loading=\"lazy\" decoding=\"async\" width=\"1024\" height=\"768\" data-id=\"1756\" src=\"https:\/\/biblioteka.sulejow.pl\/wpmbps\/wp-content\/uploads\/2025\/11\/11-konkurs-plastyczny.jpg\" alt=\"\" class=\"wp-image-1756\" srcset=\"https:\/\/biblioteka.sulejow.pl\/wpmbps\/wp-content\/uploads\/2025\/11\/11-konkurs-plastyczny.jpg 1024w, https:\/\/biblioteka.sulejow.pl\/wpmbps\/wp-content\/uploads\/2025\/11\/11-konkurs-plastyczny-300x225.jpg 300w, https:\/\/biblioteka.sulejow.pl\/wpmbps\/wp-content\/uploads\/2025\/11\/11-konkurs-plastyczny-768x576.jpg 768w\" sizes=\"auto, (max-width: 1024px) 100vw, 1024px\" \/><\/a><\/figure>\n\n\n\n<figure class=\"wp-block-image size-large\"><a href=\"https:\/\/biblioteka.sulejow.pl\/wpmbps\/wp-content\/uploads\/2025\/11\/12-konkurs-plastyczny.jpg\"><img loading=\"lazy\" decoding=\"async\" width=\"1024\" height=\"768\" data-id=\"1757\" src=\"https:\/\/biblioteka.sulejow.pl\/wpmbps\/wp-content\/uploads\/2025\/11\/12-konkurs-plastyczny.jpg\" alt=\"\" class=\"wp-image-1757\" srcset=\"https:\/\/biblioteka.sulejow.pl\/wpmbps\/wp-content\/uploads\/2025\/11\/12-konkurs-plastyczny.jpg 1024w, https:\/\/biblioteka.sulejow.pl\/wpmbps\/wp-content\/uploads\/2025\/11\/12-konkurs-plastyczny-300x225.jpg 300w, https:\/\/biblioteka.sulejow.pl\/wpmbps\/wp-content\/uploads\/2025\/11\/12-konkurs-plastyczny-768x576.jpg 768w\" sizes=\"auto, (max-width: 1024px) 100vw, 1024px\" \/><\/a><\/figure>\n\n\n\n<figure class=\"wp-block-image size-large\"><a href=\"https:\/\/biblioteka.sulejow.pl\/wpmbps\/wp-content\/uploads\/2025\/11\/13-konkurs-plastyczny.jpg\"><img loading=\"lazy\" decoding=\"async\" width=\"1024\" height=\"768\" data-id=\"1759\" src=\"https:\/\/biblioteka.sulejow.pl\/wpmbps\/wp-content\/uploads\/2025\/11\/13-konkurs-plastyczny.jpg\" alt=\"\" class=\"wp-image-1759\" srcset=\"https:\/\/biblioteka.sulejow.pl\/wpmbps\/wp-content\/uploads\/2025\/11\/13-konkurs-plastyczny.jpg 1024w, https:\/\/biblioteka.sulejow.pl\/wpmbps\/wp-content\/uploads\/2025\/11\/13-konkurs-plastyczny-300x225.jpg 300w, https:\/\/biblioteka.sulejow.pl\/wpmbps\/wp-content\/uploads\/2025\/11\/13-konkurs-plastyczny-768x576.jpg 768w\" sizes=\"auto, (max-width: 1024px) 100vw, 1024px\" \/><\/a><\/figure>\n<\/figure>\n","protected":false},"excerpt":{"rendered":"<p>W poniedzia\u0142ek, 27 pa\u017adziernika 2025 roku, odby\u0142o si\u0119 rozstrzygni\u0119cie konkursu plastycznego \u201eJesienne skrzaty i ich sekrety\u201d, skierowanego do uczni\u00f3w klas I\u2013III szk\u00f3\u0142 podstawowych z terenu Sulejowa zorganizowanego przez Sulejowsk\u0105 Ksi\u0105\u017cnic\u0119. Tegoroczna edycja inspirowana by\u0142a urokiem jesieni, barwami tej pory roku oraz wyobra\u017ani\u0105 dzieci\u0119c\u0105, kt\u00f3ra pozwoli\u0142a najm\u0142odszym uczestnikom stworzy\u0107 wyj\u0105tkowe prace przedstawiaj\u0105ce tajemniczy \u015bwiat jesiennych skrzat\u00f3w. [&hellip;]<\/p>\n","protected":false},"author":1,"featured_media":0,"comment_status":"closed","ping_status":"","sticky":false,"template":"","format":"standard","meta":{"zakra_page_container_layout":"customizer","zakra_page_sidebar_layout":"customizer","zakra_remove_content_margin":false,"zakra_sidebar":"customizer","zakra_transparent_header":"customizer","zakra_logo":0,"zakra_main_header_style":"default","zakra_menu_item_color":"","zakra_menu_item_hover_color":"","zakra_menu_item_active_color":"","zakra_menu_active_style":"","zakra_page_header":true,"footnotes":"","_links_to":"","_links_to_target":""},"categories":[6],"tags":[],"class_list":["post-1754","post","type-post","status-publish","format-standard","hentry","category-aktualnosci-2025"],"_links":{"self":[{"href":"https:\/\/biblioteka.sulejow.pl\/index.php?rest_route=\/wp\/v2\/posts\/1754","targetHints":{"allow":["GET"]}}],"collection":[{"href":"https:\/\/biblioteka.sulejow.pl\/index.php?rest_route=\/wp\/v2\/posts"}],"about":[{"href":"https:\/\/biblioteka.sulejow.pl\/index.php?rest_route=\/wp\/v2\/types\/post"}],"author":[{"embeddable":true,"href":"https:\/\/biblioteka.sulejow.pl\/index.php?rest_route=\/wp\/v2\/users\/1"}],"replies":[{"embeddable":true,"href":"https:\/\/biblioteka.sulejow.pl\/index.php?rest_route=%2Fwp%2Fv2%2Fcomments&post=1754"}],"version-history":[{"count":1,"href":"https:\/\/biblioteka.sulejow.pl\/index.php?rest_route=\/wp\/v2\/posts\/1754\/revisions"}],"predecessor-version":[{"id":1768,"href":"https:\/\/biblioteka.sulejow.pl\/index.php?rest_route=\/wp\/v2\/posts\/1754\/revisions\/1768"}],"wp:attachment":[{"href":"https:\/\/biblioteka.sulejow.pl\/index.php?rest_route=%2Fwp%2Fv2%2Fmedia&parent=1754"}],"wp:term":[{"taxonomy":"category","embeddable":true,"href":"https:\/\/biblioteka.sulejow.pl\/index.php?rest_route=%2Fwp%2Fv2%2Fcategories&post=1754"},{"taxonomy":"post_tag","embeddable":true,"href":"https:\/\/biblioteka.sulejow.pl\/index.php?rest_route=%2Fwp%2Fv2%2Ftags&post=1754"}],"curies":[{"name":"wp","href":"https:\/\/api.w.org\/{rel}","templated":true}]}}