{"id":1772,"date":"2025-11-08T18:27:31","date_gmt":"2025-11-08T18:27:31","guid":{"rendered":"https:\/\/biblioteka.sulejow.pl\/?p=1772"},"modified":"2025-11-08T18:28:10","modified_gmt":"2025-11-08T18:28:10","slug":"zapraszamy-na-wystawe","status":"publish","type":"post","link":"https:\/\/biblioteka.sulejow.pl\/?p=1772","title":{"rendered":"Zapraszamy na wystaw\u0119"},"content":{"rendered":"\n<p>Zapraszamy na patriotyczn\u0105 podr\u00f3\u017c szlakami naszej historii!<\/p>\n\n\n\n<p>Dzi\u0119ki wsp\u00f3\u0142pracy z Muzeum w Piotrkowie Trybunalskim, Regionalna Izba Pami\u0119ci w Sulejowie otwiera now\u0105, wyj\u0105tkow\u0105 wystaw\u0119 pt. \u201ePiotrkowskimi \u015bcie\u017ckami do Niepodleg\u0142o\u015bci. Legiony Polskie w Piotrkowie 1914\u20131917\u201d Poznaj wybitnych dow\u00f3dc\u00f3w Legion\u00f3w Polskich zwi\u0105zanych z naszym regionem, kt\u00f3rzy w wolnej Polsce si\u0119gn\u0119li po najwy\u017csze zaszczyty. Odkryj zapomniane nazwiska sulejowskich legionist\u00f3w i dowiedz si\u0119, kt\u00f3ra ulica w Sulejowie nosi\u0142a niegdy\u015b imi\u0119 Arcyksi\u0119cia J\u00f3zefa.<\/p>\n\n\n\n<p>Miejsce: Regionalna Izba Pami\u0119ci w Sulejowie, Plac Stra\u017cy nr 1<br>(wej\u015bcie od ul. G\u00f3rnej \u2013 pod ma\u0142\u0105 wie\u017c\u0105, budynek OSP)<\/p>\n\n\n\n<p>Zapraszamy na otwarcie wystawy 11 listopada w godzinach 17:00-19:00.<br>Godziny zwiedzania: wtorki i czwartki 9:00-15:00 oraz niedziele 10:00-18:00<br>Wystawa czynna do 30 listopada 2025 r.<\/p>\n\n\n\n<p>Niech dzieje naszego miasta i narodu b\u0119d\u0105 dla nas inspiracj\u0105 do dumy i pami\u0119ci o bohaterach!<\/p>\n","protected":false},"excerpt":{"rendered":"<p>Zapraszamy na patriotyczn\u0105 podr\u00f3\u017c szlakami naszej historii! Dzi\u0119ki wsp\u00f3\u0142pracy z Muzeum w Piotrkowie Trybunalskim, Regionalna Izba Pami\u0119ci w Sulejowie otwiera now\u0105, wyj\u0105tkow\u0105 wystaw\u0119 pt. \u201ePiotrkowskimi \u015bcie\u017ckami do Niepodleg\u0142o\u015bci. Legiony Polskie w Piotrkowie 1914\u20131917\u201d Poznaj wybitnych dow\u00f3dc\u00f3w Legion\u00f3w Polskich zwi\u0105zanych z naszym regionem, kt\u00f3rzy w wolnej Polsce si\u0119gn\u0119li po najwy\u017csze zaszczyty. Odkryj zapomniane nazwiska sulejowskich legionist\u00f3w [&hellip;]<\/p>\n","protected":false},"author":1,"featured_media":1773,"comment_status":"closed","ping_status":"","sticky":false,"template":"","format":"standard","meta":{"zakra_page_container_layout":"customizer","zakra_page_sidebar_layout":"customizer","zakra_remove_content_margin":false,"zakra_sidebar":"customizer","zakra_transparent_header":"customizer","zakra_logo":0,"zakra_main_header_style":"default","zakra_menu_item_color":"","zakra_menu_item_hover_color":"","zakra_menu_item_active_color":"","zakra_menu_active_style":"","zakra_page_header":true,"footnotes":"","_links_to":"","_links_to_target":""},"categories":[6],"tags":[],"class_list":["post-1772","post","type-post","status-publish","format-standard","has-post-thumbnail","hentry","category-aktualnosci-2025"],"_links":{"self":[{"href":"https:\/\/biblioteka.sulejow.pl\/index.php?rest_route=\/wp\/v2\/posts\/1772","targetHints":{"allow":["GET"]}}],"collection":[{"href":"https:\/\/biblioteka.sulejow.pl\/index.php?rest_route=\/wp\/v2\/posts"}],"about":[{"href":"https:\/\/biblioteka.sulejow.pl\/index.php?rest_route=\/wp\/v2\/types\/post"}],"author":[{"embeddable":true,"href":"https:\/\/biblioteka.sulejow.pl\/index.php?rest_route=\/wp\/v2\/users\/1"}],"replies":[{"embeddable":true,"href":"https:\/\/biblioteka.sulejow.pl\/index.php?rest_route=%2Fwp%2Fv2%2Fcomments&post=1772"}],"version-history":[{"count":2,"href":"https:\/\/biblioteka.sulejow.pl\/index.php?rest_route=\/wp\/v2\/posts\/1772\/revisions"}],"predecessor-version":[{"id":1775,"href":"https:\/\/biblioteka.sulejow.pl\/index.php?rest_route=\/wp\/v2\/posts\/1772\/revisions\/1775"}],"wp:featuredmedia":[{"embeddable":true,"href":"https:\/\/biblioteka.sulejow.pl\/index.php?rest_route=\/wp\/v2\/media\/1773"}],"wp:attachment":[{"href":"https:\/\/biblioteka.sulejow.pl\/index.php?rest_route=%2Fwp%2Fv2%2Fmedia&parent=1772"}],"wp:term":[{"taxonomy":"category","embeddable":true,"href":"https:\/\/biblioteka.sulejow.pl\/index.php?rest_route=%2Fwp%2Fv2%2Fcategories&post=1772"},{"taxonomy":"post_tag","embeddable":true,"href":"https:\/\/biblioteka.sulejow.pl\/index.php?rest_route=%2Fwp%2Fv2%2Ftags&post=1772"}],"curies":[{"name":"wp","href":"https:\/\/api.w.org\/{rel}","templated":true}]}}