{"id":1776,"date":"2025-11-08T18:31:28","date_gmt":"2025-11-08T18:31:28","guid":{"rendered":"https:\/\/biblioteka.sulejow.pl\/?p=1776"},"modified":"2025-11-08T18:31:28","modified_gmt":"2025-11-08T18:31:28","slug":"informacja-11","status":"publish","type":"post","link":"https:\/\/biblioteka.sulejow.pl\/?p=1776","title":{"rendered":"Informacja"},"content":{"rendered":"\n<p>Informujemy, \u017ce od 12 listopada 2025 r. Filia Biblioteczna w \u0141\u0119cznie b\u0119dzie nieczynna do odwo\u0142ania z uwagi na planowany remont. Za wszelkie niedogodno\u015bci serdecznie przepraszamy, ale robimy to z my\u015bl\u0105 o Was \u2013 zmieniamy si\u0119, by nasza biblioteka by\u0142a jeszcze bardziej przyjazna i nowoczesna!<\/p>\n\n\n\n<p>W tym czasie zapraszamy wszystkich Czytelnik\u00f3w do odwiedzania Miejskiej Biblioteki Publicznej w Sulejowie, gdzie czekaj\u0105 na Was nasze zbiory, mi\u0142a atmosfera i pomocni bibliotekarze.<\/p>\n\n\n\n<p>Dzi\u0119kujemy za wyrozumia\u0142o\u015b\u0107 i do zobaczenia po remoncie w nowej ods\u0142onie!<\/p>\n","protected":false},"excerpt":{"rendered":"<p>Informujemy, \u017ce od 12 listopada 2025 r. Filia Biblioteczna w \u0141\u0119cznie b\u0119dzie nieczynna do odwo\u0142ania z uwagi na planowany remont. Za wszelkie niedogodno\u015bci serdecznie przepraszamy, ale robimy to z my\u015bl\u0105 o Was \u2013 zmieniamy si\u0119, by nasza biblioteka by\u0142a jeszcze bardziej przyjazna i nowoczesna! W tym czasie zapraszamy wszystkich Czytelnik\u00f3w do odwiedzania Miejskiej Biblioteki Publicznej [&hellip;]<\/p>\n","protected":false},"author":1,"featured_media":1777,"comment_status":"closed","ping_status":"","sticky":false,"template":"","format":"standard","meta":{"zakra_page_container_layout":"customizer","zakra_page_sidebar_layout":"customizer","zakra_remove_content_margin":false,"zakra_sidebar":"customizer","zakra_transparent_header":"customizer","zakra_logo":0,"zakra_main_header_style":"default","zakra_menu_item_color":"","zakra_menu_item_hover_color":"","zakra_menu_item_active_color":"","zakra_menu_active_style":"","zakra_page_header":true,"footnotes":"","_links_to":"","_links_to_target":""},"categories":[6],"tags":[],"class_list":["post-1776","post","type-post","status-publish","format-standard","has-post-thumbnail","hentry","category-aktualnosci-2025"],"_links":{"self":[{"href":"https:\/\/biblioteka.sulejow.pl\/index.php?rest_route=\/wp\/v2\/posts\/1776","targetHints":{"allow":["GET"]}}],"collection":[{"href":"https:\/\/biblioteka.sulejow.pl\/index.php?rest_route=\/wp\/v2\/posts"}],"about":[{"href":"https:\/\/biblioteka.sulejow.pl\/index.php?rest_route=\/wp\/v2\/types\/post"}],"author":[{"embeddable":true,"href":"https:\/\/biblioteka.sulejow.pl\/index.php?rest_route=\/wp\/v2\/users\/1"}],"replies":[{"embeddable":true,"href":"https:\/\/biblioteka.sulejow.pl\/index.php?rest_route=%2Fwp%2Fv2%2Fcomments&post=1776"}],"version-history":[{"count":1,"href":"https:\/\/biblioteka.sulejow.pl\/index.php?rest_route=\/wp\/v2\/posts\/1776\/revisions"}],"predecessor-version":[{"id":1778,"href":"https:\/\/biblioteka.sulejow.pl\/index.php?rest_route=\/wp\/v2\/posts\/1776\/revisions\/1778"}],"wp:featuredmedia":[{"embeddable":true,"href":"https:\/\/biblioteka.sulejow.pl\/index.php?rest_route=\/wp\/v2\/media\/1777"}],"wp:attachment":[{"href":"https:\/\/biblioteka.sulejow.pl\/index.php?rest_route=%2Fwp%2Fv2%2Fmedia&parent=1776"}],"wp:term":[{"taxonomy":"category","embeddable":true,"href":"https:\/\/biblioteka.sulejow.pl\/index.php?rest_route=%2Fwp%2Fv2%2Fcategories&post=1776"},{"taxonomy":"post_tag","embeddable":true,"href":"https:\/\/biblioteka.sulejow.pl\/index.php?rest_route=%2Fwp%2Fv2%2Ftags&post=1776"}],"curies":[{"name":"wp","href":"https:\/\/api.w.org\/{rel}","templated":true}]}}