{"id":1784,"date":"2025-11-24T18:31:54","date_gmt":"2025-11-24T18:31:54","guid":{"rendered":"https:\/\/biblioteka.sulejow.pl\/?p=1784"},"modified":"2025-11-24T18:31:54","modified_gmt":"2025-11-24T18:31:54","slug":"europejska-wymiana-ozdob-choinkowych-2025","status":"publish","type":"post","link":"https:\/\/biblioteka.sulejow.pl\/?p=1784","title":{"rendered":"Europejska Wymiana Ozd\u00f3b Choinkowych 2025"},"content":{"rendered":"\n<p>Dzi\u015b w Szkole Podstawowej nr 2 im. Kr\u00f3lowej Jadwigi w Sulejowie panowa\u0142a prawdziwie \u015bwi\u0105teczna atmosfera!<\/p>\n\n\n\n<p>Razem z uczniami tworzyli\u015bmy w\u0142asnor\u0119czne ozdoby choinkowe na Europejsk\u0105 Wymian\u0119 Ozd\u00f3b \u015awi\u0105tecznych 2025, a sala wype\u0142ni\u0142a si\u0119 kolorami, u\u015bmiechami i tw\u00f3rczym zapa\u0142em. Dzieci z ogromnym entuzjazmem wycina\u0142y, klei\u0142y, ozdabia\u0142y i eksperymentowa\u0142y z r\u00f3\u017cnymi materia\u0142ami, daj\u0105c upust swojej fantazji.<\/p>\n\n\n\n<p>Europejska wymiana ozd\u00f3b \u015bwi\u0105tecznych to wspania\u0142a inicjatywa, w kt\u00f3rej szko\u0142y z r\u00f3\u017cnych zak\u0105tk\u00f3w Europy dziel\u0105 si\u0119 wykonanymi przez uczni\u00f3w dekoracjami. My wysy\u0142amy nasze wyj\u0105tkowe prace, a w zamian otrzymamy ozdoby przygotowane przez r\u00f3wie\u015bnik\u00f3w z innych kraj\u00f3w. Dzi\u0119ki temu uczniowie mog\u0105 nie tylko udekorowa\u0107 swoj\u0105 szkoln\u0105 choink\u0119 wyj\u0105tkowymi, mi\u0119dzynarodowymi ozdobami, lecz tak\u017ce pozna\u0107 kultur\u0119, zwyczaje i tradycje \u015bwi\u0105teczne innych narod\u00f3w, a \u015bwi\u0105teczne drzewko stanie si\u0119 ma\u0142ym symbolem europejskiej przyja\u017ani i r\u00f3\u017cnorodno\u015bci.<\/p>\n\n\n\n<p>W\u0142asnor\u0119cznie wykonane ozdoby maj\u0105 ogromn\u0105 warto\u015b\u0107 \u2013 ka\u017cda z nich to niepowtarzalny efekt pracy ma\u0142ych artyst\u00f3w, pe\u0142en dzieci\u0119cej rado\u015bci, pomys\u0142\u00f3w i serca. Takie dekoracje s\u0105 znacznie cenniejsze ni\u017c te kupione, bo przypominaj\u0105 o wsp\u00f3lnym dzia\u0142aniu, wymianie dobrych emocji i magii, kt\u00f3ra pojawia si\u0119, gdy tworzymy co\u015b razem.<\/p>\n\n\n\n<p>Inicjatywa realizowana jest dzi\u0119ki wsp\u00f3\u0142pracy z punktem Europe Direct Piotrk\u00f3w Trybunalski, kt\u00f3ry wspiera szko\u0142y w dzia\u0142aniach edukacyjnych zwi\u0105zanych z Uni\u0105 Europejsk\u0105, pomaga nawi\u0105zywa\u0107 mi\u0119dzynarodowe kontakty i zach\u0119ca do poznawania innych kultur w atrakcyjny, kreatywny spos\u00f3b.<\/p>\n\n\n\n<figure class=\"wp-block-gallery has-nested-images columns-default is-cropped wp-block-gallery-1 is-layout-flex wp-block-gallery-is-layout-flex\">\n<figure class=\"wp-block-image size-large\"><a href=\"https:\/\/biblioteka.sulejow.pl\/wpmbps\/wp-content\/uploads\/2025\/11\/1-Europejska-wymiana-ozdob-choinkowych.jpg\"><img loading=\"lazy\" decoding=\"async\" width=\"768\" height=\"1024\" data-id=\"1787\" src=\"https:\/\/biblioteka.sulejow.pl\/wpmbps\/wp-content\/uploads\/2025\/11\/1-Europejska-wymiana-ozdob-choinkowych.jpg\" alt=\"\" class=\"wp-image-1787\" srcset=\"https:\/\/biblioteka.sulejow.pl\/wpmbps\/wp-content\/uploads\/2025\/11\/1-Europejska-wymiana-ozdob-choinkowych.jpg 768w, https:\/\/biblioteka.sulejow.pl\/wpmbps\/wp-content\/uploads\/2025\/11\/1-Europejska-wymiana-ozdob-choinkowych-225x300.jpg 225w\" sizes=\"auto, (max-width: 768px) 100vw, 768px\" \/><\/a><\/figure>\n\n\n\n<figure class=\"wp-block-image size-large\"><a href=\"https:\/\/biblioteka.sulejow.pl\/wpmbps\/wp-content\/uploads\/2025\/11\/1.jpg\"><img loading=\"lazy\" decoding=\"async\" width=\"1024\" height=\"766\" data-id=\"1795\" src=\"https:\/\/biblioteka.sulejow.pl\/wpmbps\/wp-content\/uploads\/2025\/11\/1.jpg\" alt=\"\" class=\"wp-image-1795\" srcset=\"https:\/\/biblioteka.sulejow.pl\/wpmbps\/wp-content\/uploads\/2025\/11\/1.jpg 1024w, https:\/\/biblioteka.sulejow.pl\/wpmbps\/wp-content\/uploads\/2025\/11\/1-300x224.jpg 300w, https:\/\/biblioteka.sulejow.pl\/wpmbps\/wp-content\/uploads\/2025\/11\/1-768x575.jpg 768w\" sizes=\"auto, (max-width: 1024px) 100vw, 1024px\" \/><\/a><\/figure>\n\n\n\n<figure class=\"wp-block-image size-large\"><a href=\"https:\/\/biblioteka.sulejow.pl\/wpmbps\/wp-content\/uploads\/2025\/11\/2.jpg\"><img loading=\"lazy\" decoding=\"async\" width=\"680\" height=\"1024\" data-id=\"1796\" src=\"https:\/\/biblioteka.sulejow.pl\/wpmbps\/wp-content\/uploads\/2025\/11\/2.jpg\" alt=\"\" class=\"wp-image-1796\" srcset=\"https:\/\/biblioteka.sulejow.pl\/wpmbps\/wp-content\/uploads\/2025\/11\/2.jpg 680w, https:\/\/biblioteka.sulejow.pl\/wpmbps\/wp-content\/uploads\/2025\/11\/2-199x300.jpg 199w\" sizes=\"auto, (max-width: 680px) 100vw, 680px\" \/><\/a><\/figure>\n\n\n\n<figure class=\"wp-block-image size-large\"><a href=\"https:\/\/biblioteka.sulejow.pl\/wpmbps\/wp-content\/uploads\/2025\/11\/3.jpg\"><img loading=\"lazy\" decoding=\"async\" width=\"768\" height=\"911\" data-id=\"1802\" src=\"https:\/\/biblioteka.sulejow.pl\/wpmbps\/wp-content\/uploads\/2025\/11\/3.jpg\" alt=\"\" class=\"wp-image-1802\" srcset=\"https:\/\/biblioteka.sulejow.pl\/wpmbps\/wp-content\/uploads\/2025\/11\/3.jpg 768w, https:\/\/biblioteka.sulejow.pl\/wpmbps\/wp-content\/uploads\/2025\/11\/3-253x300.jpg 253w\" sizes=\"auto, (max-width: 768px) 100vw, 768px\" \/><\/a><\/figure>\n\n\n\n<figure class=\"wp-block-image size-large\"><a href=\"https:\/\/biblioteka.sulejow.pl\/wpmbps\/wp-content\/uploads\/2025\/11\/4-Europejska-wymiana-ozdob-choinkowych.jpg\"><img loading=\"lazy\" decoding=\"async\" width=\"768\" height=\"1024\" data-id=\"1785\" src=\"https:\/\/biblioteka.sulejow.pl\/wpmbps\/wp-content\/uploads\/2025\/11\/4-Europejska-wymiana-ozdob-choinkowych.jpg\" alt=\"\" class=\"wp-image-1785\" srcset=\"https:\/\/biblioteka.sulejow.pl\/wpmbps\/wp-content\/uploads\/2025\/11\/4-Europejska-wymiana-ozdob-choinkowych.jpg 768w, https:\/\/biblioteka.sulejow.pl\/wpmbps\/wp-content\/uploads\/2025\/11\/4-Europejska-wymiana-ozdob-choinkowych-225x300.jpg 225w\" sizes=\"auto, (max-width: 768px) 100vw, 768px\" \/><\/a><\/figure>\n\n\n\n<figure class=\"wp-block-image size-large\"><a href=\"https:\/\/biblioteka.sulejow.pl\/wpmbps\/wp-content\/uploads\/2025\/11\/4.jpg\"><img loading=\"lazy\" decoding=\"async\" width=\"809\" height=\"768\" data-id=\"1799\" src=\"https:\/\/biblioteka.sulejow.pl\/wpmbps\/wp-content\/uploads\/2025\/11\/4.jpg\" alt=\"\" class=\"wp-image-1799\" srcset=\"https:\/\/biblioteka.sulejow.pl\/wpmbps\/wp-content\/uploads\/2025\/11\/4.jpg 809w, https:\/\/biblioteka.sulejow.pl\/wpmbps\/wp-content\/uploads\/2025\/11\/4-300x285.jpg 300w, https:\/\/biblioteka.sulejow.pl\/wpmbps\/wp-content\/uploads\/2025\/11\/4-768x729.jpg 768w\" sizes=\"auto, (max-width: 809px) 100vw, 809px\" \/><\/a><\/figure>\n\n\n\n<figure class=\"wp-block-image size-large\"><a href=\"https:\/\/biblioteka.sulejow.pl\/wpmbps\/wp-content\/uploads\/2025\/11\/5-Europejska-wymiana-ozdob-choinkowych.jpg\"><img loading=\"lazy\" decoding=\"async\" width=\"768\" height=\"1024\" data-id=\"1790\" src=\"https:\/\/biblioteka.sulejow.pl\/wpmbps\/wp-content\/uploads\/2025\/11\/5-Europejska-wymiana-ozdob-choinkowych.jpg\" alt=\"\" class=\"wp-image-1790\" srcset=\"https:\/\/biblioteka.sulejow.pl\/wpmbps\/wp-content\/uploads\/2025\/11\/5-Europejska-wymiana-ozdob-choinkowych.jpg 768w, https:\/\/biblioteka.sulejow.pl\/wpmbps\/wp-content\/uploads\/2025\/11\/5-Europejska-wymiana-ozdob-choinkowych-225x300.jpg 225w\" sizes=\"auto, (max-width: 768px) 100vw, 768px\" \/><\/a><\/figure>\n\n\n\n<figure class=\"wp-block-image size-large\"><a href=\"https:\/\/biblioteka.sulejow.pl\/wpmbps\/wp-content\/uploads\/2025\/11\/5.jpg\"><img loading=\"lazy\" decoding=\"async\" width=\"729\" height=\"1024\" data-id=\"1801\" src=\"https:\/\/biblioteka.sulejow.pl\/wpmbps\/wp-content\/uploads\/2025\/11\/5.jpg\" alt=\"\" class=\"wp-image-1801\" srcset=\"https:\/\/biblioteka.sulejow.pl\/wpmbps\/wp-content\/uploads\/2025\/11\/5.jpg 729w, https:\/\/biblioteka.sulejow.pl\/wpmbps\/wp-content\/uploads\/2025\/11\/5-214x300.jpg 214w\" sizes=\"auto, (max-width: 729px) 100vw, 729px\" \/><\/a><\/figure>\n\n\n\n<figure class=\"wp-block-image size-large\"><a href=\"https:\/\/biblioteka.sulejow.pl\/wpmbps\/wp-content\/uploads\/2025\/11\/6.jpg\"><img loading=\"lazy\" decoding=\"async\" width=\"768\" height=\"804\" data-id=\"1791\" src=\"https:\/\/biblioteka.sulejow.pl\/wpmbps\/wp-content\/uploads\/2025\/11\/6.jpg\" alt=\"\" class=\"wp-image-1791\" srcset=\"https:\/\/biblioteka.sulejow.pl\/wpmbps\/wp-content\/uploads\/2025\/11\/6.jpg 768w, https:\/\/biblioteka.sulejow.pl\/wpmbps\/wp-content\/uploads\/2025\/11\/6-287x300.jpg 287w\" sizes=\"auto, (max-width: 768px) 100vw, 768px\" \/><\/a><\/figure>\n\n\n\n<figure class=\"wp-block-image size-large\"><a href=\"https:\/\/biblioteka.sulejow.pl\/wpmbps\/wp-content\/uploads\/2025\/11\/7-Europejska-wymiana-ozdob-choinkowych.jpg\"><img loading=\"lazy\" decoding=\"async\" width=\"768\" height=\"1024\" data-id=\"1788\" src=\"https:\/\/biblioteka.sulejow.pl\/wpmbps\/wp-content\/uploads\/2025\/11\/7-Europejska-wymiana-ozdob-choinkowych.jpg\" alt=\"\" class=\"wp-image-1788\" srcset=\"https:\/\/biblioteka.sulejow.pl\/wpmbps\/wp-content\/uploads\/2025\/11\/7-Europejska-wymiana-ozdob-choinkowych.jpg 768w, https:\/\/biblioteka.sulejow.pl\/wpmbps\/wp-content\/uploads\/2025\/11\/7-Europejska-wymiana-ozdob-choinkowych-225x300.jpg 225w\" sizes=\"auto, (max-width: 768px) 100vw, 768px\" \/><\/a><\/figure>\n\n\n\n<figure class=\"wp-block-image size-large\"><a href=\"https:\/\/biblioteka.sulejow.pl\/wpmbps\/wp-content\/uploads\/2025\/11\/7.jpg\"><img loading=\"lazy\" decoding=\"async\" width=\"756\" height=\"1024\" data-id=\"1797\" src=\"https:\/\/biblioteka.sulejow.pl\/wpmbps\/wp-content\/uploads\/2025\/11\/7.jpg\" alt=\"\" class=\"wp-image-1797\" srcset=\"https:\/\/biblioteka.sulejow.pl\/wpmbps\/wp-content\/uploads\/2025\/11\/7.jpg 756w, https:\/\/biblioteka.sulejow.pl\/wpmbps\/wp-content\/uploads\/2025\/11\/7-221x300.jpg 221w\" sizes=\"auto, (max-width: 756px) 100vw, 756px\" \/><\/a><\/figure>\n\n\n\n<figure class=\"wp-block-image size-large\"><a href=\"https:\/\/biblioteka.sulejow.pl\/wpmbps\/wp-content\/uploads\/2025\/11\/8-Europejska-wymiana-ozdob-choinkowych.jpg\"><img loading=\"lazy\" decoding=\"async\" width=\"768\" height=\"1024\" data-id=\"1789\" src=\"https:\/\/biblioteka.sulejow.pl\/wpmbps\/wp-content\/uploads\/2025\/11\/8-Europejska-wymiana-ozdob-choinkowych.jpg\" alt=\"\" class=\"wp-image-1789\" srcset=\"https:\/\/biblioteka.sulejow.pl\/wpmbps\/wp-content\/uploads\/2025\/11\/8-Europejska-wymiana-ozdob-choinkowych.jpg 768w, https:\/\/biblioteka.sulejow.pl\/wpmbps\/wp-content\/uploads\/2025\/11\/8-Europejska-wymiana-ozdob-choinkowych-225x300.jpg 225w\" sizes=\"auto, (max-width: 768px) 100vw, 768px\" \/><\/a><\/figure>\n\n\n\n<figure class=\"wp-block-image size-large\"><a href=\"https:\/\/biblioteka.sulejow.pl\/wpmbps\/wp-content\/uploads\/2025\/11\/8.jpg\"><img loading=\"lazy\" decoding=\"async\" width=\"1020\" height=\"768\" data-id=\"1800\" src=\"https:\/\/biblioteka.sulejow.pl\/wpmbps\/wp-content\/uploads\/2025\/11\/8.jpg\" alt=\"\" class=\"wp-image-1800\" srcset=\"https:\/\/biblioteka.sulejow.pl\/wpmbps\/wp-content\/uploads\/2025\/11\/8.jpg 1020w, https:\/\/biblioteka.sulejow.pl\/wpmbps\/wp-content\/uploads\/2025\/11\/8-300x226.jpg 300w, https:\/\/biblioteka.sulejow.pl\/wpmbps\/wp-content\/uploads\/2025\/11\/8-768x578.jpg 768w\" sizes=\"auto, (max-width: 1020px) 100vw, 1020px\" \/><\/a><\/figure>\n\n\n\n<figure class=\"wp-block-image size-large\"><a href=\"https:\/\/biblioteka.sulejow.pl\/wpmbps\/wp-content\/uploads\/2025\/11\/9-Europejska-wymiana-ozdob-choinkowych.jpg\"><img loading=\"lazy\" decoding=\"async\" width=\"768\" height=\"1024\" data-id=\"1792\" src=\"https:\/\/biblioteka.sulejow.pl\/wpmbps\/wp-content\/uploads\/2025\/11\/9-Europejska-wymiana-ozdob-choinkowych.jpg\" alt=\"\" class=\"wp-image-1792\" srcset=\"https:\/\/biblioteka.sulejow.pl\/wpmbps\/wp-content\/uploads\/2025\/11\/9-Europejska-wymiana-ozdob-choinkowych.jpg 768w, https:\/\/biblioteka.sulejow.pl\/wpmbps\/wp-content\/uploads\/2025\/11\/9-Europejska-wymiana-ozdob-choinkowych-225x300.jpg 225w\" sizes=\"auto, (max-width: 768px) 100vw, 768px\" \/><\/a><\/figure>\n\n\n\n<figure class=\"wp-block-image size-large\"><a href=\"https:\/\/biblioteka.sulejow.pl\/wpmbps\/wp-content\/uploads\/2025\/11\/10-Europejska-wymiana-ozdob-choinkowych.jpg\"><img loading=\"lazy\" decoding=\"async\" width=\"768\" height=\"1024\" data-id=\"1793\" src=\"https:\/\/biblioteka.sulejow.pl\/wpmbps\/wp-content\/uploads\/2025\/11\/10-Europejska-wymiana-ozdob-choinkowych.jpg\" alt=\"\" class=\"wp-image-1793\" srcset=\"https:\/\/biblioteka.sulejow.pl\/wpmbps\/wp-content\/uploads\/2025\/11\/10-Europejska-wymiana-ozdob-choinkowych.jpg 768w, https:\/\/biblioteka.sulejow.pl\/wpmbps\/wp-content\/uploads\/2025\/11\/10-Europejska-wymiana-ozdob-choinkowych-225x300.jpg 225w\" sizes=\"auto, (max-width: 768px) 100vw, 768px\" \/><\/a><\/figure>\n\n\n\n<figure class=\"wp-block-image size-large\"><a href=\"https:\/\/biblioteka.sulejow.pl\/wpmbps\/wp-content\/uploads\/2025\/11\/10.jpg\"><img loading=\"lazy\" decoding=\"async\" width=\"768\" height=\"823\" data-id=\"1798\" src=\"https:\/\/biblioteka.sulejow.pl\/wpmbps\/wp-content\/uploads\/2025\/11\/10.jpg\" alt=\"\" class=\"wp-image-1798\" srcset=\"https:\/\/biblioteka.sulejow.pl\/wpmbps\/wp-content\/uploads\/2025\/11\/10.jpg 768w, https:\/\/biblioteka.sulejow.pl\/wpmbps\/wp-content\/uploads\/2025\/11\/10-280x300.jpg 280w\" sizes=\"auto, (max-width: 768px) 100vw, 768px\" \/><\/a><\/figure>\n\n\n\n<figure class=\"wp-block-image size-large\"><a href=\"https:\/\/biblioteka.sulejow.pl\/wpmbps\/wp-content\/uploads\/2025\/11\/11-Europejska-wymiana-ozdob-choinkowych.jpg\"><img loading=\"lazy\" decoding=\"async\" width=\"1024\" height=\"768\" data-id=\"1786\" src=\"https:\/\/biblioteka.sulejow.pl\/wpmbps\/wp-content\/uploads\/2025\/11\/11-Europejska-wymiana-ozdob-choinkowych.jpg\" alt=\"\" class=\"wp-image-1786\" srcset=\"https:\/\/biblioteka.sulejow.pl\/wpmbps\/wp-content\/uploads\/2025\/11\/11-Europejska-wymiana-ozdob-choinkowych.jpg 1024w, https:\/\/biblioteka.sulejow.pl\/wpmbps\/wp-content\/uploads\/2025\/11\/11-Europejska-wymiana-ozdob-choinkowych-300x225.jpg 300w, https:\/\/biblioteka.sulejow.pl\/wpmbps\/wp-content\/uploads\/2025\/11\/11-Europejska-wymiana-ozdob-choinkowych-768x576.jpg 768w\" sizes=\"auto, (max-width: 1024px) 100vw, 1024px\" \/><\/a><\/figure>\n\n\n\n<figure class=\"wp-block-image size-large\"><a href=\"https:\/\/biblioteka.sulejow.pl\/wpmbps\/wp-content\/uploads\/2025\/11\/12-2.jpg\"><img loading=\"lazy\" decoding=\"async\" width=\"768\" height=\"1024\" data-id=\"1794\" src=\"https:\/\/biblioteka.sulejow.pl\/wpmbps\/wp-content\/uploads\/2025\/11\/12-2.jpg\" alt=\"\" class=\"wp-image-1794\" srcset=\"https:\/\/biblioteka.sulejow.pl\/wpmbps\/wp-content\/uploads\/2025\/11\/12-2.jpg 768w, https:\/\/biblioteka.sulejow.pl\/wpmbps\/wp-content\/uploads\/2025\/11\/12-2-225x300.jpg 225w\" sizes=\"auto, (max-width: 768px) 100vw, 768px\" \/><\/a><\/figure>\n<\/figure>\n","protected":false},"excerpt":{"rendered":"<p>Dzi\u015b w Szkole Podstawowej nr 2 im. Kr\u00f3lowej Jadwigi w Sulejowie panowa\u0142a prawdziwie \u015bwi\u0105teczna atmosfera! Razem z uczniami tworzyli\u015bmy w\u0142asnor\u0119czne ozdoby choinkowe na Europejsk\u0105 Wymian\u0119 Ozd\u00f3b \u015awi\u0105tecznych 2025, a sala wype\u0142ni\u0142a si\u0119 kolorami, u\u015bmiechami i tw\u00f3rczym zapa\u0142em. Dzieci z ogromnym entuzjazmem wycina\u0142y, klei\u0142y, ozdabia\u0142y i eksperymentowa\u0142y z r\u00f3\u017cnymi materia\u0142ami, daj\u0105c upust swojej fantazji. Europejska wymiana [&hellip;]<\/p>\n","protected":false},"author":1,"featured_media":0,"comment_status":"closed","ping_status":"","sticky":false,"template":"","format":"standard","meta":{"zakra_page_container_layout":"customizer","zakra_page_sidebar_layout":"customizer","zakra_remove_content_margin":false,"zakra_sidebar":"customizer","zakra_transparent_header":"customizer","zakra_logo":0,"zakra_main_header_style":"default","zakra_menu_item_color":"","zakra_menu_item_hover_color":"","zakra_menu_item_active_color":"","zakra_menu_active_style":"","zakra_page_header":true,"footnotes":"","_links_to":"","_links_to_target":""},"categories":[6],"tags":[],"class_list":["post-1784","post","type-post","status-publish","format-standard","hentry","category-aktualnosci-2025"],"_links":{"self":[{"href":"https:\/\/biblioteka.sulejow.pl\/index.php?rest_route=\/wp\/v2\/posts\/1784","targetHints":{"allow":["GET"]}}],"collection":[{"href":"https:\/\/biblioteka.sulejow.pl\/index.php?rest_route=\/wp\/v2\/posts"}],"about":[{"href":"https:\/\/biblioteka.sulejow.pl\/index.php?rest_route=\/wp\/v2\/types\/post"}],"author":[{"embeddable":true,"href":"https:\/\/biblioteka.sulejow.pl\/index.php?rest_route=\/wp\/v2\/users\/1"}],"replies":[{"embeddable":true,"href":"https:\/\/biblioteka.sulejow.pl\/index.php?rest_route=%2Fwp%2Fv2%2Fcomments&post=1784"}],"version-history":[{"count":1,"href":"https:\/\/biblioteka.sulejow.pl\/index.php?rest_route=\/wp\/v2\/posts\/1784\/revisions"}],"predecessor-version":[{"id":1803,"href":"https:\/\/biblioteka.sulejow.pl\/index.php?rest_route=\/wp\/v2\/posts\/1784\/revisions\/1803"}],"wp:attachment":[{"href":"https:\/\/biblioteka.sulejow.pl\/index.php?rest_route=%2Fwp%2Fv2%2Fmedia&parent=1784"}],"wp:term":[{"taxonomy":"category","embeddable":true,"href":"https:\/\/biblioteka.sulejow.pl\/index.php?rest_route=%2Fwp%2Fv2%2Fcategories&post=1784"},{"taxonomy":"post_tag","embeddable":true,"href":"https:\/\/biblioteka.sulejow.pl\/index.php?rest_route=%2Fwp%2Fv2%2Ftags&post=1784"}],"curies":[{"name":"wp","href":"https:\/\/api.w.org\/{rel}","templated":true}]}}