{"id":1804,"date":"2025-11-24T18:34:11","date_gmt":"2025-11-24T18:34:11","guid":{"rendered":"https:\/\/biblioteka.sulejow.pl\/?p=1804"},"modified":"2025-11-24T18:34:11","modified_gmt":"2025-11-24T18:34:11","slug":"dyskusyjny-klub-ksiazki-4","status":"publish","type":"post","link":"https:\/\/biblioteka.sulejow.pl\/?p=1804","title":{"rendered":"Dyskusyjny Klub Ksi\u0105\u017cki"},"content":{"rendered":"\n<p>Na ostatnim spotkaniu Dyskusyjnego Klubu Ksi\u0105\u017cki rozmawiali\u015bmy o ksi\u0105\u017cce &nbsp;\u201e\u015alepn\u0105c od \u015bwiate\u0142\u201d Jakuba \u017bulczyka i\u2026 emocji nie brakowa\u0142o!<\/p>\n\n\n\n<p>Ksi\u0105\u017cka okaza\u0142a si\u0119 mocno dziel\u0105ca: jedni chwalili duszny klimat Warszawy i psychologiczny portret g\u0142\u00f3wnego bohatera , inni narzekali na przyt\u0142aczaj\u0105c\u0105 brutalno\u015b\u0107 i ci\u0119\u017car historii. \u015alepn\u0105c od \u015bwiate\u0142 to intensywna, mroczna i bardzo wsp\u00f3\u0142czesna opowie\u015b\u0107 o warszawskim p\u00f3\u0142\u015bwiatku, a przedstawiona w ksi\u0105\u017cce atmosfera Warszawy \u2014 pe\u0142na ha\u0142asu, \u015bwiate\u0142 i nieustannego napi\u0119cia. G\u0142\u00f3wny bohater jest bohaterem trudnym do jednoznacznej oceny: zimny, kontroluj\u0105cy ka\u017cdy szczeg\u00f3\u0142, ale jednocze\u015bnie ewidentnie osobowo\u015bciowo rozchwiany.<\/p>\n\n\n\n<p>Najwi\u0119cej dyskusji wywo\u0142a\u0142o zako\u0144czenie \u2013 niejednoznaczne, surowe i pozostawiaj\u0105ce z poczuciem niepokoju. Dla wielu to metafora rozpadu bohatera i miasta, kt\u00f3re wci\u0105ga i niszczy. Uczestnicy spotkania podkre\u015blali symbolik\u0119 \u015bwiat\u0142a, kt\u00f3re zamiast o\u015bwieca\u0107, o\u015blepia.&nbsp; Rozmawiali\u015bmy te\u017c o tym, czy nasza rzeczywisto\u015b\u0107 nie zmierza przypadkiem w podobnym kierunku \u2013 szybkiego tempa, pozornego blasku i wszechobecnego chaosu, kt\u00f3ry potrafi przyt\u0142oczy\u0107. Czy \u015bwiat b\u0119dzie wygl\u0105da\u0142 jak u \u017bulczyka? Oby nie, ale ksi\u0105\u017cka daje do my\u015blenia.<\/p>\n\n\n\n<p>Dzi\u0119ki wszystkim za \u015bwietn\u0105 rozmow\u0119! Do zobaczenia na kolejnym spotkaniu.<\/p>\n\n\n\n<figure class=\"wp-block-gallery has-nested-images columns-default is-cropped wp-block-gallery-1 is-layout-flex wp-block-gallery-is-layout-flex\">\n<figure class=\"wp-block-image size-large\"><a href=\"https:\/\/biblioteka.sulejow.pl\/wpmbps\/wp-content\/uploads\/2025\/11\/Dyskusyjny-Klub-Ksiazki-2.jpg\"><img loading=\"lazy\" decoding=\"async\" width=\"768\" height=\"968\" data-id=\"1805\" src=\"https:\/\/biblioteka.sulejow.pl\/wpmbps\/wp-content\/uploads\/2025\/11\/Dyskusyjny-Klub-Ksiazki-2.jpg\" alt=\"\" class=\"wp-image-1805\" srcset=\"https:\/\/biblioteka.sulejow.pl\/wpmbps\/wp-content\/uploads\/2025\/11\/Dyskusyjny-Klub-Ksiazki-2.jpg 768w, https:\/\/biblioteka.sulejow.pl\/wpmbps\/wp-content\/uploads\/2025\/11\/Dyskusyjny-Klub-Ksiazki-2-238x300.jpg 238w\" sizes=\"auto, (max-width: 768px) 100vw, 768px\" \/><\/a><\/figure>\n\n\n\n<figure class=\"wp-block-image size-large\"><a href=\"https:\/\/biblioteka.sulejow.pl\/wpmbps\/wp-content\/uploads\/2025\/11\/Dyskusyjny-Klub-Ksiazki-4.jpg\"><img loading=\"lazy\" decoding=\"async\" width=\"989\" height=\"768\" data-id=\"1806\" src=\"https:\/\/biblioteka.sulejow.pl\/wpmbps\/wp-content\/uploads\/2025\/11\/Dyskusyjny-Klub-Ksiazki-4.jpg\" alt=\"\" class=\"wp-image-1806\" srcset=\"https:\/\/biblioteka.sulejow.pl\/wpmbps\/wp-content\/uploads\/2025\/11\/Dyskusyjny-Klub-Ksiazki-4.jpg 989w, https:\/\/biblioteka.sulejow.pl\/wpmbps\/wp-content\/uploads\/2025\/11\/Dyskusyjny-Klub-Ksiazki-4-300x233.jpg 300w, https:\/\/biblioteka.sulejow.pl\/wpmbps\/wp-content\/uploads\/2025\/11\/Dyskusyjny-Klub-Ksiazki-4-768x596.jpg 768w\" sizes=\"auto, (max-width: 989px) 100vw, 989px\" \/><\/a><\/figure>\n<\/figure>\n","protected":false},"excerpt":{"rendered":"<p>Na ostatnim spotkaniu Dyskusyjnego Klubu Ksi\u0105\u017cki rozmawiali\u015bmy o ksi\u0105\u017cce &nbsp;\u201e\u015alepn\u0105c od \u015bwiate\u0142\u201d Jakuba \u017bulczyka i\u2026 emocji nie brakowa\u0142o! Ksi\u0105\u017cka okaza\u0142a si\u0119 mocno dziel\u0105ca: jedni chwalili duszny klimat Warszawy i psychologiczny portret g\u0142\u00f3wnego bohatera , inni narzekali na przyt\u0142aczaj\u0105c\u0105 brutalno\u015b\u0107 i ci\u0119\u017car historii. \u015alepn\u0105c od \u015bwiate\u0142 to intensywna, mroczna i bardzo wsp\u00f3\u0142czesna opowie\u015b\u0107 o warszawskim p\u00f3\u0142\u015bwiatku, [&hellip;]<\/p>\n","protected":false},"author":1,"featured_media":0,"comment_status":"closed","ping_status":"","sticky":false,"template":"","format":"standard","meta":{"zakra_page_container_layout":"customizer","zakra_page_sidebar_layout":"customizer","zakra_remove_content_margin":false,"zakra_sidebar":"customizer","zakra_transparent_header":"customizer","zakra_logo":0,"zakra_main_header_style":"default","zakra_menu_item_color":"","zakra_menu_item_hover_color":"","zakra_menu_item_active_color":"","zakra_menu_active_style":"","zakra_page_header":true,"footnotes":"","_links_to":"","_links_to_target":""},"categories":[6],"tags":[],"class_list":["post-1804","post","type-post","status-publish","format-standard","hentry","category-aktualnosci-2025"],"_links":{"self":[{"href":"https:\/\/biblioteka.sulejow.pl\/index.php?rest_route=\/wp\/v2\/posts\/1804","targetHints":{"allow":["GET"]}}],"collection":[{"href":"https:\/\/biblioteka.sulejow.pl\/index.php?rest_route=\/wp\/v2\/posts"}],"about":[{"href":"https:\/\/biblioteka.sulejow.pl\/index.php?rest_route=\/wp\/v2\/types\/post"}],"author":[{"embeddable":true,"href":"https:\/\/biblioteka.sulejow.pl\/index.php?rest_route=\/wp\/v2\/users\/1"}],"replies":[{"embeddable":true,"href":"https:\/\/biblioteka.sulejow.pl\/index.php?rest_route=%2Fwp%2Fv2%2Fcomments&post=1804"}],"version-history":[{"count":1,"href":"https:\/\/biblioteka.sulejow.pl\/index.php?rest_route=\/wp\/v2\/posts\/1804\/revisions"}],"predecessor-version":[{"id":1807,"href":"https:\/\/biblioteka.sulejow.pl\/index.php?rest_route=\/wp\/v2\/posts\/1804\/revisions\/1807"}],"wp:attachment":[{"href":"https:\/\/biblioteka.sulejow.pl\/index.php?rest_route=%2Fwp%2Fv2%2Fmedia&parent=1804"}],"wp:term":[{"taxonomy":"category","embeddable":true,"href":"https:\/\/biblioteka.sulejow.pl\/index.php?rest_route=%2Fwp%2Fv2%2Fcategories&post=1804"},{"taxonomy":"post_tag","embeddable":true,"href":"https:\/\/biblioteka.sulejow.pl\/index.php?rest_route=%2Fwp%2Fv2%2Ftags&post=1804"}],"curies":[{"name":"wp","href":"https:\/\/api.w.org\/{rel}","templated":true}]}}