{"id":1827,"date":"2025-11-26T19:25:38","date_gmt":"2025-11-26T19:25:38","guid":{"rendered":"https:\/\/biblioteka.sulejow.pl\/?p=1827"},"modified":"2025-11-26T19:25:38","modified_gmt":"2025-11-26T19:25:38","slug":"najciekawsza-historia-jest-ta-ktorej-mozna-dotknac","status":"publish","type":"post","link":"https:\/\/biblioteka.sulejow.pl\/?p=1827","title":{"rendered":"Najciekawsza historia jest ta, kt\u00f3rej mo\u017cna dotkn\u0105\u0107!"},"content":{"rendered":"\n<p>We wtorek \u00a025 listopada, w zimowej scenerii Regionaln\u0105 Izb\u0119 Pami\u0119ci w Sulejowie odwiedzi\u0142y dzieci ze Szko\u0142y Podstawowej Stowarzyszenia Przyjaci\u00f3\u0142 Szk\u00f3\u0142 Katolickich w Klementynowie. Z zaciekawieniem wys\u0142ucha\u0142y opowie\u015bci o dawnych dziejach swoich miejscowo\u015bci.<\/p>\n\n\n\n<p>Sk\u0105d wzi\u0119\u0142a si\u0119 nazwa Salkowszczyzna? Jak wcze\u015bniej nazywa\u0142a si\u0119 Winduga? Kim by\u0142a Karolina Kramarkiewicz? Dlaczego \u201eprzes\u0142uchiwanie\u201d babci i dziadka bywa tak wa\u017cne? \u2013 to tylko cz\u0119\u015b\u0107 pyta\u0144, kt\u00f3re pojawi\u0142y si\u0119 podczas tego wyj\u0105tkowego spotkania.<\/p>\n\n\n\n<p>Multimedialne pokazy i eksponaty trzymane w d\u0142oniach sprawi\u0142y, \u017ce przesz\u0142o\u015b\u0107 regionu Sulejowa sta\u0142a si\u0119 dla uczni\u00f3w niezwykle \u017cywa i namacalna. Bo pami\u0119\u0107 \u2013 gdy naprawd\u0119 j\u0105 poczujemy \u2013 zostaje w sercu na zawsze.<\/p>\n\n\n\n<p>Po zwiedzeniu Regionalnej Izby Pami\u0119ci dzieci odwiedzi\u0142y tak\u017ce Miejsk\u0105 Bibliotek\u0119 Publiczn\u0105 w Sulejowie, gdzie czeka\u0142a na nie lekcja biblioteczna. Podczas zaj\u0119\u0107 uczestnicy poznali zasady korzystania z biblioteki, dowiedzieli si\u0119, jak wyszukiwa\u0107 ksi\u0105\u017cki na p\u00f3\u0142kach i w katalogu oraz jak dba\u0107 o wypo\u017cyczone zbiory. By\u0142a te\u017c rozmowa o ulubionych lekturach, wsp\u00f3lne przegl\u0105danie ksi\u0105\u017cek i zach\u0119ta do cz\u0119stych odwiedzin w \u015bwiecie literatury.<\/p>\n\n\n\n<p>To by\u0142 dzie\u0144 pe\u0142en historii, odkry\u0107 i inspiracji!<\/p>\n\n\n\n<figure class=\"wp-block-gallery has-nested-images columns-default is-cropped wp-block-gallery-1 is-layout-flex wp-block-gallery-is-layout-flex\">\n<figure class=\"wp-block-image size-large\"><a href=\"https:\/\/biblioteka.sulejow.pl\/wpmbps\/wp-content\/uploads\/2025\/11\/rips01.jpg\"><img loading=\"lazy\" decoding=\"async\" width=\"1024\" height=\"616\" data-id=\"1828\" src=\"https:\/\/biblioteka.sulejow.pl\/wpmbps\/wp-content\/uploads\/2025\/11\/rips01.jpg\" alt=\"\" class=\"wp-image-1828\" srcset=\"https:\/\/biblioteka.sulejow.pl\/wpmbps\/wp-content\/uploads\/2025\/11\/rips01.jpg 1024w, https:\/\/biblioteka.sulejow.pl\/wpmbps\/wp-content\/uploads\/2025\/11\/rips01-300x180.jpg 300w, https:\/\/biblioteka.sulejow.pl\/wpmbps\/wp-content\/uploads\/2025\/11\/rips01-768x462.jpg 768w\" sizes=\"auto, (max-width: 1024px) 100vw, 1024px\" \/><\/a><\/figure>\n\n\n\n<figure class=\"wp-block-image size-large\"><a href=\"https:\/\/biblioteka.sulejow.pl\/wpmbps\/wp-content\/uploads\/2025\/11\/rips02.jpg\"><img loading=\"lazy\" decoding=\"async\" width=\"896\" height=\"768\" data-id=\"1829\" src=\"https:\/\/biblioteka.sulejow.pl\/wpmbps\/wp-content\/uploads\/2025\/11\/rips02.jpg\" alt=\"\" class=\"wp-image-1829\" srcset=\"https:\/\/biblioteka.sulejow.pl\/wpmbps\/wp-content\/uploads\/2025\/11\/rips02.jpg 896w, https:\/\/biblioteka.sulejow.pl\/wpmbps\/wp-content\/uploads\/2025\/11\/rips02-300x257.jpg 300w, https:\/\/biblioteka.sulejow.pl\/wpmbps\/wp-content\/uploads\/2025\/11\/rips02-768x658.jpg 768w\" sizes=\"auto, (max-width: 896px) 100vw, 896px\" \/><\/a><\/figure>\n\n\n\n<figure class=\"wp-block-image size-large\"><a href=\"https:\/\/biblioteka.sulejow.pl\/wpmbps\/wp-content\/uploads\/2025\/11\/rips03.jpg\"><img loading=\"lazy\" decoding=\"async\" width=\"1024\" height=\"768\" data-id=\"1830\" src=\"https:\/\/biblioteka.sulejow.pl\/wpmbps\/wp-content\/uploads\/2025\/11\/rips03.jpg\" alt=\"\" class=\"wp-image-1830\" srcset=\"https:\/\/biblioteka.sulejow.pl\/wpmbps\/wp-content\/uploads\/2025\/11\/rips03.jpg 1024w, https:\/\/biblioteka.sulejow.pl\/wpmbps\/wp-content\/uploads\/2025\/11\/rips03-300x225.jpg 300w, https:\/\/biblioteka.sulejow.pl\/wpmbps\/wp-content\/uploads\/2025\/11\/rips03-768x576.jpg 768w\" sizes=\"auto, (max-width: 1024px) 100vw, 1024px\" \/><\/a><\/figure>\n<\/figure>\n\n\n\n<p><\/p>\n","protected":false},"excerpt":{"rendered":"<p>We wtorek \u00a025 listopada, w zimowej scenerii Regionaln\u0105 Izb\u0119 Pami\u0119ci w Sulejowie odwiedzi\u0142y dzieci ze Szko\u0142y Podstawowej Stowarzyszenia Przyjaci\u00f3\u0142 Szk\u00f3\u0142 Katolickich w Klementynowie. Z zaciekawieniem wys\u0142ucha\u0142y opowie\u015bci o dawnych dziejach swoich miejscowo\u015bci. Sk\u0105d wzi\u0119\u0142a si\u0119 nazwa Salkowszczyzna? Jak wcze\u015bniej nazywa\u0142a si\u0119 Winduga? Kim by\u0142a Karolina Kramarkiewicz? Dlaczego \u201eprzes\u0142uchiwanie\u201d babci i dziadka bywa tak wa\u017cne? \u2013 [&hellip;]<\/p>\n","protected":false},"author":1,"featured_media":0,"comment_status":"closed","ping_status":"","sticky":false,"template":"","format":"standard","meta":{"zakra_page_container_layout":"customizer","zakra_page_sidebar_layout":"customizer","zakra_remove_content_margin":false,"zakra_sidebar":"customizer","zakra_transparent_header":"customizer","zakra_logo":0,"zakra_main_header_style":"default","zakra_menu_item_color":"","zakra_menu_item_hover_color":"","zakra_menu_item_active_color":"","zakra_menu_active_style":"","zakra_page_header":true,"footnotes":"","_links_to":"","_links_to_target":""},"categories":[6],"tags":[],"class_list":["post-1827","post","type-post","status-publish","format-standard","hentry","category-aktualnosci-2025"],"_links":{"self":[{"href":"https:\/\/biblioteka.sulejow.pl\/index.php?rest_route=\/wp\/v2\/posts\/1827","targetHints":{"allow":["GET"]}}],"collection":[{"href":"https:\/\/biblioteka.sulejow.pl\/index.php?rest_route=\/wp\/v2\/posts"}],"about":[{"href":"https:\/\/biblioteka.sulejow.pl\/index.php?rest_route=\/wp\/v2\/types\/post"}],"author":[{"embeddable":true,"href":"https:\/\/biblioteka.sulejow.pl\/index.php?rest_route=\/wp\/v2\/users\/1"}],"replies":[{"embeddable":true,"href":"https:\/\/biblioteka.sulejow.pl\/index.php?rest_route=%2Fwp%2Fv2%2Fcomments&post=1827"}],"version-history":[{"count":1,"href":"https:\/\/biblioteka.sulejow.pl\/index.php?rest_route=\/wp\/v2\/posts\/1827\/revisions"}],"predecessor-version":[{"id":1831,"href":"https:\/\/biblioteka.sulejow.pl\/index.php?rest_route=\/wp\/v2\/posts\/1827\/revisions\/1831"}],"wp:attachment":[{"href":"https:\/\/biblioteka.sulejow.pl\/index.php?rest_route=%2Fwp%2Fv2%2Fmedia&parent=1827"}],"wp:term":[{"taxonomy":"category","embeddable":true,"href":"https:\/\/biblioteka.sulejow.pl\/index.php?rest_route=%2Fwp%2Fv2%2Fcategories&post=1827"},{"taxonomy":"post_tag","embeddable":true,"href":"https:\/\/biblioteka.sulejow.pl\/index.php?rest_route=%2Fwp%2Fv2%2Ftags&post=1827"}],"curies":[{"name":"wp","href":"https:\/\/api.w.org\/{rel}","templated":true}]}}