{"id":1832,"date":"2025-11-28T17:27:25","date_gmt":"2025-11-28T17:27:25","guid":{"rendered":"https:\/\/biblioteka.sulejow.pl\/?p=1832"},"modified":"2025-11-28T17:27:25","modified_gmt":"2025-11-28T17:27:25","slug":"w-kazdy-kawalek-ziemi-wpisana-jest-opowiesc-wystarczy-posluchac","status":"publish","type":"post","link":"https:\/\/biblioteka.sulejow.pl\/?p=1832","title":{"rendered":"\u201eW ka\u017cdy kawa\u0142ek ziemi wpisana jest opowie\u015b\u0107 \u2014 wystarczy pos\u0142ucha\u0107\u201d"},"content":{"rendered":"\n<p>To by\u0142a magiczna podr\u00f3\u017c przez meandry historii klasztoru Norbertan\u00f3w w Witowie, jak\u0105 odbyli wsp\u00f3lnie z pensjonariuszami DPS \u201eHappy Port\u201d w Poniatowie pracownicy naszej Biblioteki.<\/p>\n\n\n\n<p>Podczas wyk\u0142adu przez opiekuna Regionalnej Izby Pami\u0119ci w Sulejowie Krzysztofa Bojarczuka mogli\u015bmy dowiedzie\u0107 si\u0119 o nieoczywistych faktach z lokalnych dziej\u00f3w, o trudnym s\u0105siedztwie dw\u00f3ch zakon\u00f3w, o okolicznych m\u0142ynach i wsiach, o podr\u00f3\u017cy ciuchci\u0105 sulejowsk\u0105, witowskim dworze, dawnych wapiennikach i innych ciekawostkach naszego regionu. Prezentacj\u0119 wzbogaci\u0142y liczne eksponaty. Mo\u017cna by\u0142o obejrze\u0107 dawne fotografie, star\u0105 pras\u0119 oraz rysunki dotycz\u0105ce historii ziemi sulejowskiej.<\/p>\n\n\n\n<p>\u017begnali\u015bmy si\u0119 aplauzem i \u015bpiewem zgromadzonych. Nie zabrak\u0142o te\u017c \u201e100 lat\u201d dla prowadz\u0105cych.<\/p>\n\n\n\n<figure class=\"wp-block-gallery has-nested-images columns-default is-cropped wp-block-gallery-1 is-layout-flex wp-block-gallery-is-layout-flex\">\n<figure class=\"wp-block-image size-large\"><a href=\"https:\/\/biblioteka.sulejow.pl\/wpmbps\/wp-content\/uploads\/2025\/11\/historyk-opowiada-poewiesci-dotyczace-PoniatowaUszczyna-i-okolicznych-miejscowosci.jpg\"><img loading=\"lazy\" decoding=\"async\" width=\"1024\" height=\"726\" data-id=\"1833\" src=\"https:\/\/biblioteka.sulejow.pl\/wpmbps\/wp-content\/uploads\/2025\/11\/historyk-opowiada-poewiesci-dotyczace-PoniatowaUszczyna-i-okolicznych-miejscowosci.jpg\" alt=\"\" class=\"wp-image-1833\" srcset=\"https:\/\/biblioteka.sulejow.pl\/wpmbps\/wp-content\/uploads\/2025\/11\/historyk-opowiada-poewiesci-dotyczace-PoniatowaUszczyna-i-okolicznych-miejscowosci.jpg 1024w, https:\/\/biblioteka.sulejow.pl\/wpmbps\/wp-content\/uploads\/2025\/11\/historyk-opowiada-poewiesci-dotyczace-PoniatowaUszczyna-i-okolicznych-miejscowosci-300x213.jpg 300w, https:\/\/biblioteka.sulejow.pl\/wpmbps\/wp-content\/uploads\/2025\/11\/historyk-opowiada-poewiesci-dotyczace-PoniatowaUszczyna-i-okolicznych-miejscowosci-768x545.jpg 768w\" sizes=\"auto, (max-width: 1024px) 100vw, 1024px\" \/><\/a><\/figure>\n\n\n\n<figure class=\"wp-block-image size-large\"><a href=\"https:\/\/biblioteka.sulejow.pl\/wpmbps\/wp-content\/uploads\/2025\/11\/opiekunowie-z-zaciekawieniem-sluchaja-opowiesci-historycznych.jpg\"><img loading=\"lazy\" decoding=\"async\" width=\"1020\" height=\"768\" data-id=\"1835\" src=\"https:\/\/biblioteka.sulejow.pl\/wpmbps\/wp-content\/uploads\/2025\/11\/opiekunowie-z-zaciekawieniem-sluchaja-opowiesci-historycznych.jpg\" alt=\"\" class=\"wp-image-1835\" srcset=\"https:\/\/biblioteka.sulejow.pl\/wpmbps\/wp-content\/uploads\/2025\/11\/opiekunowie-z-zaciekawieniem-sluchaja-opowiesci-historycznych.jpg 1020w, https:\/\/biblioteka.sulejow.pl\/wpmbps\/wp-content\/uploads\/2025\/11\/opiekunowie-z-zaciekawieniem-sluchaja-opowiesci-historycznych-300x226.jpg 300w, https:\/\/biblioteka.sulejow.pl\/wpmbps\/wp-content\/uploads\/2025\/11\/opiekunowie-z-zaciekawieniem-sluchaja-opowiesci-historycznych-768x578.jpg 768w\" sizes=\"auto, (max-width: 1020px) 100vw, 1020px\" \/><\/a><\/figure>\n\n\n\n<figure class=\"wp-block-image size-large\"><a href=\"https:\/\/biblioteka.sulejow.pl\/wpmbps\/wp-content\/uploads\/2025\/11\/zdjecia-przedstawiaja-budynek-zamku-na-Podklasztorzu-i-pocztowke-Urzedu-gminy-w-Uszczynie.jpg\"><img loading=\"lazy\" decoding=\"async\" width=\"1020\" height=\"768\" data-id=\"1834\" src=\"https:\/\/biblioteka.sulejow.pl\/wpmbps\/wp-content\/uploads\/2025\/11\/zdjecia-przedstawiaja-budynek-zamku-na-Podklasztorzu-i-pocztowke-Urzedu-gminy-w-Uszczynie.jpg\" alt=\"\" class=\"wp-image-1834\" srcset=\"https:\/\/biblioteka.sulejow.pl\/wpmbps\/wp-content\/uploads\/2025\/11\/zdjecia-przedstawiaja-budynek-zamku-na-Podklasztorzu-i-pocztowke-Urzedu-gminy-w-Uszczynie.jpg 1020w, https:\/\/biblioteka.sulejow.pl\/wpmbps\/wp-content\/uploads\/2025\/11\/zdjecia-przedstawiaja-budynek-zamku-na-Podklasztorzu-i-pocztowke-Urzedu-gminy-w-Uszczynie-300x226.jpg 300w, https:\/\/biblioteka.sulejow.pl\/wpmbps\/wp-content\/uploads\/2025\/11\/zdjecia-przedstawiaja-budynek-zamku-na-Podklasztorzu-i-pocztowke-Urzedu-gminy-w-Uszczynie-768x578.jpg 768w\" sizes=\"auto, (max-width: 1020px) 100vw, 1020px\" \/><\/a><\/figure>\n<\/figure>\n","protected":false},"excerpt":{"rendered":"<p>To by\u0142a magiczna podr\u00f3\u017c przez meandry historii klasztoru Norbertan\u00f3w w Witowie, jak\u0105 odbyli wsp\u00f3lnie z pensjonariuszami DPS \u201eHappy Port\u201d w Poniatowie pracownicy naszej Biblioteki. Podczas wyk\u0142adu przez opiekuna Regionalnej Izby Pami\u0119ci w Sulejowie Krzysztofa Bojarczuka mogli\u015bmy dowiedzie\u0107 si\u0119 o nieoczywistych faktach z lokalnych dziej\u00f3w, o trudnym s\u0105siedztwie dw\u00f3ch zakon\u00f3w, o okolicznych m\u0142ynach i wsiach, o [&hellip;]<\/p>\n","protected":false},"author":1,"featured_media":0,"comment_status":"closed","ping_status":"","sticky":false,"template":"","format":"standard","meta":{"zakra_page_container_layout":"customizer","zakra_page_sidebar_layout":"customizer","zakra_remove_content_margin":false,"zakra_sidebar":"customizer","zakra_transparent_header":"customizer","zakra_logo":0,"zakra_main_header_style":"default","zakra_menu_item_color":"","zakra_menu_item_hover_color":"","zakra_menu_item_active_color":"","zakra_menu_active_style":"","zakra_page_header":true,"footnotes":"","_links_to":"","_links_to_target":""},"categories":[6],"tags":[],"class_list":["post-1832","post","type-post","status-publish","format-standard","hentry","category-aktualnosci-2025"],"_links":{"self":[{"href":"https:\/\/biblioteka.sulejow.pl\/index.php?rest_route=\/wp\/v2\/posts\/1832","targetHints":{"allow":["GET"]}}],"collection":[{"href":"https:\/\/biblioteka.sulejow.pl\/index.php?rest_route=\/wp\/v2\/posts"}],"about":[{"href":"https:\/\/biblioteka.sulejow.pl\/index.php?rest_route=\/wp\/v2\/types\/post"}],"author":[{"embeddable":true,"href":"https:\/\/biblioteka.sulejow.pl\/index.php?rest_route=\/wp\/v2\/users\/1"}],"replies":[{"embeddable":true,"href":"https:\/\/biblioteka.sulejow.pl\/index.php?rest_route=%2Fwp%2Fv2%2Fcomments&post=1832"}],"version-history":[{"count":1,"href":"https:\/\/biblioteka.sulejow.pl\/index.php?rest_route=\/wp\/v2\/posts\/1832\/revisions"}],"predecessor-version":[{"id":1836,"href":"https:\/\/biblioteka.sulejow.pl\/index.php?rest_route=\/wp\/v2\/posts\/1832\/revisions\/1836"}],"wp:attachment":[{"href":"https:\/\/biblioteka.sulejow.pl\/index.php?rest_route=%2Fwp%2Fv2%2Fmedia&parent=1832"}],"wp:term":[{"taxonomy":"category","embeddable":true,"href":"https:\/\/biblioteka.sulejow.pl\/index.php?rest_route=%2Fwp%2Fv2%2Fcategories&post=1832"},{"taxonomy":"post_tag","embeddable":true,"href":"https:\/\/biblioteka.sulejow.pl\/index.php?rest_route=%2Fwp%2Fv2%2Ftags&post=1832"}],"curies":[{"name":"wp","href":"https:\/\/api.w.org\/{rel}","templated":true}]}}