{"id":2154,"date":"2026-04-24T18:52:23","date_gmt":"2026-04-24T18:52:23","guid":{"rendered":"https:\/\/biblioteka.sulejow.pl\/?p=2154"},"modified":"2026-04-24T18:52:23","modified_gmt":"2026-04-24T18:52:23","slug":"rozstrzygniecie-konkursu-on-line-pt-literacka-czekolada","status":"publish","type":"post","link":"https:\/\/biblioteka.sulejow.pl\/?p=2154","title":{"rendered":"Rozstrzygni\u0119cie konkursu on-line pt. \u201eLiteracka czekolada\u201d"},"content":{"rendered":"\n<p>Z przyjemno\u015bci\u0105 informujemy o rozstrzygni\u0119ciu mini konkursu on-line&nbsp;&nbsp; pt. \u201eLiteracka czekolada\u201d, zorganizowanego z okazji Dnia Czekolady, kt\u00f3ry przypada\u0142 na dzie\u0144 12 kwietnia.<\/p>\n\n\n\n<p>Uczestnicy wykazali si\u0119 du\u017c\u0105 kreatywno\u015bci\u0105 i poczuciem humoru, tworz\u0105c oryginalne nazwy czekolad inspirowanych literatur\u0105. Wyb\u00f3r najciekawszych propozycji nie nale\u017ca\u0142 do \u0142atwych.<\/p>\n\n\n\n<p>Laureatkami konkursu zosta\u0142y panie: Iwona Gaworczyk oraz Gabriela Kuczkowska. Serdecznie gratulujemy zwyci\u0119\u017cczyniom pomys\u0142owo\u015bci i&nbsp;zaanga\u017cowania.<\/p>\n\n\n\n<p>Informujemy, \u017ce nagrody zosta\u0142y ju\u017c odebrane.<\/p>\n\n\n\n<p>Dzi\u0119kujemy wszystkim uczestnikom za udzia\u0142 w zabawie i zapraszamy do \u015bledzenia naszej strony oraz udzia\u0142u w kolejnych wydarzeniach organizowanych przez bibliotek\u0119.<\/p>\n\n\n\n<figure class=\"wp-block-gallery has-nested-images columns-default is-cropped wp-block-gallery-1 is-layout-flex wp-block-gallery-is-layout-flex\">\n<figure class=\"wp-block-image size-large\"><a href=\"https:\/\/biblioteka.sulejow.pl\/wpmbps\/wp-content\/uploads\/2026\/04\/1-1.jpg\"><img loading=\"lazy\" decoding=\"async\" width=\"599\" height=\"756\" data-id=\"2155\" src=\"https:\/\/biblioteka.sulejow.pl\/wpmbps\/wp-content\/uploads\/2026\/04\/1-1.jpg\" alt=\"\" class=\"wp-image-2155\" srcset=\"https:\/\/biblioteka.sulejow.pl\/wpmbps\/wp-content\/uploads\/2026\/04\/1-1.jpg 599w, https:\/\/biblioteka.sulejow.pl\/wpmbps\/wp-content\/uploads\/2026\/04\/1-1-238x300.jpg 238w\" sizes=\"auto, (max-width: 599px) 100vw, 599px\" \/><\/a><\/figure>\n\n\n\n<figure class=\"wp-block-image size-large\"><a href=\"https:\/\/biblioteka.sulejow.pl\/wpmbps\/wp-content\/uploads\/2026\/04\/2.jpg\"><img loading=\"lazy\" decoding=\"async\" width=\"768\" height=\"1024\" data-id=\"2156\" src=\"https:\/\/biblioteka.sulejow.pl\/wpmbps\/wp-content\/uploads\/2026\/04\/2.jpg\" alt=\"\" class=\"wp-image-2156\" srcset=\"https:\/\/biblioteka.sulejow.pl\/wpmbps\/wp-content\/uploads\/2026\/04\/2.jpg 768w, https:\/\/biblioteka.sulejow.pl\/wpmbps\/wp-content\/uploads\/2026\/04\/2-225x300.jpg 225w\" sizes=\"auto, (max-width: 768px) 100vw, 768px\" \/><\/a><\/figure>\n\n\n\n<figure class=\"wp-block-image size-large\"><a href=\"https:\/\/biblioteka.sulejow.pl\/wpmbps\/wp-content\/uploads\/2026\/04\/3-1.jpg\"><img loading=\"lazy\" decoding=\"async\" width=\"724\" height=\"1024\" data-id=\"2157\" src=\"https:\/\/biblioteka.sulejow.pl\/wpmbps\/wp-content\/uploads\/2026\/04\/3-1.jpg\" alt=\"\" class=\"wp-image-2157\" srcset=\"https:\/\/biblioteka.sulejow.pl\/wpmbps\/wp-content\/uploads\/2026\/04\/3-1.jpg 724w, https:\/\/biblioteka.sulejow.pl\/wpmbps\/wp-content\/uploads\/2026\/04\/3-1-212x300.jpg 212w\" sizes=\"auto, (max-width: 724px) 100vw, 724px\" \/><\/a><\/figure>\n<\/figure>\n","protected":false},"excerpt":{"rendered":"<p>Z przyjemno\u015bci\u0105 informujemy o rozstrzygni\u0119ciu mini konkursu on-line&nbsp;&nbsp; pt. \u201eLiteracka czekolada\u201d, zorganizowanego z okazji Dnia Czekolady, kt\u00f3ry przypada\u0142 na dzie\u0144 12 kwietnia. Uczestnicy wykazali si\u0119 du\u017c\u0105 kreatywno\u015bci\u0105 i poczuciem humoru, tworz\u0105c oryginalne nazwy czekolad inspirowanych literatur\u0105. Wyb\u00f3r najciekawszych propozycji nie nale\u017ca\u0142 do \u0142atwych. Laureatkami konkursu zosta\u0142y panie: Iwona Gaworczyk oraz Gabriela Kuczkowska. Serdecznie gratulujemy zwyci\u0119\u017cczyniom [&hellip;]<\/p>\n","protected":false},"author":1,"featured_media":0,"comment_status":"closed","ping_status":"","sticky":false,"template":"","format":"standard","meta":{"zakra_page_container_layout":"customizer","zakra_page_sidebar_layout":"customizer","zakra_remove_content_margin":false,"zakra_sidebar":"customizer","zakra_transparent_header":"customizer","zakra_logo":0,"zakra_main_header_style":"default","zakra_menu_item_color":"","zakra_menu_item_hover_color":"","zakra_menu_item_active_color":"","zakra_menu_active_style":"","zakra_page_header":true,"footnotes":"","_links_to":"","_links_to_target":""},"categories":[7],"tags":[],"class_list":["post-2154","post","type-post","status-publish","format-standard","hentry","category-aktualnosci-2026"],"_links":{"self":[{"href":"https:\/\/biblioteka.sulejow.pl\/index.php?rest_route=\/wp\/v2\/posts\/2154","targetHints":{"allow":["GET"]}}],"collection":[{"href":"https:\/\/biblioteka.sulejow.pl\/index.php?rest_route=\/wp\/v2\/posts"}],"about":[{"href":"https:\/\/biblioteka.sulejow.pl\/index.php?rest_route=\/wp\/v2\/types\/post"}],"author":[{"embeddable":true,"href":"https:\/\/biblioteka.sulejow.pl\/index.php?rest_route=\/wp\/v2\/users\/1"}],"replies":[{"embeddable":true,"href":"https:\/\/biblioteka.sulejow.pl\/index.php?rest_route=%2Fwp%2Fv2%2Fcomments&post=2154"}],"version-history":[{"count":1,"href":"https:\/\/biblioteka.sulejow.pl\/index.php?rest_route=\/wp\/v2\/posts\/2154\/revisions"}],"predecessor-version":[{"id":2158,"href":"https:\/\/biblioteka.sulejow.pl\/index.php?rest_route=\/wp\/v2\/posts\/2154\/revisions\/2158"}],"wp:attachment":[{"href":"https:\/\/biblioteka.sulejow.pl\/index.php?rest_route=%2Fwp%2Fv2%2Fmedia&parent=2154"}],"wp:term":[{"taxonomy":"category","embeddable":true,"href":"https:\/\/biblioteka.sulejow.pl\/index.php?rest_route=%2Fwp%2Fv2%2Fcategories&post=2154"},{"taxonomy":"post_tag","embeddable":true,"href":"https:\/\/biblioteka.sulejow.pl\/index.php?rest_route=%2Fwp%2Fv2%2Ftags&post=2154"}],"curies":[{"name":"wp","href":"https:\/\/api.w.org\/{rel}","templated":true}]}}