{"id":2159,"date":"2026-04-24T18:54:47","date_gmt":"2026-04-24T18:54:47","guid":{"rendered":"https:\/\/biblioteka.sulejow.pl\/?p=2159"},"modified":"2026-04-24T18:54:47","modified_gmt":"2026-04-24T18:54:47","slug":"dyskusyjny-klub-ksiazki-zapomniany-ogrod","status":"publish","type":"post","link":"https:\/\/biblioteka.sulejow.pl\/?p=2159","title":{"rendered":"Dyskusyjny Klub Ksi\u0105\u017cki \u2013 \u201eZapomniany ogr\u00f3d\u201d"},"content":{"rendered":"\n<p>Na spotkaniu Dyskusyjnego Klubu Ksi\u0105\u017cki omawiana by\u0142a powie\u015b\u0107 \u201eZapomniany ogr\u00f3d\u201d. Rozmowa dotyczy\u0142a przede wszystkim fabu\u0142y, bohater\u00f3w oraz g\u0142\u00f3wnych motyw\u00f3w utworu.<\/p>\n\n\n\n<p>Uczestnicy zwr\u00f3cili uwag\u0119 na wielow\u0105tkow\u0105 konstrukcj\u0119 ksi\u0105\u017cki oraz prowadzenie narracji w r\u00f3\u017cnych przedzia\u0142ach czasowych. Podkre\u015blono, \u017ce taki spos\u00f3b opowiadania historii pozwala stopniowo odkrywa\u0107 tajemnice rodzinne, cho\u0107 dla niekt\u00f3rych by\u0142 momentami trudny do \u015bledzenia.<\/p>\n\n\n\n<p>Du\u017co uwagi po\u015bwi\u0119cono postaciom, zw\u0142aszcza g\u0142\u00f3wnym bohaterkom. W dyskusji pojawi\u0142y si\u0119 opinie, \u017ce s\u0105 one wiarygodne i dobrze przedstawione, a ich losy wzbudzaj\u0105 emocje i sk\u0142aniaj\u0105 do refleksji nad to\u017csamo\u015bci\u0105 oraz wp\u0142ywem przesz\u0142o\u015bci na \u017cycie cz\u0142owieka.<\/p>\n\n\n\n<p>Istotnym tematem spotkania by\u0142a r\u00f3wnie\u017c atmosfera powie\u015bci. Uczestnicy zgodzili si\u0119, \u017ce ksi\u0105\u017cka ma tajemniczy, momentami ba\u015bniowy klimat, kt\u00f3ry buduj\u0105 opisy miejsc, szczeg\u00f3lnie tytu\u0142owego ogrodu.<\/p>\n\n\n\n<p>Pojawi\u0142y si\u0119 tak\u017ce r\u00f3\u017cne opinie dotycz\u0105ce tempa akcji \u2013 cz\u0119\u015b\u0107 os\u00f3b uzna\u0142a je za odpowiednie i sprzyjaj\u0105ce budowaniu napi\u0119cia, inni natomiast stwierdzili, \u017ce niekt\u00f3re fragmenty by\u0142y zbyt rozwlek\u0142e.<\/p>\n\n\n\n<p>Na zako\u0144czenie wi\u0119kszo\u015b\u0107 uczestnik\u00f3w oceni\u0142a ksi\u0105\u017ck\u0119 pozytywnie, podkre\u015blaj\u0105c jej oryginaln\u0105 fabu\u0142\u0119 i g\u0142\u0119bi\u0119 poruszanych temat\u00f3w. Spotkanie przebieg\u0142o w przyjaznej atmosferze i zach\u0119ci\u0142o do si\u0119gni\u0119cia po inne ksi\u0105\u017cki o podobnej tematyce.<\/p>\n\n\n\n<figure class=\"wp-block-gallery has-nested-images columns-default is-cropped wp-block-gallery-1 is-layout-flex wp-block-gallery-is-layout-flex\">\n<figure class=\"wp-block-image size-large\"><a href=\"https:\/\/biblioteka.sulejow.pl\/wpmbps\/wp-content\/uploads\/2026\/04\/dkk_kwiecien.jpg\"><img loading=\"lazy\" decoding=\"async\" width=\"576\" height=\"1024\" data-id=\"2160\" src=\"https:\/\/biblioteka.sulejow.pl\/wpmbps\/wp-content\/uploads\/2026\/04\/dkk_kwiecien-576x1024.jpg\" alt=\"\" class=\"wp-image-2160\" srcset=\"https:\/\/biblioteka.sulejow.pl\/wpmbps\/wp-content\/uploads\/2026\/04\/dkk_kwiecien-576x1024.jpg 576w, https:\/\/biblioteka.sulejow.pl\/wpmbps\/wp-content\/uploads\/2026\/04\/dkk_kwiecien-169x300.jpg 169w, https:\/\/biblioteka.sulejow.pl\/wpmbps\/wp-content\/uploads\/2026\/04\/dkk_kwiecien-768x1365.jpg 768w, https:\/\/biblioteka.sulejow.pl\/wpmbps\/wp-content\/uploads\/2026\/04\/dkk_kwiecien-864x1536.jpg 864w, https:\/\/biblioteka.sulejow.pl\/wpmbps\/wp-content\/uploads\/2026\/04\/dkk_kwiecien.jpg 1152w\" sizes=\"auto, (max-width: 576px) 100vw, 576px\" \/><\/a><\/figure>\n<\/figure>\n","protected":false},"excerpt":{"rendered":"<p>Na spotkaniu Dyskusyjnego Klubu Ksi\u0105\u017cki omawiana by\u0142a powie\u015b\u0107 \u201eZapomniany ogr\u00f3d\u201d. Rozmowa dotyczy\u0142a przede wszystkim fabu\u0142y, bohater\u00f3w oraz g\u0142\u00f3wnych motyw\u00f3w utworu. Uczestnicy zwr\u00f3cili uwag\u0119 na wielow\u0105tkow\u0105 konstrukcj\u0119 ksi\u0105\u017cki oraz prowadzenie narracji w r\u00f3\u017cnych przedzia\u0142ach czasowych. Podkre\u015blono, \u017ce taki spos\u00f3b opowiadania historii pozwala stopniowo odkrywa\u0107 tajemnice rodzinne, cho\u0107 dla niekt\u00f3rych by\u0142 momentami trudny do \u015bledzenia. Du\u017co uwagi [&hellip;]<\/p>\n","protected":false},"author":1,"featured_media":0,"comment_status":"closed","ping_status":"","sticky":false,"template":"","format":"standard","meta":{"zakra_page_container_layout":"customizer","zakra_page_sidebar_layout":"customizer","zakra_remove_content_margin":false,"zakra_sidebar":"customizer","zakra_transparent_header":"customizer","zakra_logo":0,"zakra_main_header_style":"default","zakra_menu_item_color":"","zakra_menu_item_hover_color":"","zakra_menu_item_active_color":"","zakra_menu_active_style":"","zakra_page_header":true,"footnotes":"","_links_to":"","_links_to_target":""},"categories":[7],"tags":[],"class_list":["post-2159","post","type-post","status-publish","format-standard","hentry","category-aktualnosci-2026"],"_links":{"self":[{"href":"https:\/\/biblioteka.sulejow.pl\/index.php?rest_route=\/wp\/v2\/posts\/2159","targetHints":{"allow":["GET"]}}],"collection":[{"href":"https:\/\/biblioteka.sulejow.pl\/index.php?rest_route=\/wp\/v2\/posts"}],"about":[{"href":"https:\/\/biblioteka.sulejow.pl\/index.php?rest_route=\/wp\/v2\/types\/post"}],"author":[{"embeddable":true,"href":"https:\/\/biblioteka.sulejow.pl\/index.php?rest_route=\/wp\/v2\/users\/1"}],"replies":[{"embeddable":true,"href":"https:\/\/biblioteka.sulejow.pl\/index.php?rest_route=%2Fwp%2Fv2%2Fcomments&post=2159"}],"version-history":[{"count":1,"href":"https:\/\/biblioteka.sulejow.pl\/index.php?rest_route=\/wp\/v2\/posts\/2159\/revisions"}],"predecessor-version":[{"id":2161,"href":"https:\/\/biblioteka.sulejow.pl\/index.php?rest_route=\/wp\/v2\/posts\/2159\/revisions\/2161"}],"wp:attachment":[{"href":"https:\/\/biblioteka.sulejow.pl\/index.php?rest_route=%2Fwp%2Fv2%2Fmedia&parent=2159"}],"wp:term":[{"taxonomy":"category","embeddable":true,"href":"https:\/\/biblioteka.sulejow.pl\/index.php?rest_route=%2Fwp%2Fv2%2Fcategories&post=2159"},{"taxonomy":"post_tag","embeddable":true,"href":"https:\/\/biblioteka.sulejow.pl\/index.php?rest_route=%2Fwp%2Fv2%2Ftags&post=2159"}],"curies":[{"name":"wp","href":"https:\/\/api.w.org\/{rel}","templated":true}]}}