{"id":252,"date":"2024-02-15T19:12:06","date_gmt":"2024-02-15T19:12:06","guid":{"rendered":"https:\/\/biblioteka.sulejow.pl\/wpmbps\/?p=252"},"modified":"2024-02-15T19:12:07","modified_gmt":"2024-02-15T19:12:07","slug":"konkurs-walentynkowy","status":"publish","type":"post","link":"https:\/\/biblioteka.sulejow.pl\/?p=252","title":{"rendered":"Konkurs Walentynkowy"},"content":{"rendered":"\n<p>Dzie\u0144 \u015bw. Walentego, znany powszechnie jako Dzie\u0144 Zakochanych lub Walentynki sta\u0142 si\u0119 pretekstem dla Miejskiej Biblioteki w \u0141\u0119cznie\u00a0 do og\u0142oszenia i rozstrzygni\u0119cia konkursu na <em>\u201eMoja Walentynka\u201d<\/em><\/p>\n\n\n\n<p>Jury po d\u0142ugich i burzliwych obradach postanowi\u0142o nagrodzi\u0107 nast\u0119puj\u0105ce osoby:<br>&#8211; Famulska Lena \u2013 I miejsce<br>&#8211; Smolarek Gabriel \u2013 II miejsce<br>&#8211; Smolarek Marcelina \u2013 III miejsce<\/p>\n\n\n\n<p>Wyr\u00f3\u017cnienia otrzymali:<br>&#8211; Famulski Adam<br>&#8211; Sianos Pola<br>&#8211; Sianos Nina<br>&#8211; \u015al\u0119ziak Mateusz<br>&#8211; Oster Magdalena<br>&#8211; W\u0142uka Michalina<\/p>\n\n\n\n<p>Laureatom konkursu wr\u0119czono nagrody.&nbsp;Wszyscy uczestnicy otrzymali nagrody pocieszenia.<\/p>\n\n\n\n<p>Wszystkim serdecznie dzi\u0119kujemy za udzia\u0142 w konkursie.\u00a0<\/p>\n\n\n\n<figure class=\"wp-block-gallery has-nested-images columns-default is-cropped wp-block-gallery-1 is-layout-flex wp-block-gallery-is-layout-flex\">\n<figure class=\"wp-block-image size-large\"><a href=\"https:\/\/biblioteka.sulejow.pl\/wpmbps\/wp-content\/uploads\/2024\/02\/kw01.jpg\"><img loading=\"lazy\" decoding=\"async\" width=\"1010\" height=\"768\" data-id=\"256\" src=\"https:\/\/biblioteka.sulejow.pl\/wpmbps\/wp-content\/uploads\/2024\/02\/kw01.jpg\" alt=\"\" class=\"wp-image-256\" srcset=\"https:\/\/biblioteka.sulejow.pl\/wpmbps\/wp-content\/uploads\/2024\/02\/kw01.jpg 1010w, https:\/\/biblioteka.sulejow.pl\/wpmbps\/wp-content\/uploads\/2024\/02\/kw01-300x228.jpg 300w, https:\/\/biblioteka.sulejow.pl\/wpmbps\/wp-content\/uploads\/2024\/02\/kw01-768x584.jpg 768w\" sizes=\"auto, (max-width: 1010px) 100vw, 1010px\" \/><\/a><\/figure>\n\n\n\n<figure class=\"wp-block-image size-large\"><a href=\"https:\/\/biblioteka.sulejow.pl\/wpmbps\/wp-content\/uploads\/2024\/02\/kw02.jpg\"><img loading=\"lazy\" decoding=\"async\" width=\"1024\" height=\"634\" data-id=\"253\" src=\"https:\/\/biblioteka.sulejow.pl\/wpmbps\/wp-content\/uploads\/2024\/02\/kw02.jpg\" alt=\"\" class=\"wp-image-253\" srcset=\"https:\/\/biblioteka.sulejow.pl\/wpmbps\/wp-content\/uploads\/2024\/02\/kw02.jpg 1024w, https:\/\/biblioteka.sulejow.pl\/wpmbps\/wp-content\/uploads\/2024\/02\/kw02-300x186.jpg 300w, https:\/\/biblioteka.sulejow.pl\/wpmbps\/wp-content\/uploads\/2024\/02\/kw02-768x476.jpg 768w\" sizes=\"auto, (max-width: 1024px) 100vw, 1024px\" \/><\/a><\/figure>\n\n\n\n<figure class=\"wp-block-image size-large\"><a href=\"https:\/\/biblioteka.sulejow.pl\/wpmbps\/wp-content\/uploads\/2024\/02\/kw03.jpg\"><img loading=\"lazy\" decoding=\"async\" width=\"768\" height=\"1024\" data-id=\"254\" src=\"https:\/\/biblioteka.sulejow.pl\/wpmbps\/wp-content\/uploads\/2024\/02\/kw03.jpg\" alt=\"\" class=\"wp-image-254\" srcset=\"https:\/\/biblioteka.sulejow.pl\/wpmbps\/wp-content\/uploads\/2024\/02\/kw03.jpg 768w, https:\/\/biblioteka.sulejow.pl\/wpmbps\/wp-content\/uploads\/2024\/02\/kw03-225x300.jpg 225w\" sizes=\"auto, (max-width: 768px) 100vw, 768px\" \/><\/a><\/figure>\n\n\n\n<figure class=\"wp-block-image size-large\"><a href=\"https:\/\/biblioteka.sulejow.pl\/wpmbps\/wp-content\/uploads\/2024\/02\/kw04.jpg\"><img loading=\"lazy\" decoding=\"async\" width=\"1024\" height=\"768\" data-id=\"255\" src=\"https:\/\/biblioteka.sulejow.pl\/wpmbps\/wp-content\/uploads\/2024\/02\/kw04.jpg\" alt=\"\" class=\"wp-image-255\" srcset=\"https:\/\/biblioteka.sulejow.pl\/wpmbps\/wp-content\/uploads\/2024\/02\/kw04.jpg 1024w, https:\/\/biblioteka.sulejow.pl\/wpmbps\/wp-content\/uploads\/2024\/02\/kw04-300x225.jpg 300w, https:\/\/biblioteka.sulejow.pl\/wpmbps\/wp-content\/uploads\/2024\/02\/kw04-768x576.jpg 768w\" sizes=\"auto, (max-width: 1024px) 100vw, 1024px\" \/><\/a><\/figure>\n\n\n\n<figure class=\"wp-block-image size-large\"><a href=\"https:\/\/biblioteka.sulejow.pl\/wpmbps\/wp-content\/uploads\/2024\/02\/kw05.jpg\"><img loading=\"lazy\" decoding=\"async\" width=\"1024\" height=\"768\" data-id=\"257\" src=\"https:\/\/biblioteka.sulejow.pl\/wpmbps\/wp-content\/uploads\/2024\/02\/kw05.jpg\" alt=\"\" class=\"wp-image-257\" srcset=\"https:\/\/biblioteka.sulejow.pl\/wpmbps\/wp-content\/uploads\/2024\/02\/kw05.jpg 1024w, https:\/\/biblioteka.sulejow.pl\/wpmbps\/wp-content\/uploads\/2024\/02\/kw05-300x225.jpg 300w, https:\/\/biblioteka.sulejow.pl\/wpmbps\/wp-content\/uploads\/2024\/02\/kw05-768x576.jpg 768w\" sizes=\"auto, (max-width: 1024px) 100vw, 1024px\" \/><\/a><\/figure>\n<\/figure>\n","protected":false},"excerpt":{"rendered":"<p>Dzie\u0144 \u015bw. Walentego, znany powszechnie jako Dzie\u0144 Zakochanych lub Walentynki sta\u0142 si\u0119 pretekstem dla Miejskiej Biblioteki w \u0141\u0119cznie\u00a0 do og\u0142oszenia i rozstrzygni\u0119cia konkursu na \u201eMoja Walentynka\u201d Jury po d\u0142ugich i burzliwych obradach postanowi\u0142o nagrodzi\u0107 nast\u0119puj\u0105ce osoby:&#8211; Famulska Lena \u2013 I miejsce&#8211; Smolarek Gabriel \u2013 II miejsce&#8211; Smolarek Marcelina \u2013 III miejsce Wyr\u00f3\u017cnienia otrzymali:&#8211; Famulski Adam&#8211; [&hellip;]<\/p>\n","protected":false},"author":1,"featured_media":0,"comment_status":"closed","ping_status":"closed","sticky":false,"template":"","format":"standard","meta":{"zakra_page_container_layout":"customizer","zakra_page_sidebar_layout":"customizer","zakra_remove_content_margin":false,"zakra_sidebar":"customizer","zakra_transparent_header":"customizer","zakra_logo":0,"zakra_main_header_style":"default","zakra_menu_item_color":"","zakra_menu_item_hover_color":"","zakra_menu_item_active_color":"","zakra_menu_active_style":"","zakra_page_header":true,"footnotes":"","_links_to":"","_links_to_target":""},"categories":[4],"tags":[],"class_list":["post-252","post","type-post","status-publish","format-standard","hentry","category-aktualnosci-2024"],"_links":{"self":[{"href":"https:\/\/biblioteka.sulejow.pl\/index.php?rest_route=\/wp\/v2\/posts\/252","targetHints":{"allow":["GET"]}}],"collection":[{"href":"https:\/\/biblioteka.sulejow.pl\/index.php?rest_route=\/wp\/v2\/posts"}],"about":[{"href":"https:\/\/biblioteka.sulejow.pl\/index.php?rest_route=\/wp\/v2\/types\/post"}],"author":[{"embeddable":true,"href":"https:\/\/biblioteka.sulejow.pl\/index.php?rest_route=\/wp\/v2\/users\/1"}],"replies":[{"embeddable":true,"href":"https:\/\/biblioteka.sulejow.pl\/index.php?rest_route=%2Fwp%2Fv2%2Fcomments&post=252"}],"version-history":[{"count":1,"href":"https:\/\/biblioteka.sulejow.pl\/index.php?rest_route=\/wp\/v2\/posts\/252\/revisions"}],"predecessor-version":[{"id":258,"href":"https:\/\/biblioteka.sulejow.pl\/index.php?rest_route=\/wp\/v2\/posts\/252\/revisions\/258"}],"wp:attachment":[{"href":"https:\/\/biblioteka.sulejow.pl\/index.php?rest_route=%2Fwp%2Fv2%2Fmedia&parent=252"}],"wp:term":[{"taxonomy":"category","embeddable":true,"href":"https:\/\/biblioteka.sulejow.pl\/index.php?rest_route=%2Fwp%2Fv2%2Fcategories&post=252"},{"taxonomy":"post_tag","embeddable":true,"href":"https:\/\/biblioteka.sulejow.pl\/index.php?rest_route=%2Fwp%2Fv2%2Ftags&post=252"}],"curies":[{"name":"wp","href":"https:\/\/api.w.org\/{rel}","templated":true}]}}