{"id":285,"date":"2024-02-27T08:52:41","date_gmt":"2024-02-27T08:52:41","guid":{"rendered":"https:\/\/biblioteka.sulejow.pl\/wpmbps\/?p=285"},"modified":"2024-02-27T08:52:41","modified_gmt":"2024-02-27T08:52:41","slug":"konkurs-ortograficzny-jestem-mistrzem-ortografii","status":"publish","type":"post","link":"https:\/\/biblioteka.sulejow.pl\/?p=285","title":{"rendered":"Konkurs ortograficzny \u201eJESTEM MISTRZEM ORTOGRAFII\u201d"},"content":{"rendered":"\n<p>21 lutego dok\u0142adnie w Mi\u0119dzynarodowy Dzie\u0144 J\u0119zyka Ojczystego odby\u0142 si\u0119 konkurs ortograficzny pt.: \u201eJESTEM MISTRZEM ORTOGRAFII\u201d, zorganizowany przez Miejsk\u0105 Bibliotek\u0119 Publiczn\u0105 w Sulejowie. Konkurs pozwoli\u0142 sprawdzi\u0107 znajomo\u015b\u0107 zasad ortograficznych w\u015br\u00f3d ch\u0119tnych uczni\u00f3w ze Szk\u00f3\u0142 Podstawowych z terenu miasta i gminy Sulej\u00f3w. Mi\u0119dzynarodowy Dzie\u0144 J\u0119zyka Ojczystego ustanowiony zosta\u0142o przez UNESCO 17 listopada 1999 roku. Jego podstawowym za\u0142o\u017ceniem jest ochrona r\u00f3\u017cnorodno\u015bci j\u0119zykowej, poniewa\u017c coraz wi\u0119cej j\u0119zyk\u00f3w zanika. Od 1950 roku oko\u0142o 250 j\u0119zyk\u00f3w \u015bwiata zosta\u0142o zapomnianych. Obchody tego \u015bwi\u0119ta maj\u0105 promowa\u0107 dba\u0142o\u015b\u0107 o polszczyzn\u0119 i poprawne zachowania j\u0119zykowe.<\/p>\n\n\n\n<p>Mistrzem ortografii w\u015br\u00f3d uczni\u00f3w klas VI na terenie gminy Sulej\u00f3w zosta\u0142 Kacper Krawczyk ze Szko\u0142y Podstawowej nr 2 im. Kr\u00f3lowej Jadwigi w Sulejowie. Kacper nie pope\u0142ni\u0142 \u017cadnego b\u0142\u0119du w dyktandzie, tym samym udowodni\u0142, \u017ce zasady ortografii nie stanowi\u0105 dla niego \u017cadnego problemu.<\/p>\n\n\n\n<p>Na podstawie uzyskanych wynik\u00f3w II miejsca<img loading=\"lazy\" decoding=\"async\" width=\"16\" height=\"16\" src=\"\" alt=\"&#x1f948;\"> uzyskali r\u00f3wnorz\u0119dnie:<\/p>\n\n\n\n<p>Jakub Wudarczyk ze Szko\u0142y Podstawowej nr 2 im. Kr\u00f3lowej Jadwigi w Sulejowie, Oliwia Cie\u015bliczka oraz Daria G\u00f3recka ze Szko\u0142y Podstawowej im Jana Paw\u0142a II we Witowie. <img loading=\"lazy\" decoding=\"async\" width=\"16\" height=\"16\" src=\"\" alt=\"&#x1f949;\">III miejsce zaj\u0119\u0142a Anna So\u0144ta ze Szko\u0142y Podstawowej im. Przyjaci\u00f3\u0142 Przyrody we W\u0142odzimierzowie. Wszystkim serdecznie dzi\u0119kujemy za udzia\u0142 w konkursie.<\/p>\n\n\n\n<figure class=\"wp-block-gallery has-nested-images columns-default is-cropped wp-block-gallery-1 is-layout-flex wp-block-gallery-is-layout-flex\">\n<figure class=\"wp-block-image size-large\"><a href=\"https:\/\/biblioteka.sulejow.pl\/wpmbps\/wp-content\/uploads\/2024\/02\/ko01.jpg\"><img loading=\"lazy\" decoding=\"async\" width=\"901\" height=\"768\" data-id=\"281\" src=\"https:\/\/biblioteka.sulejow.pl\/wpmbps\/wp-content\/uploads\/2024\/02\/ko01.jpg\" alt=\"na zdj\u0119ciu siedmioro uczestnik\u00f3w konkursu ortograficznego\" class=\"wp-image-281\" srcset=\"https:\/\/biblioteka.sulejow.pl\/wpmbps\/wp-content\/uploads\/2024\/02\/ko01.jpg 901w, https:\/\/biblioteka.sulejow.pl\/wpmbps\/wp-content\/uploads\/2024\/02\/ko01-300x256.jpg 300w, https:\/\/biblioteka.sulejow.pl\/wpmbps\/wp-content\/uploads\/2024\/02\/ko01-768x655.jpg 768w\" sizes=\"auto, (max-width: 901px) 100vw, 901px\" \/><\/a><\/figure>\n\n\n\n<figure class=\"wp-block-image size-large\"><a href=\"https:\/\/biblioteka.sulejow.pl\/wpmbps\/wp-content\/uploads\/2024\/02\/ko02.jpg\"><img loading=\"lazy\" decoding=\"async\" width=\"768\" height=\"1024\" data-id=\"283\" src=\"https:\/\/biblioteka.sulejow.pl\/wpmbps\/wp-content\/uploads\/2024\/02\/ko02.jpg\" alt=\"na zdj\u0119ciu zwyci\u0119zca konkursu ortograficznego\" class=\"wp-image-283\" srcset=\"https:\/\/biblioteka.sulejow.pl\/wpmbps\/wp-content\/uploads\/2024\/02\/ko02.jpg 768w, https:\/\/biblioteka.sulejow.pl\/wpmbps\/wp-content\/uploads\/2024\/02\/ko02-225x300.jpg 225w\" sizes=\"auto, (max-width: 768px) 100vw, 768px\" \/><\/a><\/figure>\n\n\n\n<figure class=\"wp-block-image size-large\"><a href=\"https:\/\/biblioteka.sulejow.pl\/wpmbps\/wp-content\/uploads\/2024\/02\/ko03.jpg\"><img loading=\"lazy\" decoding=\"async\" width=\"768\" height=\"1024\" data-id=\"284\" src=\"https:\/\/biblioteka.sulejow.pl\/wpmbps\/wp-content\/uploads\/2024\/02\/ko03-768x1024.jpg\" alt=\"na zdj\u0119ciu dwoje uczestnik\u00f3w konkursu ortograficznego\" class=\"wp-image-284\" srcset=\"https:\/\/biblioteka.sulejow.pl\/wpmbps\/wp-content\/uploads\/2024\/02\/ko03-768x1024.jpg 768w, https:\/\/biblioteka.sulejow.pl\/wpmbps\/wp-content\/uploads\/2024\/02\/ko03-225x300.jpg 225w, https:\/\/biblioteka.sulejow.pl\/wpmbps\/wp-content\/uploads\/2024\/02\/ko03-1152x1536.jpg 1152w, https:\/\/biblioteka.sulejow.pl\/wpmbps\/wp-content\/uploads\/2024\/02\/ko03.jpg 1530w\" sizes=\"auto, (max-width: 768px) 100vw, 768px\" \/><\/a><\/figure>\n<\/figure>\n","protected":false},"excerpt":{"rendered":"<p>21 lutego dok\u0142adnie w Mi\u0119dzynarodowy Dzie\u0144 J\u0119zyka Ojczystego odby\u0142 si\u0119 konkurs ortograficzny pt.: \u201eJESTEM MISTRZEM ORTOGRAFII\u201d, zorganizowany przez Miejsk\u0105 Bibliotek\u0119 Publiczn\u0105 w Sulejowie. Konkurs pozwoli\u0142 sprawdzi\u0107 znajomo\u015b\u0107 zasad ortograficznych w\u015br\u00f3d ch\u0119tnych uczni\u00f3w ze Szk\u00f3\u0142 Podstawowych z terenu miasta i gminy Sulej\u00f3w. Mi\u0119dzynarodowy Dzie\u0144 J\u0119zyka Ojczystego ustanowiony zosta\u0142o przez UNESCO 17 listopada 1999 roku. Jego podstawowym [&hellip;]<\/p>\n","protected":false},"author":1,"featured_media":0,"comment_status":"closed","ping_status":"closed","sticky":false,"template":"","format":"standard","meta":{"zakra_page_container_layout":"customizer","zakra_page_sidebar_layout":"customizer","zakra_remove_content_margin":false,"zakra_sidebar":"customizer","zakra_transparent_header":"customizer","zakra_logo":0,"zakra_main_header_style":"default","zakra_menu_item_color":"","zakra_menu_item_hover_color":"","zakra_menu_item_active_color":"","zakra_menu_active_style":"","zakra_page_header":true,"footnotes":"","_links_to":"","_links_to_target":""},"categories":[4],"tags":[],"class_list":["post-285","post","type-post","status-publish","format-standard","hentry","category-aktualnosci-2024"],"_links":{"self":[{"href":"https:\/\/biblioteka.sulejow.pl\/index.php?rest_route=\/wp\/v2\/posts\/285","targetHints":{"allow":["GET"]}}],"collection":[{"href":"https:\/\/biblioteka.sulejow.pl\/index.php?rest_route=\/wp\/v2\/posts"}],"about":[{"href":"https:\/\/biblioteka.sulejow.pl\/index.php?rest_route=\/wp\/v2\/types\/post"}],"author":[{"embeddable":true,"href":"https:\/\/biblioteka.sulejow.pl\/index.php?rest_route=\/wp\/v2\/users\/1"}],"replies":[{"embeddable":true,"href":"https:\/\/biblioteka.sulejow.pl\/index.php?rest_route=%2Fwp%2Fv2%2Fcomments&post=285"}],"version-history":[{"count":1,"href":"https:\/\/biblioteka.sulejow.pl\/index.php?rest_route=\/wp\/v2\/posts\/285\/revisions"}],"predecessor-version":[{"id":286,"href":"https:\/\/biblioteka.sulejow.pl\/index.php?rest_route=\/wp\/v2\/posts\/285\/revisions\/286"}],"wp:attachment":[{"href":"https:\/\/biblioteka.sulejow.pl\/index.php?rest_route=%2Fwp%2Fv2%2Fmedia&parent=285"}],"wp:term":[{"taxonomy":"category","embeddable":true,"href":"https:\/\/biblioteka.sulejow.pl\/index.php?rest_route=%2Fwp%2Fv2%2Fcategories&post=285"},{"taxonomy":"post_tag","embeddable":true,"href":"https:\/\/biblioteka.sulejow.pl\/index.php?rest_route=%2Fwp%2Fv2%2Ftags&post=285"}],"curies":[{"name":"wp","href":"https:\/\/api.w.org\/{rel}","templated":true}]}}