{"id":309,"date":"2024-03-11T19:03:33","date_gmt":"2024-03-11T19:03:33","guid":{"rendered":"https:\/\/biblioteka.sulejow.pl\/wpmbps\/?p=309"},"modified":"2024-03-11T19:03:34","modified_gmt":"2024-03-11T19:03:34","slug":"swieto-kobiet-z-biblioteka","status":"publish","type":"post","link":"https:\/\/biblioteka.sulejow.pl\/?p=309","title":{"rendered":"\u015awi\u0119to kobiet z bibliotek\u0105!"},"content":{"rendered":"\n<p>Nie ma dzi\u015b na \u015bwiecie dziedziny, w kt\u00f3rej kobiety nie odgrywa\u0142yby wa\u017cnej roli! Dzie\u0144 Kobiet \u2013 coroczne \u015bwi\u0119to obchodzone 8 marca od 1910 roku to dzie\u0144 uznania zas\u0142ug wszystkich kobiet bez wzgl\u0119du na podzia\u0142y narodowo\u015bciowe, etniczne, j\u0119zykowe, kulturowe, gospodarcze czy polityczne. W Miejskiej Bibliotece Publicznej w Sulejowie \u00a0\u015bwi\u0119towali\u015bmy a\u017c dwa dni! Spotkania pe\u0142ne inspiracji, tw\u00f3rczo\u015bci oraz zdrowotnych wskaz\u00f3wek dedykowane by\u0142y kobietom (i nie tylko). Uczt\u0105 dla zmys\u0142\u00f3w by\u0142a muzyczna niespodzianka zespo\u0142u &#8222;R\u00f3bmy swoje&#8221; pod kierownictwem Anetty Bart\u0142omiejczyk. Nie zabrak\u0142o r\u00f3wnie\u017c \u017cycze\u0144 od w\u0142odarzy naszego miasta, s\u0142odko\u015bci oraz drobnych upomink\u00f3w dla Pa\u0144. <\/p>\n\n\n\n<p>Na czytelniczym spotkaniu pn.: \u201eKobiecy romans z ksi\u0105\u017ck\u0105\u201d om\u00f3wiono postacie silnych i odwa\u017cnych bohaterek \u015bwiata literatury, nauki i sztuki oraz zmieniaj\u0105cy si\u0119 przez stulecia obraz kobiety w naszej kulturze- od matki i \u017cony po femme fatale.<\/p>\n\n\n\n<figure class=\"wp-block-gallery has-nested-images columns-default is-cropped wp-block-gallery-1 is-layout-flex wp-block-gallery-is-layout-flex\">\n<figure class=\"wp-block-image size-large\"><a href=\"https:\/\/biblioteka.sulejow.pl\/wpmbps\/wp-content\/uploads\/2024\/03\/dk01.jpg\"><img loading=\"lazy\" decoding=\"async\" width=\"768\" height=\"1024\" data-id=\"310\" src=\"https:\/\/biblioteka.sulejow.pl\/wpmbps\/wp-content\/uploads\/2024\/03\/dk01.jpg\" alt=\"\" class=\"wp-image-310\" srcset=\"https:\/\/biblioteka.sulejow.pl\/wpmbps\/wp-content\/uploads\/2024\/03\/dk01.jpg 768w, https:\/\/biblioteka.sulejow.pl\/wpmbps\/wp-content\/uploads\/2024\/03\/dk01-225x300.jpg 225w\" sizes=\"auto, (max-width: 768px) 100vw, 768px\" \/><\/a><\/figure>\n\n\n\n<figure class=\"wp-block-image size-large\"><a href=\"https:\/\/biblioteka.sulejow.pl\/wpmbps\/wp-content\/uploads\/2024\/03\/dk02.jpg\"><img loading=\"lazy\" decoding=\"async\" width=\"1024\" height=\"704\" data-id=\"312\" src=\"https:\/\/biblioteka.sulejow.pl\/wpmbps\/wp-content\/uploads\/2024\/03\/dk02.jpg\" alt=\"\" class=\"wp-image-312\" srcset=\"https:\/\/biblioteka.sulejow.pl\/wpmbps\/wp-content\/uploads\/2024\/03\/dk02.jpg 1024w, https:\/\/biblioteka.sulejow.pl\/wpmbps\/wp-content\/uploads\/2024\/03\/dk02-300x206.jpg 300w, https:\/\/biblioteka.sulejow.pl\/wpmbps\/wp-content\/uploads\/2024\/03\/dk02-768x528.jpg 768w\" sizes=\"auto, (max-width: 1024px) 100vw, 1024px\" \/><\/a><\/figure>\n\n\n\n<figure class=\"wp-block-image size-large\"><a href=\"https:\/\/biblioteka.sulejow.pl\/wpmbps\/wp-content\/uploads\/2024\/03\/dk03.jpg\"><img loading=\"lazy\" decoding=\"async\" width=\"1024\" height=\"768\" data-id=\"313\" src=\"https:\/\/biblioteka.sulejow.pl\/wpmbps\/wp-content\/uploads\/2024\/03\/dk03.jpg\" alt=\"\" class=\"wp-image-313\" srcset=\"https:\/\/biblioteka.sulejow.pl\/wpmbps\/wp-content\/uploads\/2024\/03\/dk03.jpg 1024w, https:\/\/biblioteka.sulejow.pl\/wpmbps\/wp-content\/uploads\/2024\/03\/dk03-300x225.jpg 300w, https:\/\/biblioteka.sulejow.pl\/wpmbps\/wp-content\/uploads\/2024\/03\/dk03-768x576.jpg 768w\" sizes=\"auto, (max-width: 1024px) 100vw, 1024px\" \/><\/a><\/figure>\n\n\n\n<figure class=\"wp-block-image size-large\"><a href=\"https:\/\/biblioteka.sulejow.pl\/wpmbps\/wp-content\/uploads\/2024\/03\/dk04.jpg\"><img loading=\"lazy\" decoding=\"async\" width=\"768\" height=\"1024\" data-id=\"311\" src=\"https:\/\/biblioteka.sulejow.pl\/wpmbps\/wp-content\/uploads\/2024\/03\/dk04.jpg\" alt=\"\" class=\"wp-image-311\" srcset=\"https:\/\/biblioteka.sulejow.pl\/wpmbps\/wp-content\/uploads\/2024\/03\/dk04.jpg 768w, https:\/\/biblioteka.sulejow.pl\/wpmbps\/wp-content\/uploads\/2024\/03\/dk04-225x300.jpg 225w\" sizes=\"auto, (max-width: 768px) 100vw, 768px\" \/><\/a><\/figure>\n\n\n\n<figure class=\"wp-block-image size-large\"><a href=\"https:\/\/biblioteka.sulejow.pl\/wpmbps\/wp-content\/uploads\/2024\/03\/dk05.jpg\"><img loading=\"lazy\" decoding=\"async\" width=\"1024\" height=\"768\" data-id=\"314\" src=\"https:\/\/biblioteka.sulejow.pl\/wpmbps\/wp-content\/uploads\/2024\/03\/dk05.jpg\" alt=\"\" class=\"wp-image-314\" srcset=\"https:\/\/biblioteka.sulejow.pl\/wpmbps\/wp-content\/uploads\/2024\/03\/dk05.jpg 1024w, https:\/\/biblioteka.sulejow.pl\/wpmbps\/wp-content\/uploads\/2024\/03\/dk05-300x225.jpg 300w, https:\/\/biblioteka.sulejow.pl\/wpmbps\/wp-content\/uploads\/2024\/03\/dk05-768x576.jpg 768w\" sizes=\"auto, (max-width: 1024px) 100vw, 1024px\" \/><\/a><\/figure>\n\n\n\n<figure class=\"wp-block-image size-large\"><a href=\"https:\/\/biblioteka.sulejow.pl\/wpmbps\/wp-content\/uploads\/2024\/03\/dk06.jpg\"><img loading=\"lazy\" decoding=\"async\" width=\"1024\" height=\"748\" data-id=\"315\" src=\"https:\/\/biblioteka.sulejow.pl\/wpmbps\/wp-content\/uploads\/2024\/03\/dk06.jpg\" alt=\"\" class=\"wp-image-315\" srcset=\"https:\/\/biblioteka.sulejow.pl\/wpmbps\/wp-content\/uploads\/2024\/03\/dk06.jpg 1024w, https:\/\/biblioteka.sulejow.pl\/wpmbps\/wp-content\/uploads\/2024\/03\/dk06-300x219.jpg 300w, https:\/\/biblioteka.sulejow.pl\/wpmbps\/wp-content\/uploads\/2024\/03\/dk06-768x561.jpg 768w\" sizes=\"auto, (max-width: 1024px) 100vw, 1024px\" \/><\/a><\/figure>\n<\/figure>\n","protected":false},"excerpt":{"rendered":"<p>Nie ma dzi\u015b na \u015bwiecie dziedziny, w kt\u00f3rej kobiety nie odgrywa\u0142yby wa\u017cnej roli! Dzie\u0144 Kobiet \u2013 coroczne \u015bwi\u0119to obchodzone 8 marca od 1910 roku to dzie\u0144 uznania zas\u0142ug wszystkich kobiet bez wzgl\u0119du na podzia\u0142y narodowo\u015bciowe, etniczne, j\u0119zykowe, kulturowe, gospodarcze czy polityczne. W Miejskiej Bibliotece Publicznej w Sulejowie \u00a0\u015bwi\u0119towali\u015bmy a\u017c dwa dni! Spotkania pe\u0142ne inspiracji, tw\u00f3rczo\u015bci [&hellip;]<\/p>\n","protected":false},"author":1,"featured_media":0,"comment_status":"closed","ping_status":"closed","sticky":false,"template":"","format":"standard","meta":{"zakra_page_container_layout":"customizer","zakra_page_sidebar_layout":"customizer","zakra_remove_content_margin":false,"zakra_sidebar":"customizer","zakra_transparent_header":"customizer","zakra_logo":0,"zakra_main_header_style":"default","zakra_menu_item_color":"","zakra_menu_item_hover_color":"","zakra_menu_item_active_color":"","zakra_menu_active_style":"","zakra_page_header":true,"footnotes":"","_links_to":"","_links_to_target":""},"categories":[4],"tags":[],"class_list":["post-309","post","type-post","status-publish","format-standard","hentry","category-aktualnosci-2024"],"_links":{"self":[{"href":"https:\/\/biblioteka.sulejow.pl\/index.php?rest_route=\/wp\/v2\/posts\/309","targetHints":{"allow":["GET"]}}],"collection":[{"href":"https:\/\/biblioteka.sulejow.pl\/index.php?rest_route=\/wp\/v2\/posts"}],"about":[{"href":"https:\/\/biblioteka.sulejow.pl\/index.php?rest_route=\/wp\/v2\/types\/post"}],"author":[{"embeddable":true,"href":"https:\/\/biblioteka.sulejow.pl\/index.php?rest_route=\/wp\/v2\/users\/1"}],"replies":[{"embeddable":true,"href":"https:\/\/biblioteka.sulejow.pl\/index.php?rest_route=%2Fwp%2Fv2%2Fcomments&post=309"}],"version-history":[{"count":1,"href":"https:\/\/biblioteka.sulejow.pl\/index.php?rest_route=\/wp\/v2\/posts\/309\/revisions"}],"predecessor-version":[{"id":316,"href":"https:\/\/biblioteka.sulejow.pl\/index.php?rest_route=\/wp\/v2\/posts\/309\/revisions\/316"}],"wp:attachment":[{"href":"https:\/\/biblioteka.sulejow.pl\/index.php?rest_route=%2Fwp%2Fv2%2Fmedia&parent=309"}],"wp:term":[{"taxonomy":"category","embeddable":true,"href":"https:\/\/biblioteka.sulejow.pl\/index.php?rest_route=%2Fwp%2Fv2%2Fcategories&post=309"},{"taxonomy":"post_tag","embeddable":true,"href":"https:\/\/biblioteka.sulejow.pl\/index.php?rest_route=%2Fwp%2Fv2%2Ftags&post=309"}],"curies":[{"name":"wp","href":"https:\/\/api.w.org\/{rel}","templated":true}]}}