{"id":345,"date":"2024-03-20T09:29:46","date_gmt":"2024-03-20T09:29:46","guid":{"rendered":"https:\/\/biblioteka.sulejow.pl\/?p=345"},"modified":"2024-03-20T09:29:46","modified_gmt":"2024-03-20T09:29:46","slug":"spotkanie-autorskie-w-bibliotece","status":"publish","type":"post","link":"https:\/\/biblioteka.sulejow.pl\/?p=345","title":{"rendered":"Spotkanie autorskie w bibliotece"},"content":{"rendered":"\n<p>Andrzej Kobalczyk-&nbsp; tomaszowski dziennikarz i popularyzator lokalnej historii, za\u0142o\u017cyciel Piotrkowskiego Informatora Kulturalnego &#8211; PIK oraz wieloletni dyrektor Skansenu Rzeki Pilicy, spotka\u0142 si\u0119 wczoraj z czytelnikami Miejskiej Biblioteki Publicznej w Sulejowie. Okazj\u0105 by\u0142a promocja jego najnowszej ksi\u0105\u017cki pt. &#8222;Od Sulejowa po Smardzewice. Opowie\u015b\u0107 o Zalewie Sulejowskim&#8221;, kt\u00f3ra upami\u0119tnia 50. rocznic\u0119 oficjalnego przekazania do u\u017cytku Zbiornika Wodnego Sulej\u00f3w, czyli Zalewu Sulejowskiego, oraz Wodoci\u0105gu Sulej\u00f3w-\u0141\u00f3d\u017a. Rocznica min\u0119\u0142a 21 grudnia 2023 roku.<\/p>\n\n\n\n<p>Autor opisuje w niej kulisy powstawania Zalewu Sulejowskiego, w tym wiele nieznanych wcze\u015bniej fakt\u00f3w zwi\u0105zanych z jego budow\u0105.&nbsp; Nasze lokalne &#8222;sulejowskie morze&#8221; zapobiega powodziom, wytwarza pr\u0105d, przyci\u0105ga w\u0119dkarzy, kajakarzy, \u017ceglarzy oraz jest \u015bwietnym&nbsp; miejscem na weekendowy wypad czy d\u0142u\u017cszy urlop, gwarantuj\u0105c wyciszenie blisko natury.<\/p>\n\n\n\n<p>Spotkaniu towarzyszy\u0142a wystawa rysunk\u00f3w autorstwa Pana Andrzeja, przedstawiaj\u0105cych zabytki oraz atrakcje turystyczne naszego regionu. Ch\u0119tni mogli kupi\u0107 ksi\u0105\u017cki pisarza, dzi\u0119ki uprzejmo\u015bci Domu Wydawniczego \u201eKsi\u0119\u017cy M\u0142yn\u201d, kt\u00f3ry by\u0142 obecny przez ca\u0142e spotkanie autorskie,\u00a0 a na czytelnik\u00f3w sulejowskiej biblioteki czeka ju\u017c egzemplarz ze specjaln\u0105 dedykacj\u0105!<\/p>\n\n\n\n<figure class=\"wp-block-gallery has-nested-images columns-default is-cropped wp-block-gallery-1 is-layout-flex wp-block-gallery-is-layout-flex\">\n<figure class=\"wp-block-image size-large\"><a href=\"https:\/\/biblioteka.sulejow.pl\/wpmbps\/wp-content\/uploads\/2024\/03\/ak01.jpg\"><img loading=\"lazy\" decoding=\"async\" width=\"768\" height=\"1024\" data-id=\"346\" src=\"https:\/\/biblioteka.sulejow.pl\/wpmbps\/wp-content\/uploads\/2024\/03\/ak01.jpg\" alt=\"\" class=\"wp-image-346\" srcset=\"https:\/\/biblioteka.sulejow.pl\/wpmbps\/wp-content\/uploads\/2024\/03\/ak01.jpg 768w, https:\/\/biblioteka.sulejow.pl\/wpmbps\/wp-content\/uploads\/2024\/03\/ak01-225x300.jpg 225w\" sizes=\"auto, (max-width: 768px) 100vw, 768px\" \/><\/a><\/figure>\n\n\n\n<figure class=\"wp-block-image size-large\"><a href=\"https:\/\/biblioteka.sulejow.pl\/wpmbps\/wp-content\/uploads\/2024\/03\/ak02.jpg\"><img loading=\"lazy\" decoding=\"async\" width=\"768\" height=\"1024\" data-id=\"347\" src=\"https:\/\/biblioteka.sulejow.pl\/wpmbps\/wp-content\/uploads\/2024\/03\/ak02.jpg\" alt=\"\" class=\"wp-image-347\" srcset=\"https:\/\/biblioteka.sulejow.pl\/wpmbps\/wp-content\/uploads\/2024\/03\/ak02.jpg 768w, https:\/\/biblioteka.sulejow.pl\/wpmbps\/wp-content\/uploads\/2024\/03\/ak02-225x300.jpg 225w\" sizes=\"auto, (max-width: 768px) 100vw, 768px\" \/><\/a><\/figure>\n\n\n\n<figure class=\"wp-block-image size-large\"><a href=\"https:\/\/biblioteka.sulejow.pl\/wpmbps\/wp-content\/uploads\/2024\/03\/ak03.jpg\"><img loading=\"lazy\" decoding=\"async\" width=\"768\" height=\"1024\" data-id=\"348\" src=\"https:\/\/biblioteka.sulejow.pl\/wpmbps\/wp-content\/uploads\/2024\/03\/ak03.jpg\" alt=\"\" class=\"wp-image-348\" srcset=\"https:\/\/biblioteka.sulejow.pl\/wpmbps\/wp-content\/uploads\/2024\/03\/ak03.jpg 768w, https:\/\/biblioteka.sulejow.pl\/wpmbps\/wp-content\/uploads\/2024\/03\/ak03-225x300.jpg 225w\" sizes=\"auto, (max-width: 768px) 100vw, 768px\" \/><\/a><\/figure>\n\n\n\n<figure class=\"wp-block-image size-large\"><a href=\"https:\/\/biblioteka.sulejow.pl\/wpmbps\/wp-content\/uploads\/2024\/03\/ak04.jpg\"><img loading=\"lazy\" decoding=\"async\" width=\"768\" height=\"1024\" data-id=\"349\" src=\"https:\/\/biblioteka.sulejow.pl\/wpmbps\/wp-content\/uploads\/2024\/03\/ak04.jpg\" alt=\"\" class=\"wp-image-349\" srcset=\"https:\/\/biblioteka.sulejow.pl\/wpmbps\/wp-content\/uploads\/2024\/03\/ak04.jpg 768w, https:\/\/biblioteka.sulejow.pl\/wpmbps\/wp-content\/uploads\/2024\/03\/ak04-225x300.jpg 225w\" sizes=\"auto, (max-width: 768px) 100vw, 768px\" \/><\/a><\/figure>\n\n\n\n<figure class=\"wp-block-image size-large\"><a href=\"https:\/\/biblioteka.sulejow.pl\/wpmbps\/wp-content\/uploads\/2024\/03\/ak05.jpg\"><img loading=\"lazy\" decoding=\"async\" width=\"768\" height=\"1024\" data-id=\"350\" src=\"https:\/\/biblioteka.sulejow.pl\/wpmbps\/wp-content\/uploads\/2024\/03\/ak05.jpg\" alt=\"\" class=\"wp-image-350\" srcset=\"https:\/\/biblioteka.sulejow.pl\/wpmbps\/wp-content\/uploads\/2024\/03\/ak05.jpg 768w, https:\/\/biblioteka.sulejow.pl\/wpmbps\/wp-content\/uploads\/2024\/03\/ak05-225x300.jpg 225w\" sizes=\"auto, (max-width: 768px) 100vw, 768px\" \/><\/a><\/figure>\n\n\n\n<figure class=\"wp-block-image size-large\"><a href=\"https:\/\/biblioteka.sulejow.pl\/wpmbps\/wp-content\/uploads\/2024\/03\/ak06.jpg\"><img loading=\"lazy\" decoding=\"async\" width=\"1024\" height=\"701\" data-id=\"351\" src=\"https:\/\/biblioteka.sulejow.pl\/wpmbps\/wp-content\/uploads\/2024\/03\/ak06.jpg\" alt=\"\" class=\"wp-image-351\" srcset=\"https:\/\/biblioteka.sulejow.pl\/wpmbps\/wp-content\/uploads\/2024\/03\/ak06.jpg 1024w, https:\/\/biblioteka.sulejow.pl\/wpmbps\/wp-content\/uploads\/2024\/03\/ak06-300x205.jpg 300w, https:\/\/biblioteka.sulejow.pl\/wpmbps\/wp-content\/uploads\/2024\/03\/ak06-768x526.jpg 768w\" sizes=\"auto, (max-width: 1024px) 100vw, 1024px\" \/><\/a><\/figure>\n<\/figure>\n","protected":false},"excerpt":{"rendered":"<p>Andrzej Kobalczyk-&nbsp; tomaszowski dziennikarz i popularyzator lokalnej historii, za\u0142o\u017cyciel Piotrkowskiego Informatora Kulturalnego &#8211; PIK oraz wieloletni dyrektor Skansenu Rzeki Pilicy, spotka\u0142 si\u0119 wczoraj z czytelnikami Miejskiej Biblioteki Publicznej w Sulejowie. Okazj\u0105 by\u0142a promocja jego najnowszej ksi\u0105\u017cki pt. &#8222;Od Sulejowa po Smardzewice. Opowie\u015b\u0107 o Zalewie Sulejowskim&#8221;, kt\u00f3ra upami\u0119tnia 50. rocznic\u0119 oficjalnego przekazania do u\u017cytku Zbiornika Wodnego [&hellip;]<\/p>\n","protected":false},"author":1,"featured_media":0,"comment_status":"closed","ping_status":"closed","sticky":false,"template":"","format":"standard","meta":{"zakra_page_container_layout":"customizer","zakra_page_sidebar_layout":"customizer","zakra_remove_content_margin":false,"zakra_sidebar":"customizer","zakra_transparent_header":"customizer","zakra_logo":0,"zakra_main_header_style":"default","zakra_menu_item_color":"","zakra_menu_item_hover_color":"","zakra_menu_item_active_color":"","zakra_menu_active_style":"","zakra_page_header":true,"footnotes":"","_links_to":"","_links_to_target":""},"categories":[4],"tags":[],"class_list":["post-345","post","type-post","status-publish","format-standard","hentry","category-aktualnosci-2024"],"_links":{"self":[{"href":"https:\/\/biblioteka.sulejow.pl\/index.php?rest_route=\/wp\/v2\/posts\/345","targetHints":{"allow":["GET"]}}],"collection":[{"href":"https:\/\/biblioteka.sulejow.pl\/index.php?rest_route=\/wp\/v2\/posts"}],"about":[{"href":"https:\/\/biblioteka.sulejow.pl\/index.php?rest_route=\/wp\/v2\/types\/post"}],"author":[{"embeddable":true,"href":"https:\/\/biblioteka.sulejow.pl\/index.php?rest_route=\/wp\/v2\/users\/1"}],"replies":[{"embeddable":true,"href":"https:\/\/biblioteka.sulejow.pl\/index.php?rest_route=%2Fwp%2Fv2%2Fcomments&post=345"}],"version-history":[{"count":1,"href":"https:\/\/biblioteka.sulejow.pl\/index.php?rest_route=\/wp\/v2\/posts\/345\/revisions"}],"predecessor-version":[{"id":352,"href":"https:\/\/biblioteka.sulejow.pl\/index.php?rest_route=\/wp\/v2\/posts\/345\/revisions\/352"}],"wp:attachment":[{"href":"https:\/\/biblioteka.sulejow.pl\/index.php?rest_route=%2Fwp%2Fv2%2Fmedia&parent=345"}],"wp:term":[{"taxonomy":"category","embeddable":true,"href":"https:\/\/biblioteka.sulejow.pl\/index.php?rest_route=%2Fwp%2Fv2%2Fcategories&post=345"},{"taxonomy":"post_tag","embeddable":true,"href":"https:\/\/biblioteka.sulejow.pl\/index.php?rest_route=%2Fwp%2Fv2%2Ftags&post=345"}],"curies":[{"name":"wp","href":"https:\/\/api.w.org\/{rel}","templated":true}]}}