{"id":435,"date":"2024-05-07T09:47:26","date_gmt":"2024-05-07T09:47:26","guid":{"rendered":"https:\/\/biblioteka.sulejow.pl\/?p=435"},"modified":"2024-05-07T09:47:26","modified_gmt":"2024-05-07T09:47:26","slug":"zapraszamy-na-spotkanie-autorskie-z-grzegorzem-lubczykiem","status":"publish","type":"post","link":"https:\/\/biblioteka.sulejow.pl\/?p=435","title":{"rendered":"Zapraszamy na spotkanie autorskie z Grzegorzem \u0141ubczykiem"},"content":{"rendered":"\n<p><strong>GRZEGORZ\u00a0 \u0141UBCZYK (1946, Sulej\u00f3w). <\/strong>Absolwent polonistyki i Podyplomowego Studium Dziennikarskiego Uniwersytetu Warszawskiego, wieloletni korespondent \u201eSztandaru M\u0142odych\u201d i \u201e\u017bycia Warszawy oraz \u201eRzeczpospolitej\u201d w Budapeszcie. Ambasador RP na W\u0119grzech (1997\u20132001), wiceprezes Fundacji \u201ePomoc Polakom na Wschodzie\u201d (2002\u20132004), wiceprezes Stowarzyszenia HENRYK S\u0141AWIK \u2013 Pami\u0119\u0107 i Dzie\u0142o. <\/p>\n\n\n\n<p>Zadebiutowa\u0142 dwoma zbiorami reporta\u017cy: <em>Na patelni Nigru<\/em> i <em>Pl\u0105tanin\u0105<\/em> <em>afryka\u0144skich dr\u00f3g <\/em>(z dr. Bogdanem Szczyg\u0142em), kt\u00f3re by\u0142y owocem dw\u00f3ch kilkumiesi\u0119cznych wypraw do Afryki.<\/p>\n\n\n\n<p>Drugim i najwa\u017cniejszym obszarem jego zainteresowa\u0144 reporterskich sta\u0142a si\u0119 tematyka polsko-w\u0119gierska, kt\u00f3rej od lat 80-tych XX wieku pozosta\u0142 wierny do dzi\u015b. Jest autorem ksi\u0105\u017cek:<em> W\u0119gierski czy\u015bciec, Wielog\u0142os w\u0119gierski<\/em>, <em>Polski Wallenberg. Rzecz o Henryku S\u0142awiku, HENRYK S\u0141AWIK.<\/em> <em>Wielki<\/em> <em>zapomniany Bohater Trzech Narod\u00f3w, Henryk S\u0142awik<\/em> (w cyklu: Bohaterowie Niepodleg\u0142ej), <em>13 lat, 13 minut<\/em> (z Markiem Maldisem). Grzegorz \u0141ubczyk i ma\u0142\u017conka Krystyna s\u0105 autorami dwuj\u0119zycznej, czterotomowej bogato ilustrowanej historii wojennego uchod\u017astwa polskiego na W\u0119grzech w latach 1939\u20131946 <em>PAMI\u0118\u0106 \/ EML\u00c9KEZ\u00c9S<\/em>. Zrealizowa\u0142 te\u017c 6 film\u00f3w dokumentalnych, w tym <em>Anio\u0142y Karola Malczyka<\/em>, <em>W\u0119gierskie serce<\/em> i <em>\u017bycie na kraw\u0119dzi. H. S\u0142awik i J. Antall senior <\/em>oraz kilka wystaw,w tym sta\u0142ejekspozycji w Galerii Historii Miasta Jastrz\u0119bie-Zdr\u00f3j,po\u015bwi\u0119conych ww.problematyce.<\/p>\n\n\n\n<p>Od 20 lat aktywny popularyzator bohater\u00f3w trzech narod\u00f3w: Polski, W\u0119gier i Izraela \u2013 Henryka S\u0142awika i J\u00f3zsefa Antalla sen., inicjator i koordynator budowy ich pomnik\u00f3w w Warszawie (2016) i Budapeszcie (2017).<\/p>\n\n\n\n<p>Laureat Nagr\u00f3d: im. Jerzego \u0141ojka i im. Witolda Hulewicza oraz Towarzystwa Przyjaci\u00f3\u0142 \u015al\u0105ska w Warszawie i Europejskiego Klubu Biznesu Polska.\u00a0<\/p>\n\n\n\n<p>Odznaczony: Krzy\u017cem Oficerskim z Gwiazd\u0105 Orderu Zas\u0142ugi Republiki W\u0119gierskiej i polskim Srebrnym Krzy\u017cem Zas\u0142ugi, Medalami: im. Dr. Henryka Jordana, Pro Memoria i Pro Bono Poloniae, Z\u0142ot\u0105 Odznak\u0105 Honorow\u0105 \u201eZa zas\u0142ugi dla Warszawy\u201d, Z\u0142ot\u0105 Odznak\u0105 Honorow\u0105 Wojew\u00f3dztwa \u015al\u0105skiego.<\/p>\n\n\n\n<p>Honorowy Obywatel V\u00e1mosmikola i Zas\u0142u\u017cony dla m. Jastrz\u0119bie-Zdr\u00f3j.<\/p>\n","protected":false},"excerpt":{"rendered":"<p>GRZEGORZ\u00a0 \u0141UBCZYK (1946, Sulej\u00f3w). Absolwent polonistyki i Podyplomowego Studium Dziennikarskiego Uniwersytetu Warszawskiego, wieloletni korespondent \u201eSztandaru M\u0142odych\u201d i \u201e\u017bycia Warszawy oraz \u201eRzeczpospolitej\u201d w Budapeszcie. Ambasador RP na W\u0119grzech (1997\u20132001), wiceprezes Fundacji \u201ePomoc Polakom na Wschodzie\u201d (2002\u20132004), wiceprezes Stowarzyszenia HENRYK S\u0141AWIK \u2013 Pami\u0119\u0107 i Dzie\u0142o. Zadebiutowa\u0142 dwoma zbiorami reporta\u017cy: Na patelni Nigru i Pl\u0105tanin\u0105 afryka\u0144skich dr\u00f3g (z [&hellip;]<\/p>\n","protected":false},"author":1,"featured_media":436,"comment_status":"closed","ping_status":"closed","sticky":false,"template":"","format":"standard","meta":{"zakra_page_container_layout":"customizer","zakra_page_sidebar_layout":"customizer","zakra_remove_content_margin":false,"zakra_sidebar":"customizer","zakra_transparent_header":"customizer","zakra_logo":0,"zakra_main_header_style":"default","zakra_menu_item_color":"","zakra_menu_item_hover_color":"","zakra_menu_item_active_color":"","zakra_menu_active_style":"","zakra_page_header":true,"footnotes":"","_links_to":"","_links_to_target":""},"categories":[4],"tags":[],"class_list":["post-435","post","type-post","status-publish","format-standard","has-post-thumbnail","hentry","category-aktualnosci-2024"],"_links":{"self":[{"href":"https:\/\/biblioteka.sulejow.pl\/index.php?rest_route=\/wp\/v2\/posts\/435","targetHints":{"allow":["GET"]}}],"collection":[{"href":"https:\/\/biblioteka.sulejow.pl\/index.php?rest_route=\/wp\/v2\/posts"}],"about":[{"href":"https:\/\/biblioteka.sulejow.pl\/index.php?rest_route=\/wp\/v2\/types\/post"}],"author":[{"embeddable":true,"href":"https:\/\/biblioteka.sulejow.pl\/index.php?rest_route=\/wp\/v2\/users\/1"}],"replies":[{"embeddable":true,"href":"https:\/\/biblioteka.sulejow.pl\/index.php?rest_route=%2Fwp%2Fv2%2Fcomments&post=435"}],"version-history":[{"count":1,"href":"https:\/\/biblioteka.sulejow.pl\/index.php?rest_route=\/wp\/v2\/posts\/435\/revisions"}],"predecessor-version":[{"id":437,"href":"https:\/\/biblioteka.sulejow.pl\/index.php?rest_route=\/wp\/v2\/posts\/435\/revisions\/437"}],"wp:featuredmedia":[{"embeddable":true,"href":"https:\/\/biblioteka.sulejow.pl\/index.php?rest_route=\/wp\/v2\/media\/436"}],"wp:attachment":[{"href":"https:\/\/biblioteka.sulejow.pl\/index.php?rest_route=%2Fwp%2Fv2%2Fmedia&parent=435"}],"wp:term":[{"taxonomy":"category","embeddable":true,"href":"https:\/\/biblioteka.sulejow.pl\/index.php?rest_route=%2Fwp%2Fv2%2Fcategories&post=435"},{"taxonomy":"post_tag","embeddable":true,"href":"https:\/\/biblioteka.sulejow.pl\/index.php?rest_route=%2Fwp%2Fv2%2Ftags&post=435"}],"curies":[{"name":"wp","href":"https:\/\/api.w.org\/{rel}","templated":true}]}}