{"id":438,"date":"2024-05-10T17:12:32","date_gmt":"2024-05-10T17:12:32","guid":{"rendered":"https:\/\/biblioteka.sulejow.pl\/?p=438"},"modified":"2024-05-10T17:12:32","modified_gmt":"2024-05-10T17:12:32","slug":"ogolnopolski-dzien-bibliotekarza-i-bibliotek","status":"publish","type":"post","link":"https:\/\/biblioteka.sulejow.pl\/?p=438","title":{"rendered":"Og\u00f3lnopolski Dzie\u0144 Bibliotekarza i Bibliotek"},"content":{"rendered":"\n<p>Z okazji Og\u00f3lnopolskiego Dnia Bibliotekarza i na rozpocz\u0119cie Tygodnia Bibliotek 2024 Miejsk\u0105 Bibliotek\u0119 Publiczn\u0105 w Sulejowie odwiedzi\u0142y z \u017cyczeniami urocze przedszkolaki z Samorz\u0105dowego Przedszkola w Sulejowie. Spotkanie rozpocz\u0119\u0142o si\u0119 wsp\u00f3lnym zwiedzaniem sulejowskiej ksi\u0105\u017cnicy, nast\u0119pnie maluchy pozna\u0142y zasady wypo\u017cyczania ksi\u0105\u017cek oraz dbania o nie w domu, ogl\u0105da\u0142y bajki, a panie bibliotekarki przeczyta\u0142y im opowiadanie o pierwszej wizycie w bibliotece.<\/p>\n\n\n\n<p>Od 1985 roku Og\u00f3lnopolski Dzie\u0144 Bibliotekarza i Bibliotek obchodzony jest 8 maja. \u015awi\u0119to, zainicjowane przez Stowarzyszenie Bibliotekarzy Polskich, od wielu lat rozpoczyna Tydzie\u0144 Bibliotek.<\/p>\n\n\n\n<p>Tydzie\u0144 Bibliotek to czas, w kt\u00f3rym ksi\u0105\u017cnice wszystkich typ\u00f3w otwieraj\u0105 si\u0119 jeszcze bardziej na swoich u\u017cytkownik\u00f3w poprzez organizacj\u0119 okoliczno\u015bciowych wydarze\u0144: spotka\u0144, konferencji czy warsztat\u00f3w. W tym roku Tydzie\u0144 Bibliotek up\u0142ynie pod has\u0142em \u201eBiblioteka \u2013 miejsce na czasie\u201d.<\/p>\n\n\n\n<figure class=\"wp-block-gallery has-nested-images columns-default is-cropped wp-block-gallery-1 is-layout-flex wp-block-gallery-is-layout-flex\">\n<figure class=\"wp-block-image size-large\"><a href=\"https:\/\/biblioteka.sulejow.pl\/wpmbps\/wp-content\/uploads\/2024\/05\/db01.jpg\"><img loading=\"lazy\" decoding=\"async\" width=\"1024\" height=\"768\" data-id=\"439\" src=\"https:\/\/biblioteka.sulejow.pl\/wpmbps\/wp-content\/uploads\/2024\/05\/db01.jpg\" alt=\"\" class=\"wp-image-439\" srcset=\"https:\/\/biblioteka.sulejow.pl\/wpmbps\/wp-content\/uploads\/2024\/05\/db01.jpg 1024w, https:\/\/biblioteka.sulejow.pl\/wpmbps\/wp-content\/uploads\/2024\/05\/db01-300x225.jpg 300w, https:\/\/biblioteka.sulejow.pl\/wpmbps\/wp-content\/uploads\/2024\/05\/db01-768x576.jpg 768w\" sizes=\"auto, (max-width: 1024px) 100vw, 1024px\" \/><\/a><\/figure>\n\n\n\n<figure class=\"wp-block-image size-large\"><a href=\"https:\/\/biblioteka.sulejow.pl\/wpmbps\/wp-content\/uploads\/2024\/05\/db03.jpg\"><img loading=\"lazy\" decoding=\"async\" width=\"921\" height=\"768\" data-id=\"443\" src=\"https:\/\/biblioteka.sulejow.pl\/wpmbps\/wp-content\/uploads\/2024\/05\/db03.jpg\" alt=\"\" class=\"wp-image-443\" srcset=\"https:\/\/biblioteka.sulejow.pl\/wpmbps\/wp-content\/uploads\/2024\/05\/db03.jpg 921w, https:\/\/biblioteka.sulejow.pl\/wpmbps\/wp-content\/uploads\/2024\/05\/db03-300x250.jpg 300w, https:\/\/biblioteka.sulejow.pl\/wpmbps\/wp-content\/uploads\/2024\/05\/db03-768x640.jpg 768w\" sizes=\"auto, (max-width: 921px) 100vw, 921px\" \/><\/a><\/figure>\n\n\n\n<figure class=\"wp-block-image size-large\"><a href=\"https:\/\/biblioteka.sulejow.pl\/wpmbps\/wp-content\/uploads\/2024\/05\/db04.jpg\"><img loading=\"lazy\" decoding=\"async\" width=\"802\" height=\"768\" data-id=\"440\" src=\"https:\/\/biblioteka.sulejow.pl\/wpmbps\/wp-content\/uploads\/2024\/05\/db04.jpg\" alt=\"\" class=\"wp-image-440\" srcset=\"https:\/\/biblioteka.sulejow.pl\/wpmbps\/wp-content\/uploads\/2024\/05\/db04.jpg 802w, https:\/\/biblioteka.sulejow.pl\/wpmbps\/wp-content\/uploads\/2024\/05\/db04-300x287.jpg 300w, https:\/\/biblioteka.sulejow.pl\/wpmbps\/wp-content\/uploads\/2024\/05\/db04-768x735.jpg 768w\" sizes=\"auto, (max-width: 802px) 100vw, 802px\" \/><\/a><\/figure>\n\n\n\n<figure class=\"wp-block-image size-large\"><a href=\"https:\/\/biblioteka.sulejow.pl\/wpmbps\/wp-content\/uploads\/2024\/05\/db05.jpg\"><img loading=\"lazy\" decoding=\"async\" width=\"768\" height=\"1024\" data-id=\"441\" src=\"https:\/\/biblioteka.sulejow.pl\/wpmbps\/wp-content\/uploads\/2024\/05\/db05.jpg\" alt=\"\" class=\"wp-image-441\" srcset=\"https:\/\/biblioteka.sulejow.pl\/wpmbps\/wp-content\/uploads\/2024\/05\/db05.jpg 768w, https:\/\/biblioteka.sulejow.pl\/wpmbps\/wp-content\/uploads\/2024\/05\/db05-225x300.jpg 225w\" sizes=\"auto, (max-width: 768px) 100vw, 768px\" \/><\/a><\/figure>\n\n\n\n<figure class=\"wp-block-image size-large\"><a href=\"https:\/\/biblioteka.sulejow.pl\/wpmbps\/wp-content\/uploads\/2024\/05\/db06.jpg\"><img loading=\"lazy\" decoding=\"async\" width=\"768\" height=\"1024\" data-id=\"442\" src=\"https:\/\/biblioteka.sulejow.pl\/wpmbps\/wp-content\/uploads\/2024\/05\/db06.jpg\" alt=\"\" class=\"wp-image-442\" srcset=\"https:\/\/biblioteka.sulejow.pl\/wpmbps\/wp-content\/uploads\/2024\/05\/db06.jpg 768w, https:\/\/biblioteka.sulejow.pl\/wpmbps\/wp-content\/uploads\/2024\/05\/db06-225x300.jpg 225w\" sizes=\"auto, (max-width: 768px) 100vw, 768px\" \/><\/a><\/figure>\n<\/figure>\n","protected":false},"excerpt":{"rendered":"<p>Z okazji Og\u00f3lnopolskiego Dnia Bibliotekarza i na rozpocz\u0119cie Tygodnia Bibliotek 2024 Miejsk\u0105 Bibliotek\u0119 Publiczn\u0105 w Sulejowie odwiedzi\u0142y z \u017cyczeniami urocze przedszkolaki z Samorz\u0105dowego Przedszkola w Sulejowie. Spotkanie rozpocz\u0119\u0142o si\u0119 wsp\u00f3lnym zwiedzaniem sulejowskiej ksi\u0105\u017cnicy, nast\u0119pnie maluchy pozna\u0142y zasady wypo\u017cyczania ksi\u0105\u017cek oraz dbania o nie w domu, ogl\u0105da\u0142y bajki, a panie bibliotekarki przeczyta\u0142y im opowiadanie o pierwszej [&hellip;]<\/p>\n","protected":false},"author":1,"featured_media":0,"comment_status":"closed","ping_status":"closed","sticky":false,"template":"","format":"standard","meta":{"zakra_page_container_layout":"customizer","zakra_page_sidebar_layout":"customizer","zakra_remove_content_margin":false,"zakra_sidebar":"customizer","zakra_transparent_header":"customizer","zakra_logo":0,"zakra_main_header_style":"default","zakra_menu_item_color":"","zakra_menu_item_hover_color":"","zakra_menu_item_active_color":"","zakra_menu_active_style":"","zakra_page_header":true,"footnotes":"","_links_to":"","_links_to_target":""},"categories":[4],"tags":[],"class_list":["post-438","post","type-post","status-publish","format-standard","hentry","category-aktualnosci-2024"],"_links":{"self":[{"href":"https:\/\/biblioteka.sulejow.pl\/index.php?rest_route=\/wp\/v2\/posts\/438","targetHints":{"allow":["GET"]}}],"collection":[{"href":"https:\/\/biblioteka.sulejow.pl\/index.php?rest_route=\/wp\/v2\/posts"}],"about":[{"href":"https:\/\/biblioteka.sulejow.pl\/index.php?rest_route=\/wp\/v2\/types\/post"}],"author":[{"embeddable":true,"href":"https:\/\/biblioteka.sulejow.pl\/index.php?rest_route=\/wp\/v2\/users\/1"}],"replies":[{"embeddable":true,"href":"https:\/\/biblioteka.sulejow.pl\/index.php?rest_route=%2Fwp%2Fv2%2Fcomments&post=438"}],"version-history":[{"count":1,"href":"https:\/\/biblioteka.sulejow.pl\/index.php?rest_route=\/wp\/v2\/posts\/438\/revisions"}],"predecessor-version":[{"id":444,"href":"https:\/\/biblioteka.sulejow.pl\/index.php?rest_route=\/wp\/v2\/posts\/438\/revisions\/444"}],"wp:attachment":[{"href":"https:\/\/biblioteka.sulejow.pl\/index.php?rest_route=%2Fwp%2Fv2%2Fmedia&parent=438"}],"wp:term":[{"taxonomy":"category","embeddable":true,"href":"https:\/\/biblioteka.sulejow.pl\/index.php?rest_route=%2Fwp%2Fv2%2Fcategories&post=438"},{"taxonomy":"post_tag","embeddable":true,"href":"https:\/\/biblioteka.sulejow.pl\/index.php?rest_route=%2Fwp%2Fv2%2Ftags&post=438"}],"curies":[{"name":"wp","href":"https:\/\/api.w.org\/{rel}","templated":true}]}}