{"id":467,"date":"2024-05-18T19:02:43","date_gmt":"2024-05-18T19:02:43","guid":{"rendered":"https:\/\/biblioteka.sulejow.pl\/?p=467"},"modified":"2024-05-18T19:02:44","modified_gmt":"2024-05-18T19:02:44","slug":"przygody-krecika","status":"publish","type":"post","link":"https:\/\/biblioteka.sulejow.pl\/?p=467","title":{"rendered":"\u201ePrzygody Krecika\u201d"},"content":{"rendered":"\n<p>\u201ePrzygody Krecika\u201d to tytu\u0142 przedstawienia, na kt\u00f3re dnia 14.05.2024r. Miejska Biblioteka Publiczna w Sulejowie zaprosi\u0142a dzieci z Samorz\u0105dowych Przedszkoli z terenu Gminy Sulej\u00f3w. Spotkanie z aktorami ze Studia Teatralnego KRAK-ART z Krakowa, odby\u0142o si\u0119 w ramach trwaj\u0105cej XXI edycji og\u00f3lnopolskiego \u201eTygodnia Bibliotek\u201d, pod has\u0142em- BIBLIOTEKA-MIEJSCE NA CZASIE.<\/p>\n\n\n\n<p>Ka\u017cdy z nas marzy czasem, aby mieszka\u0107 gdzie indziej. Zamieni\u0107 miejski zgie\u0142k na spok\u00f3j przedmie\u015bcia, albo przeprowadzi\u0107 si\u0119 z ma\u0142ego mieszkania do przestronnego domu.<\/p>\n\n\n\n<p>Tytu\u0142owy bohater \u2013 ma\u0142y Krecik, pewnego dnia postanowi\u0142 sprawdzi\u0107, czy m\u00f3g\u0142by zamieni\u0107 sw\u00f3j podziemny domek na inne mieszkanie. W\u0119druj\u0105c po \u015bwiecie spotyka r\u00f3\u017cne zwierz\u0105tka, kt\u00f3re m\u00f3wi\u0105 mu o swoich miejscach zamieszkania. Pszcz\u00f3\u0142ka opowiedzia\u0142a o \u017cyciu w ulu. Wiewi\u00f3rka zaprosi\u0142a do dziupli w drzewie. Zaj\u0105czek ugo\u015bci\u0142 Krecika w swojej norce. Natomiast s\u00f3jka przedstawi\u0142a swoje gniazdko na drzewie. Czy gdziekolwiek krecikowi si\u0119 spodoba\u0142o? Czy znalaz\u0142 miejsce odpowiednie dla siebie?<\/p>\n\n\n\n<p>Okaza\u0142o si\u0119 jednak , \u017ce &#8222;wsz\u0119dzie dobrze ale w domu najlepiej&#8221;.<\/p>\n\n\n\n<p>Dzieci nie tylko z uwag\u0105 \u015bledzi\u0142y przygody g\u0142\u00f3wnego bohatera, ale bardzo aktywnie uczestniczy\u0142y w przedstawieniu. By\u0142o przy tym du\u017co \u015bmiechu i fantastycznej zabawy, jak to w dobrych teatrach bywa.. Tego dnia byli\u015bmy \u015bwiadkami popisowych kreacji aktorskich. Wszyscy bawili si\u0119 doskonale.<\/p>\n\n\n\n<p>Nasi milusi\u0144scy po obejrzeniu spektaklu przyszli odwiedzi\u0107 i pozna\u0107 nasz\u0105 Ksi\u0105\u017cnic\u0119. By\u0142a to dla nich pierwsza wizyta w\u015br\u00f3d tylu ksi\u0105\u017cek. Z tematem spotkania przedszkolak\u00f3w zapozna\u0142y panie bibliotekarki, kt\u00f3re opowiedzia\u0142y dzieciom o tym magicznym miejscu, z wielkim zainteresowaniem maluchy ogl\u0105da\u0142y ksi\u0105\u017cki znajduj\u0105ce si\u0119 na p\u00f3\u0142kach, ale szczeg\u00f3lnie zainteresowa\u0142 je dzia\u0142 dla najm\u0142odszych oraz sala zabaw \u201eFraszka\u201d. Dzieci dowiedzia\u0142y si\u0119, co nale\u017cy zrobi\u0107, aby sta\u0107 si\u0119 czytelnikiem biblioteki oraz jak nale\u017cy si\u0119 w niej zachowa\u0107. Nie zabrak\u0142o oczywi\u015bcie wsp\u00f3lnego czytania !<\/p>\n\n\n\n<figure class=\"wp-block-gallery has-nested-images columns-default is-cropped wp-block-gallery-1 is-layout-flex wp-block-gallery-is-layout-flex\">\n<figure class=\"wp-block-image size-large\"><a href=\"https:\/\/biblioteka.sulejow.pl\/wpmbps\/wp-content\/uploads\/2024\/05\/pk01.jpg\"><img loading=\"lazy\" decoding=\"async\" width=\"1024\" height=\"768\" data-id=\"468\" src=\"https:\/\/biblioteka.sulejow.pl\/wpmbps\/wp-content\/uploads\/2024\/05\/pk01.jpg\" alt=\"\" class=\"wp-image-468\" srcset=\"https:\/\/biblioteka.sulejow.pl\/wpmbps\/wp-content\/uploads\/2024\/05\/pk01.jpg 1024w, https:\/\/biblioteka.sulejow.pl\/wpmbps\/wp-content\/uploads\/2024\/05\/pk01-300x225.jpg 300w, https:\/\/biblioteka.sulejow.pl\/wpmbps\/wp-content\/uploads\/2024\/05\/pk01-768x576.jpg 768w\" sizes=\"auto, (max-width: 1024px) 100vw, 1024px\" \/><\/a><\/figure>\n\n\n\n<figure class=\"wp-block-image size-large\"><a href=\"https:\/\/biblioteka.sulejow.pl\/wpmbps\/wp-content\/uploads\/2024\/05\/pk02.jpg\"><img loading=\"lazy\" decoding=\"async\" width=\"1024\" height=\"768\" data-id=\"469\" src=\"https:\/\/biblioteka.sulejow.pl\/wpmbps\/wp-content\/uploads\/2024\/05\/pk02.jpg\" alt=\"\" class=\"wp-image-469\" srcset=\"https:\/\/biblioteka.sulejow.pl\/wpmbps\/wp-content\/uploads\/2024\/05\/pk02.jpg 1024w, https:\/\/biblioteka.sulejow.pl\/wpmbps\/wp-content\/uploads\/2024\/05\/pk02-300x225.jpg 300w, https:\/\/biblioteka.sulejow.pl\/wpmbps\/wp-content\/uploads\/2024\/05\/pk02-768x576.jpg 768w\" sizes=\"auto, (max-width: 1024px) 100vw, 1024px\" \/><\/a><\/figure>\n\n\n\n<figure class=\"wp-block-image size-large\"><a href=\"https:\/\/biblioteka.sulejow.pl\/wpmbps\/wp-content\/uploads\/2024\/05\/pk03.jpg\"><img loading=\"lazy\" decoding=\"async\" width=\"1024\" height=\"768\" data-id=\"470\" src=\"https:\/\/biblioteka.sulejow.pl\/wpmbps\/wp-content\/uploads\/2024\/05\/pk03.jpg\" alt=\"\" class=\"wp-image-470\" srcset=\"https:\/\/biblioteka.sulejow.pl\/wpmbps\/wp-content\/uploads\/2024\/05\/pk03.jpg 1024w, https:\/\/biblioteka.sulejow.pl\/wpmbps\/wp-content\/uploads\/2024\/05\/pk03-300x225.jpg 300w, https:\/\/biblioteka.sulejow.pl\/wpmbps\/wp-content\/uploads\/2024\/05\/pk03-768x576.jpg 768w\" sizes=\"auto, (max-width: 1024px) 100vw, 1024px\" \/><\/a><\/figure>\n\n\n\n<figure class=\"wp-block-image size-large\"><a href=\"https:\/\/biblioteka.sulejow.pl\/wpmbps\/wp-content\/uploads\/2024\/05\/pk04.jpg\"><img loading=\"lazy\" decoding=\"async\" width=\"1024\" height=\"768\" data-id=\"472\" src=\"https:\/\/biblioteka.sulejow.pl\/wpmbps\/wp-content\/uploads\/2024\/05\/pk04.jpg\" alt=\"\" class=\"wp-image-472\" srcset=\"https:\/\/biblioteka.sulejow.pl\/wpmbps\/wp-content\/uploads\/2024\/05\/pk04.jpg 1024w, https:\/\/biblioteka.sulejow.pl\/wpmbps\/wp-content\/uploads\/2024\/05\/pk04-300x225.jpg 300w, https:\/\/biblioteka.sulejow.pl\/wpmbps\/wp-content\/uploads\/2024\/05\/pk04-768x576.jpg 768w\" sizes=\"auto, (max-width: 1024px) 100vw, 1024px\" \/><\/a><\/figure>\n\n\n\n<figure class=\"wp-block-image size-large\"><a href=\"https:\/\/biblioteka.sulejow.pl\/wpmbps\/wp-content\/uploads\/2024\/05\/pk05.jpg\"><img loading=\"lazy\" decoding=\"async\" width=\"768\" height=\"1024\" data-id=\"471\" src=\"https:\/\/biblioteka.sulejow.pl\/wpmbps\/wp-content\/uploads\/2024\/05\/pk05.jpg\" alt=\"\" class=\"wp-image-471\" srcset=\"https:\/\/biblioteka.sulejow.pl\/wpmbps\/wp-content\/uploads\/2024\/05\/pk05.jpg 768w, https:\/\/biblioteka.sulejow.pl\/wpmbps\/wp-content\/uploads\/2024\/05\/pk05-225x300.jpg 225w\" sizes=\"auto, (max-width: 768px) 100vw, 768px\" \/><\/a><\/figure>\n\n\n\n<figure class=\"wp-block-image size-large\"><a href=\"https:\/\/biblioteka.sulejow.pl\/wpmbps\/wp-content\/uploads\/2024\/05\/pk06.jpg\"><img loading=\"lazy\" decoding=\"async\" width=\"768\" height=\"1024\" data-id=\"473\" src=\"https:\/\/biblioteka.sulejow.pl\/wpmbps\/wp-content\/uploads\/2024\/05\/pk06.jpg\" alt=\"\" class=\"wp-image-473\" srcset=\"https:\/\/biblioteka.sulejow.pl\/wpmbps\/wp-content\/uploads\/2024\/05\/pk06.jpg 768w, https:\/\/biblioteka.sulejow.pl\/wpmbps\/wp-content\/uploads\/2024\/05\/pk06-225x300.jpg 225w\" sizes=\"auto, (max-width: 768px) 100vw, 768px\" \/><\/a><\/figure>\n<\/figure>\n","protected":false},"excerpt":{"rendered":"<p>\u201ePrzygody Krecika\u201d to tytu\u0142 przedstawienia, na kt\u00f3re dnia 14.05.2024r. Miejska Biblioteka Publiczna w Sulejowie zaprosi\u0142a dzieci z Samorz\u0105dowych Przedszkoli z terenu Gminy Sulej\u00f3w. Spotkanie z aktorami ze Studia Teatralnego KRAK-ART z Krakowa, odby\u0142o si\u0119 w ramach trwaj\u0105cej XXI edycji og\u00f3lnopolskiego \u201eTygodnia Bibliotek\u201d, pod has\u0142em- BIBLIOTEKA-MIEJSCE NA CZASIE. Ka\u017cdy z nas marzy czasem, aby mieszka\u0107 gdzie [&hellip;]<\/p>\n","protected":false},"author":1,"featured_media":0,"comment_status":"closed","ping_status":"closed","sticky":false,"template":"","format":"standard","meta":{"zakra_page_container_layout":"customizer","zakra_page_sidebar_layout":"customizer","zakra_remove_content_margin":false,"zakra_sidebar":"customizer","zakra_transparent_header":"customizer","zakra_logo":0,"zakra_main_header_style":"default","zakra_menu_item_color":"","zakra_menu_item_hover_color":"","zakra_menu_item_active_color":"","zakra_menu_active_style":"","zakra_page_header":true,"footnotes":"","_links_to":"","_links_to_target":""},"categories":[4],"tags":[],"class_list":["post-467","post","type-post","status-publish","format-standard","hentry","category-aktualnosci-2024"],"_links":{"self":[{"href":"https:\/\/biblioteka.sulejow.pl\/index.php?rest_route=\/wp\/v2\/posts\/467","targetHints":{"allow":["GET"]}}],"collection":[{"href":"https:\/\/biblioteka.sulejow.pl\/index.php?rest_route=\/wp\/v2\/posts"}],"about":[{"href":"https:\/\/biblioteka.sulejow.pl\/index.php?rest_route=\/wp\/v2\/types\/post"}],"author":[{"embeddable":true,"href":"https:\/\/biblioteka.sulejow.pl\/index.php?rest_route=\/wp\/v2\/users\/1"}],"replies":[{"embeddable":true,"href":"https:\/\/biblioteka.sulejow.pl\/index.php?rest_route=%2Fwp%2Fv2%2Fcomments&post=467"}],"version-history":[{"count":1,"href":"https:\/\/biblioteka.sulejow.pl\/index.php?rest_route=\/wp\/v2\/posts\/467\/revisions"}],"predecessor-version":[{"id":474,"href":"https:\/\/biblioteka.sulejow.pl\/index.php?rest_route=\/wp\/v2\/posts\/467\/revisions\/474"}],"wp:attachment":[{"href":"https:\/\/biblioteka.sulejow.pl\/index.php?rest_route=%2Fwp%2Fv2%2Fmedia&parent=467"}],"wp:term":[{"taxonomy":"category","embeddable":true,"href":"https:\/\/biblioteka.sulejow.pl\/index.php?rest_route=%2Fwp%2Fv2%2Fcategories&post=467"},{"taxonomy":"post_tag","embeddable":true,"href":"https:\/\/biblioteka.sulejow.pl\/index.php?rest_route=%2Fwp%2Fv2%2Ftags&post=467"}],"curies":[{"name":"wp","href":"https:\/\/api.w.org\/{rel}","templated":true}]}}