{"id":484,"date":"2024-05-18T19:24:27","date_gmt":"2024-05-18T19:24:27","guid":{"rendered":"https:\/\/biblioteka.sulejow.pl\/?p=484"},"modified":"2024-05-18T19:24:27","modified_gmt":"2024-05-18T19:24:27","slug":"spotkanie-autorskie-z-pania-zofia-fiuk","status":"publish","type":"post","link":"https:\/\/biblioteka.sulejow.pl\/?p=484","title":{"rendered":"Spotkanie autorskie z Pani\u0105 Zofi\u0105 Fiuk"},"content":{"rendered":"\n<p>Na zako\u0144czenie obchod\u00f3w Og\u00f3lnopolskiego Tygodnia Bibliotek dnia 15.05.2024r. w Miejskiej Bibliotece Publicznej w Sulejowie odby\u0142o si\u0119 spotkanie autorskie z Pani\u0105 Zofi\u0105 Kuczy\u0144sk\u0105 Fiuk, poetk\u0105 pochodz\u0105c\u0105 z naszej miejscowo\u015bci, kt\u00f3ra zaprezentowa\u0142a swoj\u0105 tw\u00f3rczo\u015b\u0107. Podczas spotkania Pani Zofia opowiada\u0142a o pocz\u0105tkach swojej przygody z poezj\u0105 oraz o wydarzeniach, kt\u00f3re by\u0142y inspiracj\u0105 do napisania wierszy. W swoich utworach poetka porusza temat wiary jako czynnika nadaj\u0105cego sens \u017cyciu jak r\u00f3wnie\u017c wspomina w nich czasy swojego dzieci\u0144stwa zwi\u0105zanego z Sulejowem, m\u0142odo\u015b\u0107 i do\u015bwiadczenia \u017cycia doros\u0142ego. Pisze te\u017c o swoich pasjach, kt\u00f3rym nami\u0119tnie si\u0119 oddaje. Na spotkaniu obecny by\u0142 r\u00f3wnie\u017c Pan Tomasz Miller, kt\u00f3ry we wsp\u00f3\u0142pracy ze Stowarzyszeniem \u201eSulej\u00f3w Turystyczny\u201d wyda\u0142 jak dot\u0105d osiem tomik\u00f3w poezji Pani Zofii. \u00a0Swoj\u0105 tw\u00f3rczo\u015b\u0107 zaprezentowa\u0142y te\u017c serdeczne przyjaci\u00f3\u0142ki poetki, Pani Zofia Paw\u0142owska \u00a0oraz Pani Jolanta Wo\u0142osi\u0144ska. Jako, \u017ce wizyta naszego mi\u0142ego go\u015bcia odby\u0142a si\u0119 w dniu imienin Zofii nie zabrak\u0142o te\u017c \u017cycze\u0144 oraz s\u0142odkiego pocz\u0119stunku. Serdecznie dzi\u0119kujemy wszystkim za obecno\u015b\u0107.<\/p>\n\n\n\n<figure class=\"wp-block-gallery has-nested-images columns-default is-cropped wp-block-gallery-1 is-layout-flex wp-block-gallery-is-layout-flex\">\n<figure class=\"wp-block-image size-large\"><a href=\"https:\/\/biblioteka.sulejow.pl\/wpmbps\/wp-content\/uploads\/2024\/05\/zf01.jpg\"><img loading=\"lazy\" decoding=\"async\" width=\"768\" height=\"1024\" data-id=\"485\" src=\"https:\/\/biblioteka.sulejow.pl\/wpmbps\/wp-content\/uploads\/2024\/05\/zf01.jpg\" alt=\"\" class=\"wp-image-485\" srcset=\"https:\/\/biblioteka.sulejow.pl\/wpmbps\/wp-content\/uploads\/2024\/05\/zf01.jpg 768w, https:\/\/biblioteka.sulejow.pl\/wpmbps\/wp-content\/uploads\/2024\/05\/zf01-225x300.jpg 225w\" sizes=\"auto, (max-width: 768px) 100vw, 768px\" \/><\/a><\/figure>\n\n\n\n<figure class=\"wp-block-image size-large\"><a href=\"https:\/\/biblioteka.sulejow.pl\/wpmbps\/wp-content\/uploads\/2024\/05\/zf02.jpg\"><img loading=\"lazy\" decoding=\"async\" width=\"768\" height=\"1024\" data-id=\"486\" src=\"https:\/\/biblioteka.sulejow.pl\/wpmbps\/wp-content\/uploads\/2024\/05\/zf02.jpg\" alt=\"\" class=\"wp-image-486\" srcset=\"https:\/\/biblioteka.sulejow.pl\/wpmbps\/wp-content\/uploads\/2024\/05\/zf02.jpg 768w, https:\/\/biblioteka.sulejow.pl\/wpmbps\/wp-content\/uploads\/2024\/05\/zf02-225x300.jpg 225w\" sizes=\"auto, (max-width: 768px) 100vw, 768px\" \/><\/a><\/figure>\n\n\n\n<figure class=\"wp-block-image size-large\"><a href=\"https:\/\/biblioteka.sulejow.pl\/wpmbps\/wp-content\/uploads\/2024\/05\/zf03.jpg\"><img loading=\"lazy\" decoding=\"async\" width=\"768\" height=\"1024\" data-id=\"488\" src=\"https:\/\/biblioteka.sulejow.pl\/wpmbps\/wp-content\/uploads\/2024\/05\/zf03.jpg\" alt=\"\" class=\"wp-image-488\" srcset=\"https:\/\/biblioteka.sulejow.pl\/wpmbps\/wp-content\/uploads\/2024\/05\/zf03.jpg 768w, https:\/\/biblioteka.sulejow.pl\/wpmbps\/wp-content\/uploads\/2024\/05\/zf03-225x300.jpg 225w\" sizes=\"auto, (max-width: 768px) 100vw, 768px\" \/><\/a><\/figure>\n\n\n\n<figure class=\"wp-block-image size-large\"><a href=\"https:\/\/biblioteka.sulejow.pl\/wpmbps\/wp-content\/uploads\/2024\/05\/zf04.jpg\"><img loading=\"lazy\" decoding=\"async\" width=\"768\" height=\"1024\" data-id=\"487\" src=\"https:\/\/biblioteka.sulejow.pl\/wpmbps\/wp-content\/uploads\/2024\/05\/zf04.jpg\" alt=\"\" class=\"wp-image-487\" srcset=\"https:\/\/biblioteka.sulejow.pl\/wpmbps\/wp-content\/uploads\/2024\/05\/zf04.jpg 768w, https:\/\/biblioteka.sulejow.pl\/wpmbps\/wp-content\/uploads\/2024\/05\/zf04-225x300.jpg 225w\" sizes=\"auto, (max-width: 768px) 100vw, 768px\" \/><\/a><\/figure>\n\n\n\n<figure class=\"wp-block-image size-large\"><a href=\"https:\/\/biblioteka.sulejow.pl\/wpmbps\/wp-content\/uploads\/2024\/05\/zf05.jpg\"><img loading=\"lazy\" decoding=\"async\" width=\"768\" height=\"1024\" data-id=\"489\" src=\"https:\/\/biblioteka.sulejow.pl\/wpmbps\/wp-content\/uploads\/2024\/05\/zf05.jpg\" alt=\"\" class=\"wp-image-489\" srcset=\"https:\/\/biblioteka.sulejow.pl\/wpmbps\/wp-content\/uploads\/2024\/05\/zf05.jpg 768w, https:\/\/biblioteka.sulejow.pl\/wpmbps\/wp-content\/uploads\/2024\/05\/zf05-225x300.jpg 225w\" sizes=\"auto, (max-width: 768px) 100vw, 768px\" \/><\/a><\/figure>\n\n\n\n<figure class=\"wp-block-image size-large\"><a href=\"https:\/\/biblioteka.sulejow.pl\/wpmbps\/wp-content\/uploads\/2024\/05\/zf06.jpg\"><img loading=\"lazy\" decoding=\"async\" width=\"1024\" height=\"768\" data-id=\"490\" src=\"https:\/\/biblioteka.sulejow.pl\/wpmbps\/wp-content\/uploads\/2024\/05\/zf06.jpg\" alt=\"\" class=\"wp-image-490\" srcset=\"https:\/\/biblioteka.sulejow.pl\/wpmbps\/wp-content\/uploads\/2024\/05\/zf06.jpg 1024w, https:\/\/biblioteka.sulejow.pl\/wpmbps\/wp-content\/uploads\/2024\/05\/zf06-300x225.jpg 300w, https:\/\/biblioteka.sulejow.pl\/wpmbps\/wp-content\/uploads\/2024\/05\/zf06-768x576.jpg 768w\" sizes=\"auto, (max-width: 1024px) 100vw, 1024px\" \/><\/a><\/figure>\n<\/figure>\n","protected":false},"excerpt":{"rendered":"<p>Na zako\u0144czenie obchod\u00f3w Og\u00f3lnopolskiego Tygodnia Bibliotek dnia 15.05.2024r. w Miejskiej Bibliotece Publicznej w Sulejowie odby\u0142o si\u0119 spotkanie autorskie z Pani\u0105 Zofi\u0105 Kuczy\u0144sk\u0105 Fiuk, poetk\u0105 pochodz\u0105c\u0105 z naszej miejscowo\u015bci, kt\u00f3ra zaprezentowa\u0142a swoj\u0105 tw\u00f3rczo\u015b\u0107. Podczas spotkania Pani Zofia opowiada\u0142a o pocz\u0105tkach swojej przygody z poezj\u0105 oraz o wydarzeniach, kt\u00f3re by\u0142y inspiracj\u0105 do napisania wierszy. W swoich utworach [&hellip;]<\/p>\n","protected":false},"author":1,"featured_media":0,"comment_status":"closed","ping_status":"closed","sticky":false,"template":"","format":"standard","meta":{"zakra_page_container_layout":"customizer","zakra_page_sidebar_layout":"customizer","zakra_remove_content_margin":false,"zakra_sidebar":"customizer","zakra_transparent_header":"customizer","zakra_logo":0,"zakra_main_header_style":"default","zakra_menu_item_color":"","zakra_menu_item_hover_color":"","zakra_menu_item_active_color":"","zakra_menu_active_style":"","zakra_page_header":true,"footnotes":"","_links_to":"","_links_to_target":""},"categories":[4],"tags":[],"class_list":["post-484","post","type-post","status-publish","format-standard","hentry","category-aktualnosci-2024"],"_links":{"self":[{"href":"https:\/\/biblioteka.sulejow.pl\/index.php?rest_route=\/wp\/v2\/posts\/484","targetHints":{"allow":["GET"]}}],"collection":[{"href":"https:\/\/biblioteka.sulejow.pl\/index.php?rest_route=\/wp\/v2\/posts"}],"about":[{"href":"https:\/\/biblioteka.sulejow.pl\/index.php?rest_route=\/wp\/v2\/types\/post"}],"author":[{"embeddable":true,"href":"https:\/\/biblioteka.sulejow.pl\/index.php?rest_route=\/wp\/v2\/users\/1"}],"replies":[{"embeddable":true,"href":"https:\/\/biblioteka.sulejow.pl\/index.php?rest_route=%2Fwp%2Fv2%2Fcomments&post=484"}],"version-history":[{"count":1,"href":"https:\/\/biblioteka.sulejow.pl\/index.php?rest_route=\/wp\/v2\/posts\/484\/revisions"}],"predecessor-version":[{"id":491,"href":"https:\/\/biblioteka.sulejow.pl\/index.php?rest_route=\/wp\/v2\/posts\/484\/revisions\/491"}],"wp:attachment":[{"href":"https:\/\/biblioteka.sulejow.pl\/index.php?rest_route=%2Fwp%2Fv2%2Fmedia&parent=484"}],"wp:term":[{"taxonomy":"category","embeddable":true,"href":"https:\/\/biblioteka.sulejow.pl\/index.php?rest_route=%2Fwp%2Fv2%2Fcategories&post=484"},{"taxonomy":"post_tag","embeddable":true,"href":"https:\/\/biblioteka.sulejow.pl\/index.php?rest_route=%2Fwp%2Fv2%2Ftags&post=484"}],"curies":[{"name":"wp","href":"https:\/\/api.w.org\/{rel}","templated":true}]}}