{"id":501,"date":"2024-05-29T12:57:15","date_gmt":"2024-05-29T12:57:15","guid":{"rendered":"https:\/\/biblioteka.sulejow.pl\/?p=501"},"modified":"2024-05-29T12:57:49","modified_gmt":"2024-05-29T12:57:49","slug":"zapraszamy-na-dzien-dziecka","status":"publish","type":"post","link":"https:\/\/biblioteka.sulejow.pl\/?p=501","title":{"rendered":"Zapraszamy na Dzie\u0144 Dziecka"},"content":{"rendered":"\n<p>1 czerwca w ca\u0142ej Polsce obchodzony jest Dzie\u0144 Dziecka.&#x1f467;&#x1f9d2; W naszej Ksi\u0105\u017cnicy r\u00f3wnie\u017c nie mo\u017ce zabrakn\u0105\u0107 atrakcji dla naszych milusi\u0144skich.<\/p>\n\n\n\n<p>W tym dniu zadbamy o to, aby wszystkie dzieci by\u0142y radosne, u\u015bmiechni\u0119te, obdarowane niespodziankami oraz oczywi\u015bcie ksi\u0105\u017ckami.<\/p>\n\n\n\n<p>Serdecznie zapraszamy<\/p>\n\n\n\n<figure class=\"wp-block-gallery has-nested-images columns-default is-cropped wp-block-gallery-1 is-layout-flex wp-block-gallery-is-layout-flex\"><\/figure>\n","protected":false},"excerpt":{"rendered":"<p>1 czerwca w ca\u0142ej Polsce obchodzony jest Dzie\u0144 Dziecka.&#x1f467;&#x1f9d2; W naszej<br \/>\nKsi\u0105\u017cnicy r\u00f3wnie\u017c nie mo\u017ce zabrakn\u0105\u0107 atrakcji dla naszych milusi\u0144skich.<br \/>\nW tym dniu zadbamy o to, aby wszystkie dzieci by\u0142y radosne,<br \/>\nu\u015bmiechni\u0119te, obdarowane niespodziankami oraz oczywi\u015bcie ksi\u0105\u017ckami.<br \/>\nSerdecznie zapraszamy<\/p>\n","protected":false},"author":1,"featured_media":502,"comment_status":"closed","ping_status":"closed","sticky":false,"template":"","format":"standard","meta":{"zakra_page_container_layout":"customizer","zakra_page_sidebar_layout":"customizer","zakra_remove_content_margin":false,"zakra_sidebar":"customizer","zakra_transparent_header":"customizer","zakra_logo":0,"zakra_main_header_style":"default","zakra_menu_item_color":"","zakra_menu_item_hover_color":"","zakra_menu_item_active_color":"","zakra_menu_active_style":"","zakra_page_header":true,"footnotes":"","_links_to":"","_links_to_target":""},"categories":[4],"tags":[],"class_list":["post-501","post","type-post","status-publish","format-standard","has-post-thumbnail","hentry","category-aktualnosci-2024"],"_links":{"self":[{"href":"https:\/\/biblioteka.sulejow.pl\/index.php?rest_route=\/wp\/v2\/posts\/501","targetHints":{"allow":["GET"]}}],"collection":[{"href":"https:\/\/biblioteka.sulejow.pl\/index.php?rest_route=\/wp\/v2\/posts"}],"about":[{"href":"https:\/\/biblioteka.sulejow.pl\/index.php?rest_route=\/wp\/v2\/types\/post"}],"author":[{"embeddable":true,"href":"https:\/\/biblioteka.sulejow.pl\/index.php?rest_route=\/wp\/v2\/users\/1"}],"replies":[{"embeddable":true,"href":"https:\/\/biblioteka.sulejow.pl\/index.php?rest_route=%2Fwp%2Fv2%2Fcomments&post=501"}],"version-history":[{"count":2,"href":"https:\/\/biblioteka.sulejow.pl\/index.php?rest_route=\/wp\/v2\/posts\/501\/revisions"}],"predecessor-version":[{"id":504,"href":"https:\/\/biblioteka.sulejow.pl\/index.php?rest_route=\/wp\/v2\/posts\/501\/revisions\/504"}],"wp:featuredmedia":[{"embeddable":true,"href":"https:\/\/biblioteka.sulejow.pl\/index.php?rest_route=\/wp\/v2\/media\/502"}],"wp:attachment":[{"href":"https:\/\/biblioteka.sulejow.pl\/index.php?rest_route=%2Fwp%2Fv2%2Fmedia&parent=501"}],"wp:term":[{"taxonomy":"category","embeddable":true,"href":"https:\/\/biblioteka.sulejow.pl\/index.php?rest_route=%2Fwp%2Fv2%2Fcategories&post=501"},{"taxonomy":"post_tag","embeddable":true,"href":"https:\/\/biblioteka.sulejow.pl\/index.php?rest_route=%2Fwp%2Fv2%2Ftags&post=501"}],"curies":[{"name":"wp","href":"https:\/\/api.w.org\/{rel}","templated":true}]}}