{"id":517,"date":"2024-06-05T19:18:02","date_gmt":"2024-06-05T19:18:02","guid":{"rendered":"https:\/\/biblioteka.sulejow.pl\/?p=517"},"modified":"2024-06-05T19:18:02","modified_gmt":"2024-06-05T19:18:02","slug":"dzien-dziecka-w-bibliotece","status":"publish","type":"post","link":"https:\/\/biblioteka.sulejow.pl\/?p=517","title":{"rendered":"Dzie\u0144 Dziecka w Bibliotece"},"content":{"rendered":"\n<p>Dzie\u0144 Dziecka to \u015bwi\u0119to uwielbiane przez wszystkie dzieci. To dzie\u0144 pe\u0142en u\u015bmiech\u00f3w, zabaw i niespodzianek. W sulejowskiej bibliotece 1 czerwca r\u00f3wnie\u017c nie zabrak\u0142o wspania\u0142ych atrakcji. Tego dnia na dzieci czeka\u0142y kolorowe balony, s\u0142odkie upominki i oczywi\u015bcie ciekawe ksi\u0105\u017cki. Nasi milusi\u0144scy brali udzia\u0142 w wielu grach i zabawach zorganizowanych przez Panie bibliotekarski. Dobre nastroje towarzyszy\u0142y im podczas rozwi\u0105zywania tajemniczych zagadek, uk\u0142adania puzzli oraz s\u0142uchania czytanych ksi\u0105\u017cek. Ogromne zaanga\u017cowanie dzieci wykaza\u0142y podczas rozpoznawania r\u00f3\u017cnych przedmiot\u00f3w z magicznego pude\u0142ka. Ca\u0142emu spotkaniu towarzyszy\u0142a swobodna atmosfera i du\u017co pozytywnych emocji, o czym \u015bwiadczy\u0142y radosne i u\u015bmiechni\u0119te buzie. <\/p>\n\n\n\n<figure class=\"wp-block-gallery has-nested-images columns-default is-cropped wp-block-gallery-1 is-layout-flex wp-block-gallery-is-layout-flex\">\n<figure class=\"wp-block-image size-large\"><a href=\"https:\/\/biblioteka.sulejow.pl\/wpmbps\/wp-content\/uploads\/2024\/06\/12.jpg\"><img loading=\"lazy\" decoding=\"async\" width=\"965\" height=\"768\" data-id=\"516\" src=\"https:\/\/biblioteka.sulejow.pl\/wpmbps\/wp-content\/uploads\/2024\/06\/12.jpg\" alt=\"na zdj\u0119ciu grupa bawi\u0105cych si\u0119 dzieci w sulejowskiej bibliotece\" class=\"wp-image-516\" srcset=\"https:\/\/biblioteka.sulejow.pl\/wpmbps\/wp-content\/uploads\/2024\/06\/12.jpg 965w, https:\/\/biblioteka.sulejow.pl\/wpmbps\/wp-content\/uploads\/2024\/06\/12-300x239.jpg 300w, https:\/\/biblioteka.sulejow.pl\/wpmbps\/wp-content\/uploads\/2024\/06\/12-768x611.jpg 768w\" sizes=\"auto, (max-width: 965px) 100vw, 965px\" \/><\/a><\/figure>\n\n\n\n<figure class=\"wp-block-image size-large\"><a href=\"https:\/\/biblioteka.sulejow.pl\/wpmbps\/wp-content\/uploads\/2024\/06\/11.jpg\"><img loading=\"lazy\" decoding=\"async\" width=\"928\" height=\"768\" data-id=\"515\" src=\"https:\/\/biblioteka.sulejow.pl\/wpmbps\/wp-content\/uploads\/2024\/06\/11.jpg\" alt=\"na zdj\u0119ciu grupa bawi\u0105cych si\u0119 dzieci w sulejowskiej bibliotece\" class=\"wp-image-515\" srcset=\"https:\/\/biblioteka.sulejow.pl\/wpmbps\/wp-content\/uploads\/2024\/06\/11.jpg 928w, https:\/\/biblioteka.sulejow.pl\/wpmbps\/wp-content\/uploads\/2024\/06\/11-300x248.jpg 300w, https:\/\/biblioteka.sulejow.pl\/wpmbps\/wp-content\/uploads\/2024\/06\/11-768x636.jpg 768w\" sizes=\"auto, (max-width: 928px) 100vw, 928px\" \/><\/a><\/figure>\n\n\n\n<figure class=\"wp-block-image size-large\"><a href=\"https:\/\/biblioteka.sulejow.pl\/wpmbps\/wp-content\/uploads\/2024\/06\/10.jpg\"><img loading=\"lazy\" decoding=\"async\" width=\"1016\" height=\"768\" data-id=\"514\" src=\"https:\/\/biblioteka.sulejow.pl\/wpmbps\/wp-content\/uploads\/2024\/06\/10.jpg\" alt=\"na zdj\u0119ciu grupa bawi\u0105cych si\u0119 dzieci w sulejowskiej bibliotece\" class=\"wp-image-514\" srcset=\"https:\/\/biblioteka.sulejow.pl\/wpmbps\/wp-content\/uploads\/2024\/06\/10.jpg 1016w, https:\/\/biblioteka.sulejow.pl\/wpmbps\/wp-content\/uploads\/2024\/06\/10-300x227.jpg 300w, https:\/\/biblioteka.sulejow.pl\/wpmbps\/wp-content\/uploads\/2024\/06\/10-768x581.jpg 768w\" sizes=\"auto, (max-width: 1016px) 100vw, 1016px\" \/><\/a><\/figure>\n\n\n\n<figure class=\"wp-block-image size-large\"><a href=\"https:\/\/biblioteka.sulejow.pl\/wpmbps\/wp-content\/uploads\/2024\/06\/9.jpg\"><img loading=\"lazy\" decoding=\"async\" width=\"953\" height=\"768\" data-id=\"513\" src=\"https:\/\/biblioteka.sulejow.pl\/wpmbps\/wp-content\/uploads\/2024\/06\/9.jpg\" alt=\"na zdj\u0119ciu grupa bawi\u0105cych si\u0119 dzieci w sulejowskiej bibliotece\" class=\"wp-image-513\" srcset=\"https:\/\/biblioteka.sulejow.pl\/wpmbps\/wp-content\/uploads\/2024\/06\/9.jpg 953w, https:\/\/biblioteka.sulejow.pl\/wpmbps\/wp-content\/uploads\/2024\/06\/9-300x242.jpg 300w, https:\/\/biblioteka.sulejow.pl\/wpmbps\/wp-content\/uploads\/2024\/06\/9-768x619.jpg 768w\" sizes=\"auto, (max-width: 953px) 100vw, 953px\" \/><\/a><\/figure>\n\n\n\n<figure class=\"wp-block-image size-large\"><a href=\"https:\/\/biblioteka.sulejow.pl\/wpmbps\/wp-content\/uploads\/2024\/06\/8.jpg\"><img loading=\"lazy\" decoding=\"async\" width=\"1024\" height=\"704\" data-id=\"512\" src=\"https:\/\/biblioteka.sulejow.pl\/wpmbps\/wp-content\/uploads\/2024\/06\/8.jpg\" alt=\"na zdj\u0119ciu grupa bawi\u0105cych si\u0119 dzieci w sulejowskiej bibliotece\" class=\"wp-image-512\" srcset=\"https:\/\/biblioteka.sulejow.pl\/wpmbps\/wp-content\/uploads\/2024\/06\/8.jpg 1024w, https:\/\/biblioteka.sulejow.pl\/wpmbps\/wp-content\/uploads\/2024\/06\/8-300x206.jpg 300w, https:\/\/biblioteka.sulejow.pl\/wpmbps\/wp-content\/uploads\/2024\/06\/8-768x528.jpg 768w\" sizes=\"auto, (max-width: 1024px) 100vw, 1024px\" \/><\/a><\/figure>\n\n\n\n<figure class=\"wp-block-image size-large\"><a href=\"https:\/\/biblioteka.sulejow.pl\/wpmbps\/wp-content\/uploads\/2024\/06\/7.jpg\"><img loading=\"lazy\" decoding=\"async\" width=\"986\" height=\"768\" data-id=\"511\" src=\"https:\/\/biblioteka.sulejow.pl\/wpmbps\/wp-content\/uploads\/2024\/06\/7.jpg\" alt=\"na zdj\u0119ciu grupa bawi\u0105cych si\u0119 dzieci w sulejowskiej bibliotece\" class=\"wp-image-511\" srcset=\"https:\/\/biblioteka.sulejow.pl\/wpmbps\/wp-content\/uploads\/2024\/06\/7.jpg 986w, https:\/\/biblioteka.sulejow.pl\/wpmbps\/wp-content\/uploads\/2024\/06\/7-300x234.jpg 300w, https:\/\/biblioteka.sulejow.pl\/wpmbps\/wp-content\/uploads\/2024\/06\/7-768x598.jpg 768w\" sizes=\"auto, (max-width: 986px) 100vw, 986px\" \/><\/a><\/figure>\n\n\n\n<figure class=\"wp-block-image size-large\"><a href=\"https:\/\/biblioteka.sulejow.pl\/wpmbps\/wp-content\/uploads\/2024\/06\/6.jpg\"><img loading=\"lazy\" decoding=\"async\" width=\"837\" height=\"768\" data-id=\"510\" src=\"https:\/\/biblioteka.sulejow.pl\/wpmbps\/wp-content\/uploads\/2024\/06\/6.jpg\" alt=\"na zdj\u0119ciu grupa bawi\u0105cych si\u0119 dzieci w sulejowskiej bibliotece\" class=\"wp-image-510\" srcset=\"https:\/\/biblioteka.sulejow.pl\/wpmbps\/wp-content\/uploads\/2024\/06\/6.jpg 837w, https:\/\/biblioteka.sulejow.pl\/wpmbps\/wp-content\/uploads\/2024\/06\/6-300x275.jpg 300w, https:\/\/biblioteka.sulejow.pl\/wpmbps\/wp-content\/uploads\/2024\/06\/6-768x705.jpg 768w\" sizes=\"auto, (max-width: 837px) 100vw, 837px\" \/><\/a><\/figure>\n\n\n\n<figure class=\"wp-block-image size-large\"><a href=\"https:\/\/biblioteka.sulejow.pl\/wpmbps\/wp-content\/uploads\/2024\/06\/5.jpg\"><img loading=\"lazy\" decoding=\"async\" width=\"1024\" height=\"635\" data-id=\"509\" src=\"https:\/\/biblioteka.sulejow.pl\/wpmbps\/wp-content\/uploads\/2024\/06\/5.jpg\" alt=\"na zdj\u0119ciu grupa bawi\u0105cych si\u0119 dzieci w sulejowskiej bibliotece\" class=\"wp-image-509\" srcset=\"https:\/\/biblioteka.sulejow.pl\/wpmbps\/wp-content\/uploads\/2024\/06\/5.jpg 1024w, https:\/\/biblioteka.sulejow.pl\/wpmbps\/wp-content\/uploads\/2024\/06\/5-300x186.jpg 300w, https:\/\/biblioteka.sulejow.pl\/wpmbps\/wp-content\/uploads\/2024\/06\/5-768x476.jpg 768w\" sizes=\"auto, (max-width: 1024px) 100vw, 1024px\" \/><\/a><\/figure>\n\n\n\n<figure class=\"wp-block-image size-large\"><a href=\"https:\/\/biblioteka.sulejow.pl\/wpmbps\/wp-content\/uploads\/2024\/06\/4.jpg\"><img loading=\"lazy\" decoding=\"async\" width=\"1024\" height=\"768\" data-id=\"508\" src=\"https:\/\/biblioteka.sulejow.pl\/wpmbps\/wp-content\/uploads\/2024\/06\/4.jpg\" alt=\"na zdj\u0119ciu grupa bawi\u0105cych si\u0119 dzieci w sulejowskiej bibliotece\" class=\"wp-image-508\" srcset=\"https:\/\/biblioteka.sulejow.pl\/wpmbps\/wp-content\/uploads\/2024\/06\/4.jpg 1024w, https:\/\/biblioteka.sulejow.pl\/wpmbps\/wp-content\/uploads\/2024\/06\/4-300x225.jpg 300w, https:\/\/biblioteka.sulejow.pl\/wpmbps\/wp-content\/uploads\/2024\/06\/4-768x576.jpg 768w\" sizes=\"auto, (max-width: 1024px) 100vw, 1024px\" \/><\/a><\/figure>\n\n\n\n<figure class=\"wp-block-image size-large\"><a href=\"https:\/\/biblioteka.sulejow.pl\/wpmbps\/wp-content\/uploads\/2024\/06\/3.jpg\"><img loading=\"lazy\" decoding=\"async\" width=\"1024\" height=\"722\" data-id=\"507\" src=\"https:\/\/biblioteka.sulejow.pl\/wpmbps\/wp-content\/uploads\/2024\/06\/3.jpg\" alt=\"na zdj\u0119ciu grupa bawi\u0105cych si\u0119 dzieci w sulejowskiej bibliotece\" class=\"wp-image-507\" srcset=\"https:\/\/biblioteka.sulejow.pl\/wpmbps\/wp-content\/uploads\/2024\/06\/3.jpg 1024w, https:\/\/biblioteka.sulejow.pl\/wpmbps\/wp-content\/uploads\/2024\/06\/3-300x212.jpg 300w, https:\/\/biblioteka.sulejow.pl\/wpmbps\/wp-content\/uploads\/2024\/06\/3-768x542.jpg 768w\" sizes=\"auto, (max-width: 1024px) 100vw, 1024px\" \/><\/a><\/figure>\n\n\n\n<figure class=\"wp-block-image size-large\"><a href=\"https:\/\/biblioteka.sulejow.pl\/wpmbps\/wp-content\/uploads\/2024\/06\/2.jpg\"><img loading=\"lazy\" decoding=\"async\" width=\"1024\" height=\"683\" data-id=\"506\" src=\"https:\/\/biblioteka.sulejow.pl\/wpmbps\/wp-content\/uploads\/2024\/06\/2.jpg\" alt=\"na zdj\u0119ciu grupa bawi\u0105cych si\u0119 dzieci w sulejowskiej bibliotece\" class=\"wp-image-506\" srcset=\"https:\/\/biblioteka.sulejow.pl\/wpmbps\/wp-content\/uploads\/2024\/06\/2.jpg 1024w, https:\/\/biblioteka.sulejow.pl\/wpmbps\/wp-content\/uploads\/2024\/06\/2-300x200.jpg 300w, https:\/\/biblioteka.sulejow.pl\/wpmbps\/wp-content\/uploads\/2024\/06\/2-768x512.jpg 768w\" sizes=\"auto, (max-width: 1024px) 100vw, 1024px\" \/><\/a><\/figure>\n\n\n\n<figure class=\"wp-block-image size-large\"><a href=\"https:\/\/biblioteka.sulejow.pl\/wpmbps\/wp-content\/uploads\/2024\/06\/1.jpg\"><img loading=\"lazy\" decoding=\"async\" width=\"829\" height=\"768\" data-id=\"505\" src=\"https:\/\/biblioteka.sulejow.pl\/wpmbps\/wp-content\/uploads\/2024\/06\/1.jpg\" alt=\"na zdj\u0119ciu grupa bawi\u0105cych si\u0119 dzieci w sulejowskiej bibliotece\" class=\"wp-image-505\" srcset=\"https:\/\/biblioteka.sulejow.pl\/wpmbps\/wp-content\/uploads\/2024\/06\/1.jpg 829w, https:\/\/biblioteka.sulejow.pl\/wpmbps\/wp-content\/uploads\/2024\/06\/1-300x278.jpg 300w, https:\/\/biblioteka.sulejow.pl\/wpmbps\/wp-content\/uploads\/2024\/06\/1-768x711.jpg 768w\" sizes=\"auto, (max-width: 829px) 100vw, 829px\" \/><\/a><\/figure>\n<\/figure>\n","protected":false},"excerpt":{"rendered":"<p>Dzie\u0144 Dziecka to \u015bwi\u0119to uwielbiane przez wszystkie dzieci. To dzie\u0144 pe\u0142en u\u015bmiech\u00f3w, zabaw i niespodzianek. W sulejowskiej bibliotece 1 czerwca r\u00f3wnie\u017c nie zabrak\u0142o wspania\u0142ych atrakcji. Tego dnia na dzieci czeka\u0142y kolorowe balony, s\u0142odkie upominki i oczywi\u015bcie ciekawe ksi\u0105\u017cki. Nasi milusi\u0144scy brali udzia\u0142 w wielu grach i zabawach zorganizowanych przez Panie bibliotekarski. Dobre nastroje towarzyszy\u0142y im [&hellip;]<\/p>\n","protected":false},"author":1,"featured_media":0,"comment_status":"closed","ping_status":"closed","sticky":false,"template":"","format":"standard","meta":{"zakra_page_container_layout":"customizer","zakra_page_sidebar_layout":"customizer","zakra_remove_content_margin":false,"zakra_sidebar":"customizer","zakra_transparent_header":"customizer","zakra_logo":0,"zakra_main_header_style":"default","zakra_menu_item_color":"","zakra_menu_item_hover_color":"","zakra_menu_item_active_color":"","zakra_menu_active_style":"","zakra_page_header":true,"footnotes":"","_links_to":"","_links_to_target":""},"categories":[4],"tags":[],"class_list":["post-517","post","type-post","status-publish","format-standard","hentry","category-aktualnosci-2024"],"_links":{"self":[{"href":"https:\/\/biblioteka.sulejow.pl\/index.php?rest_route=\/wp\/v2\/posts\/517","targetHints":{"allow":["GET"]}}],"collection":[{"href":"https:\/\/biblioteka.sulejow.pl\/index.php?rest_route=\/wp\/v2\/posts"}],"about":[{"href":"https:\/\/biblioteka.sulejow.pl\/index.php?rest_route=\/wp\/v2\/types\/post"}],"author":[{"embeddable":true,"href":"https:\/\/biblioteka.sulejow.pl\/index.php?rest_route=\/wp\/v2\/users\/1"}],"replies":[{"embeddable":true,"href":"https:\/\/biblioteka.sulejow.pl\/index.php?rest_route=%2Fwp%2Fv2%2Fcomments&post=517"}],"version-history":[{"count":1,"href":"https:\/\/biblioteka.sulejow.pl\/index.php?rest_route=\/wp\/v2\/posts\/517\/revisions"}],"predecessor-version":[{"id":518,"href":"https:\/\/biblioteka.sulejow.pl\/index.php?rest_route=\/wp\/v2\/posts\/517\/revisions\/518"}],"wp:attachment":[{"href":"https:\/\/biblioteka.sulejow.pl\/index.php?rest_route=%2Fwp%2Fv2%2Fmedia&parent=517"}],"wp:term":[{"taxonomy":"category","embeddable":true,"href":"https:\/\/biblioteka.sulejow.pl\/index.php?rest_route=%2Fwp%2Fv2%2Fcategories&post=517"},{"taxonomy":"post_tag","embeddable":true,"href":"https:\/\/biblioteka.sulejow.pl\/index.php?rest_route=%2Fwp%2Fv2%2Ftags&post=517"}],"curies":[{"name":"wp","href":"https:\/\/api.w.org\/{rel}","templated":true}]}}