{"id":527,"date":"2024-06-05T19:29:42","date_gmt":"2024-06-05T19:29:42","guid":{"rendered":"https:\/\/biblioteka.sulejow.pl\/?p=527"},"modified":"2024-06-05T19:29:43","modified_gmt":"2024-06-05T19:29:43","slug":"czytam-bo-lubie","status":"publish","type":"post","link":"https:\/\/biblioteka.sulejow.pl\/?p=527","title":{"rendered":"\u201eCzytam, bo lubi\u0119\u201d"},"content":{"rendered":"\n<p>8 maja obchodzimy w Polsce Dzie\u0144 Bibliotekarza i Bibliotek, a tym samym rozpoczynamy obchody Tygodnia Bibliotek. To bardzo dobry czas, by w spos\u00f3b szczeg\u00f3lny promowa\u0107 ksi\u0105\u017ck\u0119 i czytelnictwo, nie zapominaj\u0105c o czytelnikach, dzi\u0119ki kt\u00f3rym istniej\u0105 biblioteki. Nawi\u0105zuj\u0105c do tego wydarzenia, Filia Biblioteczna w Przyg\u0142owie, dla najbardziej wytrwa\u0142ych czytelnik\u00f3w, kochaj\u0105cych czyta\u0107, odwiedza\u0107 bibliotek\u0119 i czerpa\u0107 z obcowania z ksi\u0105\u017ck\u0105 przyjemno\u015b\u0107, przygotowa\u0142a nagrody czytelnicze. Has\u0142o \u201eCzytam, bo lubi\u0119\u201d promowa\u0142o wewn\u0119trzne obchody plac\u00f3wki. Wyr\u00f3\u017cnieni czytelnicy: Igor Wolski, Micha\u0142 Hames, Przemys\u0142aw Magnuszewski, Gra\u017cyna Predo\u0144, Barbara Sady i Monika Hames otrzymali dyplomy pami\u0105tkowe, nagrody ksi\u0105\u017ckowe i \u017cyczenia dalszych rekord\u00f3w czytelniczych. Gratulacje.<\/p>\n\n\n\n<figure class=\"wp-block-gallery has-nested-images columns-default is-cropped wp-block-gallery-1 is-layout-flex wp-block-gallery-is-layout-flex\">\n<figure class=\"wp-block-image size-large\"><a href=\"https:\/\/biblioteka.sulejow.pl\/wpmbps\/wp-content\/uploads\/2024\/06\/cbl01.jpg\"><img loading=\"lazy\" decoding=\"async\" width=\"1024\" height=\"768\" data-id=\"528\" src=\"https:\/\/biblioteka.sulejow.pl\/wpmbps\/wp-content\/uploads\/2024\/06\/cbl01.jpg\" alt=\"\" class=\"wp-image-528\" srcset=\"https:\/\/biblioteka.sulejow.pl\/wpmbps\/wp-content\/uploads\/2024\/06\/cbl01.jpg 1024w, https:\/\/biblioteka.sulejow.pl\/wpmbps\/wp-content\/uploads\/2024\/06\/cbl01-300x225.jpg 300w, https:\/\/biblioteka.sulejow.pl\/wpmbps\/wp-content\/uploads\/2024\/06\/cbl01-768x576.jpg 768w\" sizes=\"auto, (max-width: 1024px) 100vw, 1024px\" \/><\/a><\/figure>\n\n\n\n<figure class=\"wp-block-image size-large\"><a href=\"https:\/\/biblioteka.sulejow.pl\/wpmbps\/wp-content\/uploads\/2024\/06\/cbl02.jpg\"><img loading=\"lazy\" decoding=\"async\" width=\"1024\" height=\"768\" data-id=\"532\" src=\"https:\/\/biblioteka.sulejow.pl\/wpmbps\/wp-content\/uploads\/2024\/06\/cbl02.jpg\" alt=\"\" class=\"wp-image-532\" srcset=\"https:\/\/biblioteka.sulejow.pl\/wpmbps\/wp-content\/uploads\/2024\/06\/cbl02.jpg 1024w, https:\/\/biblioteka.sulejow.pl\/wpmbps\/wp-content\/uploads\/2024\/06\/cbl02-300x225.jpg 300w, https:\/\/biblioteka.sulejow.pl\/wpmbps\/wp-content\/uploads\/2024\/06\/cbl02-768x576.jpg 768w\" sizes=\"auto, (max-width: 1024px) 100vw, 1024px\" \/><\/a><\/figure>\n\n\n\n<figure class=\"wp-block-image size-large\"><a href=\"https:\/\/biblioteka.sulejow.pl\/wpmbps\/wp-content\/uploads\/2024\/06\/cbl03.jpg\"><img loading=\"lazy\" decoding=\"async\" width=\"1024\" height=\"768\" data-id=\"529\" src=\"https:\/\/biblioteka.sulejow.pl\/wpmbps\/wp-content\/uploads\/2024\/06\/cbl03.jpg\" alt=\"\" class=\"wp-image-529\" srcset=\"https:\/\/biblioteka.sulejow.pl\/wpmbps\/wp-content\/uploads\/2024\/06\/cbl03.jpg 1024w, https:\/\/biblioteka.sulejow.pl\/wpmbps\/wp-content\/uploads\/2024\/06\/cbl03-300x225.jpg 300w, https:\/\/biblioteka.sulejow.pl\/wpmbps\/wp-content\/uploads\/2024\/06\/cbl03-768x576.jpg 768w\" sizes=\"auto, (max-width: 1024px) 100vw, 1024px\" \/><\/a><\/figure>\n\n\n\n<figure class=\"wp-block-image size-large\"><a href=\"https:\/\/biblioteka.sulejow.pl\/wpmbps\/wp-content\/uploads\/2024\/06\/cbl04.jpg\"><img loading=\"lazy\" decoding=\"async\" width=\"1024\" height=\"768\" data-id=\"533\" src=\"https:\/\/biblioteka.sulejow.pl\/wpmbps\/wp-content\/uploads\/2024\/06\/cbl04.jpg\" alt=\"\" class=\"wp-image-533\" srcset=\"https:\/\/biblioteka.sulejow.pl\/wpmbps\/wp-content\/uploads\/2024\/06\/cbl04.jpg 1024w, https:\/\/biblioteka.sulejow.pl\/wpmbps\/wp-content\/uploads\/2024\/06\/cbl04-300x225.jpg 300w, https:\/\/biblioteka.sulejow.pl\/wpmbps\/wp-content\/uploads\/2024\/06\/cbl04-768x576.jpg 768w\" sizes=\"auto, (max-width: 1024px) 100vw, 1024px\" \/><\/a><\/figure>\n\n\n\n<figure class=\"wp-block-image size-large\"><a href=\"https:\/\/biblioteka.sulejow.pl\/wpmbps\/wp-content\/uploads\/2024\/06\/cbl05.jpg\"><img loading=\"lazy\" decoding=\"async\" width=\"1024\" height=\"768\" data-id=\"530\" src=\"https:\/\/biblioteka.sulejow.pl\/wpmbps\/wp-content\/uploads\/2024\/06\/cbl05.jpg\" alt=\"\" class=\"wp-image-530\" srcset=\"https:\/\/biblioteka.sulejow.pl\/wpmbps\/wp-content\/uploads\/2024\/06\/cbl05.jpg 1024w, https:\/\/biblioteka.sulejow.pl\/wpmbps\/wp-content\/uploads\/2024\/06\/cbl05-300x225.jpg 300w, https:\/\/biblioteka.sulejow.pl\/wpmbps\/wp-content\/uploads\/2024\/06\/cbl05-768x576.jpg 768w\" sizes=\"auto, (max-width: 1024px) 100vw, 1024px\" \/><\/a><\/figure>\n\n\n\n<figure class=\"wp-block-image size-large\"><a href=\"https:\/\/biblioteka.sulejow.pl\/wpmbps\/wp-content\/uploads\/2024\/06\/cbl06.jpg\"><img loading=\"lazy\" decoding=\"async\" width=\"1024\" height=\"768\" data-id=\"531\" src=\"https:\/\/biblioteka.sulejow.pl\/wpmbps\/wp-content\/uploads\/2024\/06\/cbl06.jpg\" alt=\"\" class=\"wp-image-531\" srcset=\"https:\/\/biblioteka.sulejow.pl\/wpmbps\/wp-content\/uploads\/2024\/06\/cbl06.jpg 1024w, https:\/\/biblioteka.sulejow.pl\/wpmbps\/wp-content\/uploads\/2024\/06\/cbl06-300x225.jpg 300w, https:\/\/biblioteka.sulejow.pl\/wpmbps\/wp-content\/uploads\/2024\/06\/cbl06-768x576.jpg 768w\" sizes=\"auto, (max-width: 1024px) 100vw, 1024px\" \/><\/a><\/figure>\n<\/figure>\n","protected":false},"excerpt":{"rendered":"<p>8 maja obchodzimy w Polsce Dzie\u0144 Bibliotekarza i Bibliotek, a tym samym rozpoczynamy obchody Tygodnia Bibliotek. To bardzo dobry czas, by w spos\u00f3b szczeg\u00f3lny promowa\u0107 ksi\u0105\u017ck\u0119 i czytelnictwo, nie zapominaj\u0105c o czytelnikach, dzi\u0119ki kt\u00f3rym istniej\u0105 biblioteki. Nawi\u0105zuj\u0105c do tego wydarzenia, Filia Biblioteczna w Przyg\u0142owie, dla najbardziej wytrwa\u0142ych czytelnik\u00f3w, kochaj\u0105cych czyta\u0107, odwiedza\u0107 bibliotek\u0119 i czerpa\u0107 z [&hellip;]<\/p>\n","protected":false},"author":1,"featured_media":0,"comment_status":"closed","ping_status":"closed","sticky":false,"template":"","format":"standard","meta":{"zakra_page_container_layout":"customizer","zakra_page_sidebar_layout":"customizer","zakra_remove_content_margin":false,"zakra_sidebar":"customizer","zakra_transparent_header":"customizer","zakra_logo":0,"zakra_main_header_style":"default","zakra_menu_item_color":"","zakra_menu_item_hover_color":"","zakra_menu_item_active_color":"","zakra_menu_active_style":"","zakra_page_header":true,"footnotes":"","_links_to":"","_links_to_target":""},"categories":[4],"tags":[],"class_list":["post-527","post","type-post","status-publish","format-standard","hentry","category-aktualnosci-2024"],"_links":{"self":[{"href":"https:\/\/biblioteka.sulejow.pl\/index.php?rest_route=\/wp\/v2\/posts\/527","targetHints":{"allow":["GET"]}}],"collection":[{"href":"https:\/\/biblioteka.sulejow.pl\/index.php?rest_route=\/wp\/v2\/posts"}],"about":[{"href":"https:\/\/biblioteka.sulejow.pl\/index.php?rest_route=\/wp\/v2\/types\/post"}],"author":[{"embeddable":true,"href":"https:\/\/biblioteka.sulejow.pl\/index.php?rest_route=\/wp\/v2\/users\/1"}],"replies":[{"embeddable":true,"href":"https:\/\/biblioteka.sulejow.pl\/index.php?rest_route=%2Fwp%2Fv2%2Fcomments&post=527"}],"version-history":[{"count":1,"href":"https:\/\/biblioteka.sulejow.pl\/index.php?rest_route=\/wp\/v2\/posts\/527\/revisions"}],"predecessor-version":[{"id":534,"href":"https:\/\/biblioteka.sulejow.pl\/index.php?rest_route=\/wp\/v2\/posts\/527\/revisions\/534"}],"wp:attachment":[{"href":"https:\/\/biblioteka.sulejow.pl\/index.php?rest_route=%2Fwp%2Fv2%2Fmedia&parent=527"}],"wp:term":[{"taxonomy":"category","embeddable":true,"href":"https:\/\/biblioteka.sulejow.pl\/index.php?rest_route=%2Fwp%2Fv2%2Fcategories&post=527"},{"taxonomy":"post_tag","embeddable":true,"href":"https:\/\/biblioteka.sulejow.pl\/index.php?rest_route=%2Fwp%2Fv2%2Ftags&post=527"}],"curies":[{"name":"wp","href":"https:\/\/api.w.org\/{rel}","templated":true}]}}