{"id":548,"date":"2024-06-11T19:45:19","date_gmt":"2024-06-11T19:45:19","guid":{"rendered":"https:\/\/biblioteka.sulejow.pl\/?p=548"},"modified":"2024-06-11T19:45:19","modified_gmt":"2024-06-11T19:45:19","slug":"moj-przyjaciel","status":"publish","type":"post","link":"https:\/\/biblioteka.sulejow.pl\/?p=548","title":{"rendered":"\u201eM\u00f3j Przyjaciel\u2026\u201d"},"content":{"rendered":"\n<p>W dniu 10 czerwca 2024 r w Miejskiej Bibliotece Publicznej w Sulejowie odby\u0142o si\u0119 rozstrzygni\u0119cie konkursu plastycznego dla dzieci pt. \u201eM\u00f3j Przyjaciel&#8230;\u201d. W wydarzeniu bra\u0142y udzia\u0142 dzieci z Szko\u0142y Podstawowej nr 1 im Jana Paw\u0142a II oraz Szko\u0142y Podstawowej nr 2 im Kr\u00f3lowej Jadwigi w Sulejowie.<\/p>\n\n\n\n<p>Pierwsze miejsce zaj\u0105\u0142 Marcel Koz\u0142owski, drugie jednocze\u015bnie Patrycja Pudzik i Nadia Kr\u00f3l a trzecie Zuzanna Albin. Dodatkowo wyr\u00f3\u017cnienie zdoby\u0142a Magdalena Paw\u0142owska. Wszyscy uczestnicy dostali pami\u0105tkowe dyplomy a laureaci nagrody ksi\u0105\u017ckowe i rzeczowe. <\/p>\n\n\n\n<p>Konkurs w naszej ksi\u0105\u017cnicy odby\u0142 si\u0119 z okazji Dnia Przyjaciela obchodzonego co roku 9 czerwca, to \u015bwi\u0119to nie jest zbyt popularne w Polsce, jednak z roku na rok przybywa jego zwolennik\u00f3w. Obecno\u015b\u0107 przyjaciela w naszym \u017cyciu ma ogromne znaczenie, zw\u0142aszcza gdy przechodzisz przez trudne chwile, kiedy potrzebujesz wsparcia, rozmowy, zrozumienia od osoby, kt\u00f3ra to wszystko ofiaruje Ci bezinteresownie, a kt\u00f3rej mo\u017cesz zaufa\u0107 i by\u0107 przy niej po prostu sob\u0105. Przyja\u017a\u0144 to wyj\u0105tkowa wi\u0119\u017a emocjonalna, kt\u00f3ra \u0142\u0105czy ludzi i sprawia, \u017ce czuj\u0105 si\u0119 szcz\u0119\u015bliwsi. Dzi\u0119ki oparciu jakie mamy w bliskich nam osobach, nasze \u017cycie staje si\u0119 \u0142atwiejsze. Jak mawia\u0142 filozof Tadeusz Kotarbi\u0144ski: \u201eMi\u0142o\u015b\u0107 to dwie dusze w jednym ciele, przyja\u017a\u0144 to jedna dusza w dw\u00f3ch cia\u0142ach.&#8221;<\/p>\n\n\n\n<figure class=\"wp-block-gallery has-nested-images columns-default is-cropped wp-block-gallery-1 is-layout-flex wp-block-gallery-is-layout-flex\">\n<figure class=\"wp-block-image size-large\"><a href=\"https:\/\/biblioteka.sulejow.pl\/wpmbps\/wp-content\/uploads\/2024\/06\/mp01.jpg\"><img loading=\"lazy\" decoding=\"async\" width=\"584\" height=\"1024\" data-id=\"549\" src=\"https:\/\/biblioteka.sulejow.pl\/wpmbps\/wp-content\/uploads\/2024\/06\/mp01.jpg\" alt=\"\" class=\"wp-image-549\" srcset=\"https:\/\/biblioteka.sulejow.pl\/wpmbps\/wp-content\/uploads\/2024\/06\/mp01.jpg 584w, https:\/\/biblioteka.sulejow.pl\/wpmbps\/wp-content\/uploads\/2024\/06\/mp01-171x300.jpg 171w\" sizes=\"auto, (max-width: 584px) 100vw, 584px\" \/><\/a><\/figure>\n\n\n\n<figure class=\"wp-block-image size-large\"><a href=\"https:\/\/biblioteka.sulejow.pl\/wpmbps\/wp-content\/uploads\/2024\/06\/mp02.jpg\"><img loading=\"lazy\" decoding=\"async\" width=\"1024\" height=\"628\" data-id=\"551\" src=\"https:\/\/biblioteka.sulejow.pl\/wpmbps\/wp-content\/uploads\/2024\/06\/mp02.jpg\" alt=\"\" class=\"wp-image-551\" srcset=\"https:\/\/biblioteka.sulejow.pl\/wpmbps\/wp-content\/uploads\/2024\/06\/mp02.jpg 1024w, https:\/\/biblioteka.sulejow.pl\/wpmbps\/wp-content\/uploads\/2024\/06\/mp02-300x184.jpg 300w, https:\/\/biblioteka.sulejow.pl\/wpmbps\/wp-content\/uploads\/2024\/06\/mp02-768x471.jpg 768w\" sizes=\"auto, (max-width: 1024px) 100vw, 1024px\" \/><\/a><\/figure>\n\n\n\n<figure class=\"wp-block-image size-large\"><a href=\"https:\/\/biblioteka.sulejow.pl\/wpmbps\/wp-content\/uploads\/2024\/06\/mp03.jpg\"><img loading=\"lazy\" decoding=\"async\" width=\"1024\" height=\"579\" data-id=\"550\" src=\"https:\/\/biblioteka.sulejow.pl\/wpmbps\/wp-content\/uploads\/2024\/06\/mp03.jpg\" alt=\"\" class=\"wp-image-550\" srcset=\"https:\/\/biblioteka.sulejow.pl\/wpmbps\/wp-content\/uploads\/2024\/06\/mp03.jpg 1024w, https:\/\/biblioteka.sulejow.pl\/wpmbps\/wp-content\/uploads\/2024\/06\/mp03-300x170.jpg 300w, https:\/\/biblioteka.sulejow.pl\/wpmbps\/wp-content\/uploads\/2024\/06\/mp03-768x434.jpg 768w\" sizes=\"auto, (max-width: 1024px) 100vw, 1024px\" \/><\/a><\/figure>\n<\/figure>\n","protected":false},"excerpt":{"rendered":"<p>W dniu 10 czerwca 2024 r w Miejskiej Bibliotece Publicznej w Sulejowie odby\u0142o si\u0119 rozstrzygni\u0119cie konkursu plastycznego dla dzieci pt. \u201eM\u00f3j Przyjaciel&#8230;\u201d. W wydarzeniu bra\u0142y udzia\u0142 dzieci z Szko\u0142y Podstawowej nr 1 im Jana Paw\u0142a II oraz Szko\u0142y Podstawowej nr 2 im Kr\u00f3lowej Jadwigi w Sulejowie. Pierwsze miejsce zaj\u0105\u0142 Marcel Koz\u0142owski, drugie jednocze\u015bnie Patrycja Pudzik [&hellip;]<\/p>\n","protected":false},"author":1,"featured_media":0,"comment_status":"closed","ping_status":"closed","sticky":false,"template":"","format":"standard","meta":{"zakra_page_container_layout":"customizer","zakra_page_sidebar_layout":"customizer","zakra_remove_content_margin":false,"zakra_sidebar":"customizer","zakra_transparent_header":"customizer","zakra_logo":0,"zakra_main_header_style":"default","zakra_menu_item_color":"","zakra_menu_item_hover_color":"","zakra_menu_item_active_color":"","zakra_menu_active_style":"","zakra_page_header":true,"footnotes":"","_links_to":"","_links_to_target":""},"categories":[4],"tags":[],"class_list":["post-548","post","type-post","status-publish","format-standard","hentry","category-aktualnosci-2024"],"_links":{"self":[{"href":"https:\/\/biblioteka.sulejow.pl\/index.php?rest_route=\/wp\/v2\/posts\/548","targetHints":{"allow":["GET"]}}],"collection":[{"href":"https:\/\/biblioteka.sulejow.pl\/index.php?rest_route=\/wp\/v2\/posts"}],"about":[{"href":"https:\/\/biblioteka.sulejow.pl\/index.php?rest_route=\/wp\/v2\/types\/post"}],"author":[{"embeddable":true,"href":"https:\/\/biblioteka.sulejow.pl\/index.php?rest_route=\/wp\/v2\/users\/1"}],"replies":[{"embeddable":true,"href":"https:\/\/biblioteka.sulejow.pl\/index.php?rest_route=%2Fwp%2Fv2%2Fcomments&post=548"}],"version-history":[{"count":1,"href":"https:\/\/biblioteka.sulejow.pl\/index.php?rest_route=\/wp\/v2\/posts\/548\/revisions"}],"predecessor-version":[{"id":552,"href":"https:\/\/biblioteka.sulejow.pl\/index.php?rest_route=\/wp\/v2\/posts\/548\/revisions\/552"}],"wp:attachment":[{"href":"https:\/\/biblioteka.sulejow.pl\/index.php?rest_route=%2Fwp%2Fv2%2Fmedia&parent=548"}],"wp:term":[{"taxonomy":"category","embeddable":true,"href":"https:\/\/biblioteka.sulejow.pl\/index.php?rest_route=%2Fwp%2Fv2%2Fcategories&post=548"},{"taxonomy":"post_tag","embeddable":true,"href":"https:\/\/biblioteka.sulejow.pl\/index.php?rest_route=%2Fwp%2Fv2%2Ftags&post=548"}],"curies":[{"name":"wp","href":"https:\/\/api.w.org\/{rel}","templated":true}]}}