{"id":562,"date":"2024-06-16T20:36:17","date_gmt":"2024-06-16T20:36:17","guid":{"rendered":"https:\/\/biblioteka.sulejow.pl\/?p=562"},"modified":"2024-06-16T20:36:18","modified_gmt":"2024-06-16T20:36:18","slug":"xxiii-ogolnopolski-tydzien-czytania-dzieciom","status":"publish","type":"post","link":"https:\/\/biblioteka.sulejow.pl\/?p=562","title":{"rendered":"XXIII Og\u00f3lnopolski Tydzie\u0144 Czytania Dzieciom"},"content":{"rendered":"\n<p>Dzisiejsze spotkanie z przedszkolakami z Samorz\u0105dowego Przedszkola w Sulejowie zako\u0144czy\u0142o czytelnicze \u015bwi\u0119to, kt\u00f3re od ponad dw\u00f3ch dekad jednoczy osoby i instytucje zaanga\u017cowane w promocj\u0119 czytania dzieciom oraz czytelnictwa i jest obchodzone w setkach plac\u00f3wek bibliotecznych oraz o\u015bwiatowych w ca\u0142ym kraju. \u00a0Tym razem odwiedzi\u0142a nas grupa Je\u017cyk\u00f3w.<\/p>\n\n\n\n<p>Zabawa by\u0142a wy\u015bmienita! Serdecznie dzi\u0119kujemy!<\/p>\n\n\n\n<figure class=\"wp-block-gallery has-nested-images columns-default is-cropped wp-block-gallery-1 is-layout-flex wp-block-gallery-is-layout-flex\">\n<figure class=\"wp-block-image size-large\"><a href=\"https:\/\/biblioteka.sulejow.pl\/wpmbps\/wp-content\/uploads\/2024\/06\/tc01.jpg\"><img loading=\"lazy\" decoding=\"async\" width=\"839\" height=\"768\" data-id=\"568\" src=\"https:\/\/biblioteka.sulejow.pl\/wpmbps\/wp-content\/uploads\/2024\/06\/tc01.jpg\" alt=\"\" class=\"wp-image-568\" srcset=\"https:\/\/biblioteka.sulejow.pl\/wpmbps\/wp-content\/uploads\/2024\/06\/tc01.jpg 839w, https:\/\/biblioteka.sulejow.pl\/wpmbps\/wp-content\/uploads\/2024\/06\/tc01-300x275.jpg 300w, https:\/\/biblioteka.sulejow.pl\/wpmbps\/wp-content\/uploads\/2024\/06\/tc01-768x703.jpg 768w\" sizes=\"auto, (max-width: 839px) 100vw, 839px\" \/><\/a><\/figure>\n\n\n\n<figure class=\"wp-block-image size-large\"><a href=\"https:\/\/biblioteka.sulejow.pl\/wpmbps\/wp-content\/uploads\/2024\/06\/tc02.jpg\"><img loading=\"lazy\" decoding=\"async\" width=\"955\" height=\"768\" data-id=\"566\" src=\"https:\/\/biblioteka.sulejow.pl\/wpmbps\/wp-content\/uploads\/2024\/06\/tc02.jpg\" alt=\"\" class=\"wp-image-566\" srcset=\"https:\/\/biblioteka.sulejow.pl\/wpmbps\/wp-content\/uploads\/2024\/06\/tc02.jpg 955w, https:\/\/biblioteka.sulejow.pl\/wpmbps\/wp-content\/uploads\/2024\/06\/tc02-300x241.jpg 300w, https:\/\/biblioteka.sulejow.pl\/wpmbps\/wp-content\/uploads\/2024\/06\/tc02-768x618.jpg 768w\" sizes=\"auto, (max-width: 955px) 100vw, 955px\" \/><\/a><\/figure>\n\n\n\n<figure class=\"wp-block-image size-large\"><a href=\"https:\/\/biblioteka.sulejow.pl\/wpmbps\/wp-content\/uploads\/2024\/06\/tc03.jpg\"><img loading=\"lazy\" decoding=\"async\" width=\"768\" height=\"1024\" data-id=\"564\" src=\"https:\/\/biblioteka.sulejow.pl\/wpmbps\/wp-content\/uploads\/2024\/06\/tc03.jpg\" alt=\"\" class=\"wp-image-564\" srcset=\"https:\/\/biblioteka.sulejow.pl\/wpmbps\/wp-content\/uploads\/2024\/06\/tc03.jpg 768w, https:\/\/biblioteka.sulejow.pl\/wpmbps\/wp-content\/uploads\/2024\/06\/tc03-225x300.jpg 225w\" sizes=\"auto, (max-width: 768px) 100vw, 768px\" \/><\/a><\/figure>\n\n\n\n<figure class=\"wp-block-image size-large\"><a href=\"https:\/\/biblioteka.sulejow.pl\/wpmbps\/wp-content\/uploads\/2024\/06\/tc04.jpg\"><img loading=\"lazy\" decoding=\"async\" width=\"768\" height=\"1024\" data-id=\"563\" src=\"https:\/\/biblioteka.sulejow.pl\/wpmbps\/wp-content\/uploads\/2024\/06\/tc04.jpg\" alt=\"\" class=\"wp-image-563\" srcset=\"https:\/\/biblioteka.sulejow.pl\/wpmbps\/wp-content\/uploads\/2024\/06\/tc04.jpg 768w, https:\/\/biblioteka.sulejow.pl\/wpmbps\/wp-content\/uploads\/2024\/06\/tc04-225x300.jpg 225w\" sizes=\"auto, (max-width: 768px) 100vw, 768px\" \/><\/a><\/figure>\n\n\n\n<figure class=\"wp-block-image size-large\"><a href=\"https:\/\/biblioteka.sulejow.pl\/wpmbps\/wp-content\/uploads\/2024\/06\/tc05.jpg\"><img loading=\"lazy\" decoding=\"async\" width=\"753\" height=\"1024\" data-id=\"565\" src=\"https:\/\/biblioteka.sulejow.pl\/wpmbps\/wp-content\/uploads\/2024\/06\/tc05.jpg\" alt=\"\" class=\"wp-image-565\" srcset=\"https:\/\/biblioteka.sulejow.pl\/wpmbps\/wp-content\/uploads\/2024\/06\/tc05.jpg 753w, https:\/\/biblioteka.sulejow.pl\/wpmbps\/wp-content\/uploads\/2024\/06\/tc05-221x300.jpg 221w\" sizes=\"auto, (max-width: 753px) 100vw, 753px\" \/><\/a><\/figure>\n\n\n\n<figure class=\"wp-block-image size-large\"><a href=\"https:\/\/biblioteka.sulejow.pl\/wpmbps\/wp-content\/uploads\/2024\/06\/tc06.jpg\"><img loading=\"lazy\" decoding=\"async\" width=\"729\" height=\"1024\" data-id=\"567\" src=\"https:\/\/biblioteka.sulejow.pl\/wpmbps\/wp-content\/uploads\/2024\/06\/tc06.jpg\" alt=\"\" class=\"wp-image-567\" srcset=\"https:\/\/biblioteka.sulejow.pl\/wpmbps\/wp-content\/uploads\/2024\/06\/tc06.jpg 729w, https:\/\/biblioteka.sulejow.pl\/wpmbps\/wp-content\/uploads\/2024\/06\/tc06-214x300.jpg 214w\" sizes=\"auto, (max-width: 729px) 100vw, 729px\" \/><\/a><\/figure>\n<\/figure>\n","protected":false},"excerpt":{"rendered":"<p>Dzisiejsze spotkanie z przedszkolakami z Samorz\u0105dowego Przedszkola w Sulejowie zako\u0144czy\u0142o czytelnicze \u015bwi\u0119to, kt\u00f3re od ponad dw\u00f3ch dekad jednoczy osoby i instytucje zaanga\u017cowane w promocj\u0119 czytania dzieciom oraz czytelnictwa i jest obchodzone w setkach plac\u00f3wek bibliotecznych oraz o\u015bwiatowych w ca\u0142ym kraju. \u00a0Tym razem odwiedzi\u0142a nas grupa Je\u017cyk\u00f3w. Zabawa by\u0142a wy\u015bmienita! Serdecznie dzi\u0119kujemy!<\/p>\n","protected":false},"author":1,"featured_media":0,"comment_status":"closed","ping_status":"closed","sticky":false,"template":"","format":"standard","meta":{"zakra_page_container_layout":"customizer","zakra_page_sidebar_layout":"customizer","zakra_remove_content_margin":false,"zakra_sidebar":"customizer","zakra_transparent_header":"customizer","zakra_logo":0,"zakra_main_header_style":"default","zakra_menu_item_color":"","zakra_menu_item_hover_color":"","zakra_menu_item_active_color":"","zakra_menu_active_style":"","zakra_page_header":true,"footnotes":"","_links_to":"","_links_to_target":""},"categories":[4],"tags":[],"class_list":["post-562","post","type-post","status-publish","format-standard","hentry","category-aktualnosci-2024"],"_links":{"self":[{"href":"https:\/\/biblioteka.sulejow.pl\/index.php?rest_route=\/wp\/v2\/posts\/562","targetHints":{"allow":["GET"]}}],"collection":[{"href":"https:\/\/biblioteka.sulejow.pl\/index.php?rest_route=\/wp\/v2\/posts"}],"about":[{"href":"https:\/\/biblioteka.sulejow.pl\/index.php?rest_route=\/wp\/v2\/types\/post"}],"author":[{"embeddable":true,"href":"https:\/\/biblioteka.sulejow.pl\/index.php?rest_route=\/wp\/v2\/users\/1"}],"replies":[{"embeddable":true,"href":"https:\/\/biblioteka.sulejow.pl\/index.php?rest_route=%2Fwp%2Fv2%2Fcomments&post=562"}],"version-history":[{"count":1,"href":"https:\/\/biblioteka.sulejow.pl\/index.php?rest_route=\/wp\/v2\/posts\/562\/revisions"}],"predecessor-version":[{"id":569,"href":"https:\/\/biblioteka.sulejow.pl\/index.php?rest_route=\/wp\/v2\/posts\/562\/revisions\/569"}],"wp:attachment":[{"href":"https:\/\/biblioteka.sulejow.pl\/index.php?rest_route=%2Fwp%2Fv2%2Fmedia&parent=562"}],"wp:term":[{"taxonomy":"category","embeddable":true,"href":"https:\/\/biblioteka.sulejow.pl\/index.php?rest_route=%2Fwp%2Fv2%2Fcategories&post=562"},{"taxonomy":"post_tag","embeddable":true,"href":"https:\/\/biblioteka.sulejow.pl\/index.php?rest_route=%2Fwp%2Fv2%2Ftags&post=562"}],"curies":[{"name":"wp","href":"https:\/\/api.w.org\/{rel}","templated":true}]}}