{"id":642,"date":"2024-07-22T10:59:57","date_gmt":"2024-07-22T10:59:57","guid":{"rendered":"https:\/\/biblioteka.sulejow.pl\/?p=642"},"modified":"2024-07-22T10:59:58","modified_gmt":"2024-07-22T10:59:58","slug":"magia-ziol","status":"publish","type":"post","link":"https:\/\/biblioteka.sulejow.pl\/?p=642","title":{"rendered":"Magia zi\u00f3\u0142"},"content":{"rendered":"\n<p>Zio\u0142a to niesamowicie aromatyczny element ka\u017cdej kuchni. Dodaj\u0105 smaku i zapachu potrawom. Mo\u017cna je r\u00f3wnie\u017c z powodzeniem wykorzystywa\u0107 w leczeniu i zapobieganiu r\u00f3\u017cnym dolegliwo\u015bciom. Jak je rozpozna\u0107, kt\u00f3re gatunki s\u0105 lecznicze, przyprawowe, a na kt\u00f3re lepiej uwa\u017ca\u0107 rozmawiali\u015bmy dzi\u015b z uczestnikami letnich zaj\u0119\u0107 w Miejskim O\u015brodku Kultury w Sulejowie.<\/p>\n\n\n\n<p>Bardzo pozytywnym zjawiskiem jest aktualny trend \u201epowrotu do korzeni\u201d i to w dos\u0142ownym znaczeniu, bowiem korzenie, kwiaty, li\u015bcie i k\u0142\u0105cza jako surowce zielarskie towarzyszy\u0142y ludziom od zawsze i to w\u0142a\u015bnie one stanowi\u0142y dawniej trzon medycyny. Prze\u015bledzili\u015bmy r\u00f3wnie\u017c etapy wzrostu i rozwoju ro\u015blin od nasionka do owocu, a efektem naszej pracy s\u0105 pi\u0119kne i pachn\u0105ce obrazy, kt\u00f3re mo\u017cna podziwia\u0107 na wystawie w siedzibie naszej biblioteki.<\/p>\n\n\n\n<figure class=\"wp-block-gallery has-nested-images columns-default is-cropped wp-block-gallery-1 is-layout-flex wp-block-gallery-is-layout-flex\">\n<figure class=\"wp-block-image size-large\"><a href=\"https:\/\/biblioteka.sulejow.pl\/wpmbps\/wp-content\/uploads\/2024\/07\/1-uczestnicy-zajec-prezentuja-swoje-prace.jpg\"><img loading=\"lazy\" decoding=\"async\" width=\"962\" height=\"768\" data-id=\"643\" src=\"https:\/\/biblioteka.sulejow.pl\/wpmbps\/wp-content\/uploads\/2024\/07\/1-uczestnicy-zajec-prezentuja-swoje-prace.jpg\" alt=\"\" class=\"wp-image-643\" srcset=\"https:\/\/biblioteka.sulejow.pl\/wpmbps\/wp-content\/uploads\/2024\/07\/1-uczestnicy-zajec-prezentuja-swoje-prace.jpg 962w, https:\/\/biblioteka.sulejow.pl\/wpmbps\/wp-content\/uploads\/2024\/07\/1-uczestnicy-zajec-prezentuja-swoje-prace-300x240.jpg 300w, https:\/\/biblioteka.sulejow.pl\/wpmbps\/wp-content\/uploads\/2024\/07\/1-uczestnicy-zajec-prezentuja-swoje-prace-768x613.jpg 768w\" sizes=\"auto, (max-width: 962px) 100vw, 962px\" \/><\/a><\/figure>\n\n\n\n<figure class=\"wp-block-image size-large\"><a href=\"https:\/\/biblioteka.sulejow.pl\/wpmbps\/wp-content\/uploads\/2024\/07\/2.-dzieci-wykonuja-prace-plastyczne.jpg\"><img loading=\"lazy\" decoding=\"async\" width=\"745\" height=\"1024\" data-id=\"645\" src=\"https:\/\/biblioteka.sulejow.pl\/wpmbps\/wp-content\/uploads\/2024\/07\/2.-dzieci-wykonuja-prace-plastyczne.jpg\" alt=\"\" class=\"wp-image-645\" srcset=\"https:\/\/biblioteka.sulejow.pl\/wpmbps\/wp-content\/uploads\/2024\/07\/2.-dzieci-wykonuja-prace-plastyczne.jpg 745w, https:\/\/biblioteka.sulejow.pl\/wpmbps\/wp-content\/uploads\/2024\/07\/2.-dzieci-wykonuja-prace-plastyczne-218x300.jpg 218w\" sizes=\"auto, (max-width: 745px) 100vw, 745px\" \/><\/a><\/figure>\n\n\n\n<figure class=\"wp-block-image size-large\"><a href=\"https:\/\/biblioteka.sulejow.pl\/wpmbps\/wp-content\/uploads\/2024\/07\/3.-wystawa-prac-dzieci.jpg\"><img loading=\"lazy\" decoding=\"async\" width=\"768\" height=\"965\" data-id=\"644\" src=\"https:\/\/biblioteka.sulejow.pl\/wpmbps\/wp-content\/uploads\/2024\/07\/3.-wystawa-prac-dzieci.jpg\" alt=\"\" class=\"wp-image-644\" srcset=\"https:\/\/biblioteka.sulejow.pl\/wpmbps\/wp-content\/uploads\/2024\/07\/3.-wystawa-prac-dzieci.jpg 768w, https:\/\/biblioteka.sulejow.pl\/wpmbps\/wp-content\/uploads\/2024\/07\/3.-wystawa-prac-dzieci-239x300.jpg 239w\" sizes=\"auto, (max-width: 768px) 100vw, 768px\" \/><\/a><\/figure>\n<\/figure>\n","protected":false},"excerpt":{"rendered":"<p>Zio\u0142a to niesamowicie aromatyczny element ka\u017cdej kuchni. Dodaj\u0105 smaku i zapachu potrawom. Mo\u017cna je r\u00f3wnie\u017c z powodzeniem wykorzystywa\u0107 w leczeniu i zapobieganiu r\u00f3\u017cnym dolegliwo\u015bciom. Jak je rozpozna\u0107, kt\u00f3re gatunki s\u0105 lecznicze, przyprawowe, a na kt\u00f3re lepiej uwa\u017ca\u0107 rozmawiali\u015bmy dzi\u015b z uczestnikami letnich zaj\u0119\u0107 w Miejskim O\u015brodku Kultury w Sulejowie. Bardzo pozytywnym zjawiskiem jest aktualny trend [&hellip;]<\/p>\n","protected":false},"author":1,"featured_media":0,"comment_status":"closed","ping_status":"closed","sticky":false,"template":"","format":"standard","meta":{"zakra_page_container_layout":"customizer","zakra_page_sidebar_layout":"customizer","zakra_remove_content_margin":false,"zakra_sidebar":"customizer","zakra_transparent_header":"customizer","zakra_logo":0,"zakra_main_header_style":"default","zakra_menu_item_color":"","zakra_menu_item_hover_color":"","zakra_menu_item_active_color":"","zakra_menu_active_style":"","zakra_page_header":true,"footnotes":"","_links_to":"","_links_to_target":""},"categories":[4],"tags":[],"class_list":["post-642","post","type-post","status-publish","format-standard","hentry","category-aktualnosci-2024"],"_links":{"self":[{"href":"https:\/\/biblioteka.sulejow.pl\/index.php?rest_route=\/wp\/v2\/posts\/642","targetHints":{"allow":["GET"]}}],"collection":[{"href":"https:\/\/biblioteka.sulejow.pl\/index.php?rest_route=\/wp\/v2\/posts"}],"about":[{"href":"https:\/\/biblioteka.sulejow.pl\/index.php?rest_route=\/wp\/v2\/types\/post"}],"author":[{"embeddable":true,"href":"https:\/\/biblioteka.sulejow.pl\/index.php?rest_route=\/wp\/v2\/users\/1"}],"replies":[{"embeddable":true,"href":"https:\/\/biblioteka.sulejow.pl\/index.php?rest_route=%2Fwp%2Fv2%2Fcomments&post=642"}],"version-history":[{"count":1,"href":"https:\/\/biblioteka.sulejow.pl\/index.php?rest_route=\/wp\/v2\/posts\/642\/revisions"}],"predecessor-version":[{"id":646,"href":"https:\/\/biblioteka.sulejow.pl\/index.php?rest_route=\/wp\/v2\/posts\/642\/revisions\/646"}],"wp:attachment":[{"href":"https:\/\/biblioteka.sulejow.pl\/index.php?rest_route=%2Fwp%2Fv2%2Fmedia&parent=642"}],"wp:term":[{"taxonomy":"category","embeddable":true,"href":"https:\/\/biblioteka.sulejow.pl\/index.php?rest_route=%2Fwp%2Fv2%2Fcategories&post=642"},{"taxonomy":"post_tag","embeddable":true,"href":"https:\/\/biblioteka.sulejow.pl\/index.php?rest_route=%2Fwp%2Fv2%2Ftags&post=642"}],"curies":[{"name":"wp","href":"https:\/\/api.w.org\/{rel}","templated":true}]}}