{"id":648,"date":"2024-08-01T09:17:36","date_gmt":"2024-08-01T09:17:36","guid":{"rendered":"https:\/\/biblioteka.sulejow.pl\/?p=648"},"modified":"2024-08-01T09:17:36","modified_gmt":"2024-08-01T09:17:36","slug":"dzien-pszczolki-mai","status":"publish","type":"post","link":"https:\/\/biblioteka.sulejow.pl\/?p=648","title":{"rendered":"Dzie\u0144 Pszcz\u00f3\u0142ki Mai"},"content":{"rendered":"\n<p>Maja to ma\u0142a i bystra pszcz\u00f3\u0142ka. Razem ze swoim najlepszymi przyjaci\u00f3\u0142mi- Guciem i konikiem polnym Filipem zaprasza do \u015bwiata pe\u0142nego kwiat\u00f3w, przyg\u00f3d i zapachu \u0142\u0105ki.<\/p>\n\n\n\n<p>Mali czytelnicy po raz pierwszy spotkali si\u0119 z sympatyczn\u0105 Pszcz\u00f3\u0142k\u0105 Maj\u0105 ju\u017c w 1912 roku. To w\u0142a\u015bnie wtedy niemiecki pisarz Waldemar Bonsels opublikowa\u0142 zbi\u00f3r opowiada\u0144: Pszcz\u00f3\u0142ka Maja i jej przygody. Ta ksi\u0105\u017cka dla dzieci szybko sta\u0142a si\u0119 bardzo popularna, dlatego przet\u0142umaczono j\u0105 na oko\u0142o 40 j\u0119zyk\u00f3w. Pierwsze polskie wydanie ukaza\u0142o si\u0119 10 lat p\u00f3\u017aniej, w 1922 roku.<\/p>\n\n\n\n<p>Co to jest mi\u00f3d i sk\u0105d si\u0119 bierze, jak szybko lataj\u0105 pszczo\u0142y, jak si\u0119 porozumiewaj\u0105, co to jest nektar, do czego s\u0142u\u017cy wosk, jak smakuje py\u0142ek pszczeli oraz kim w\u0142a\u015bciwie jest pszczelarz?- na te i wiele innych pyta\u0144 poznali\u015bmy odpowiedzi razem z dzie\u0107mi ucz\u0119szczaj\u0105cymi na wakacyjne zaj\u0119cia do Miejskiego O\u015brodka Kultury w Sulejowie.<\/p>\n\n\n\n<p>Pszczo\u0142y s\u0105 bardzo wa\u017cne dla ca\u0142ego ekosystemu- 75 % produkcji \u017cywno\u015bci opiera si\u0119 na ro\u015blinach zapylanych w\u0142a\u015bnie przez te pracowite zwierz\u0119ta. Skutki wygini\u0119cia pszcz\u00f3\u0142 mog\u0105 by\u0107 tragiczne.<\/p>\n\n\n\n<figure class=\"wp-block-gallery has-nested-images columns-default is-cropped wp-block-gallery-1 is-layout-flex wp-block-gallery-is-layout-flex\">\n<figure class=\"wp-block-image size-large\"><a href=\"https:\/\/biblioteka.sulejow.pl\/wpmbps\/wp-content\/uploads\/2024\/08\/1.-Uczestnicy-zajec-prezentuja-swoje-prace.jpg\"><img loading=\"lazy\" decoding=\"async\" width=\"1024\" height=\"768\" data-id=\"651\" src=\"https:\/\/biblioteka.sulejow.pl\/wpmbps\/wp-content\/uploads\/2024\/08\/1.-Uczestnicy-zajec-prezentuja-swoje-prace.jpg\" alt=\"\" class=\"wp-image-651\" srcset=\"https:\/\/biblioteka.sulejow.pl\/wpmbps\/wp-content\/uploads\/2024\/08\/1.-Uczestnicy-zajec-prezentuja-swoje-prace.jpg 1024w, https:\/\/biblioteka.sulejow.pl\/wpmbps\/wp-content\/uploads\/2024\/08\/1.-Uczestnicy-zajec-prezentuja-swoje-prace-300x225.jpg 300w, https:\/\/biblioteka.sulejow.pl\/wpmbps\/wp-content\/uploads\/2024\/08\/1.-Uczestnicy-zajec-prezentuja-swoje-prace-768x576.jpg 768w\" sizes=\"auto, (max-width: 1024px) 100vw, 1024px\" \/><\/a><\/figure>\n\n\n\n<figure class=\"wp-block-image size-large\"><a href=\"https:\/\/biblioteka.sulejow.pl\/wpmbps\/wp-content\/uploads\/2024\/08\/2.-Wystawa-tematyczna.jpg\"><img loading=\"lazy\" decoding=\"async\" width=\"768\" height=\"1024\" data-id=\"653\" src=\"https:\/\/biblioteka.sulejow.pl\/wpmbps\/wp-content\/uploads\/2024\/08\/2.-Wystawa-tematyczna.jpg\" alt=\"\" class=\"wp-image-653\" srcset=\"https:\/\/biblioteka.sulejow.pl\/wpmbps\/wp-content\/uploads\/2024\/08\/2.-Wystawa-tematyczna.jpg 768w, https:\/\/biblioteka.sulejow.pl\/wpmbps\/wp-content\/uploads\/2024\/08\/2.-Wystawa-tematyczna-225x300.jpg 225w\" sizes=\"auto, (max-width: 768px) 100vw, 768px\" \/><\/a><\/figure>\n\n\n\n<figure class=\"wp-block-image size-large\"><a href=\"https:\/\/biblioteka.sulejow.pl\/wpmbps\/wp-content\/uploads\/2024\/08\/3.-Dzieci-wykonuja-prace-plastyczne.jpg\"><img loading=\"lazy\" decoding=\"async\" width=\"768\" height=\"1024\" data-id=\"649\" src=\"https:\/\/biblioteka.sulejow.pl\/wpmbps\/wp-content\/uploads\/2024\/08\/3.-Dzieci-wykonuja-prace-plastyczne.jpg\" alt=\"\" class=\"wp-image-649\" srcset=\"https:\/\/biblioteka.sulejow.pl\/wpmbps\/wp-content\/uploads\/2024\/08\/3.-Dzieci-wykonuja-prace-plastyczne.jpg 768w, https:\/\/biblioteka.sulejow.pl\/wpmbps\/wp-content\/uploads\/2024\/08\/3.-Dzieci-wykonuja-prace-plastyczne-225x300.jpg 225w\" sizes=\"auto, (max-width: 768px) 100vw, 768px\" \/><\/a><\/figure>\n\n\n\n<figure class=\"wp-block-image size-large\"><a href=\"https:\/\/biblioteka.sulejow.pl\/wpmbps\/wp-content\/uploads\/2024\/08\/4.-Dziewczynka-probuje-miodu.jpg\"><img loading=\"lazy\" decoding=\"async\" width=\"768\" height=\"984\" data-id=\"652\" src=\"https:\/\/biblioteka.sulejow.pl\/wpmbps\/wp-content\/uploads\/2024\/08\/4.-Dziewczynka-probuje-miodu.jpg\" alt=\"\" class=\"wp-image-652\" srcset=\"https:\/\/biblioteka.sulejow.pl\/wpmbps\/wp-content\/uploads\/2024\/08\/4.-Dziewczynka-probuje-miodu.jpg 768w, https:\/\/biblioteka.sulejow.pl\/wpmbps\/wp-content\/uploads\/2024\/08\/4.-Dziewczynka-probuje-miodu-234x300.jpg 234w\" sizes=\"auto, (max-width: 768px) 100vw, 768px\" \/><\/a><\/figure>\n\n\n\n<figure class=\"wp-block-image size-large\"><a href=\"https:\/\/biblioteka.sulejow.pl\/wpmbps\/wp-content\/uploads\/2024\/08\/5.-Dzieci-ogladaja-film-o-produkcji-miodu.jpg\"><img loading=\"lazy\" decoding=\"async\" width=\"768\" height=\"1024\" data-id=\"650\" src=\"https:\/\/biblioteka.sulejow.pl\/wpmbps\/wp-content\/uploads\/2024\/08\/5.-Dzieci-ogladaja-film-o-produkcji-miodu.jpg\" alt=\"\" class=\"wp-image-650\" srcset=\"https:\/\/biblioteka.sulejow.pl\/wpmbps\/wp-content\/uploads\/2024\/08\/5.-Dzieci-ogladaja-film-o-produkcji-miodu.jpg 768w, https:\/\/biblioteka.sulejow.pl\/wpmbps\/wp-content\/uploads\/2024\/08\/5.-Dzieci-ogladaja-film-o-produkcji-miodu-225x300.jpg 225w\" sizes=\"auto, (max-width: 768px) 100vw, 768px\" \/><\/a><\/figure>\n\n\n\n<figure class=\"wp-block-image size-large\"><a href=\"https:\/\/biblioteka.sulejow.pl\/wpmbps\/wp-content\/uploads\/2024\/08\/6.-Dzieci-wykonuja-prace-plastyczne.jpg\"><img loading=\"lazy\" decoding=\"async\" width=\"710\" height=\"1024\" data-id=\"654\" src=\"https:\/\/biblioteka.sulejow.pl\/wpmbps\/wp-content\/uploads\/2024\/08\/6.-Dzieci-wykonuja-prace-plastyczne.jpg\" alt=\"\" class=\"wp-image-654\" srcset=\"https:\/\/biblioteka.sulejow.pl\/wpmbps\/wp-content\/uploads\/2024\/08\/6.-Dzieci-wykonuja-prace-plastyczne.jpg 710w, https:\/\/biblioteka.sulejow.pl\/wpmbps\/wp-content\/uploads\/2024\/08\/6.-Dzieci-wykonuja-prace-plastyczne-208x300.jpg 208w\" sizes=\"auto, (max-width: 710px) 100vw, 710px\" \/><\/a><\/figure>\n<\/figure>\n","protected":false},"excerpt":{"rendered":"<p>Maja to ma\u0142a i bystra pszcz\u00f3\u0142ka. Razem ze swoim najlepszymi przyjaci\u00f3\u0142mi- Guciem i konikiem polnym Filipem zaprasza do \u015bwiata pe\u0142nego kwiat\u00f3w, przyg\u00f3d i zapachu \u0142\u0105ki. Mali czytelnicy po raz pierwszy spotkali si\u0119 z sympatyczn\u0105 Pszcz\u00f3\u0142k\u0105 Maj\u0105 ju\u017c w 1912 roku. To w\u0142a\u015bnie wtedy niemiecki pisarz Waldemar Bonsels opublikowa\u0142 zbi\u00f3r opowiada\u0144: Pszcz\u00f3\u0142ka Maja i jej przygody. [&hellip;]<\/p>\n","protected":false},"author":1,"featured_media":0,"comment_status":"closed","ping_status":"closed","sticky":false,"template":"","format":"standard","meta":{"zakra_page_container_layout":"customizer","zakra_page_sidebar_layout":"customizer","zakra_remove_content_margin":false,"zakra_sidebar":"customizer","zakra_transparent_header":"customizer","zakra_logo":0,"zakra_main_header_style":"default","zakra_menu_item_color":"","zakra_menu_item_hover_color":"","zakra_menu_item_active_color":"","zakra_menu_active_style":"","zakra_page_header":true,"footnotes":"","_links_to":"","_links_to_target":""},"categories":[4],"tags":[],"class_list":["post-648","post","type-post","status-publish","format-standard","hentry","category-aktualnosci-2024"],"_links":{"self":[{"href":"https:\/\/biblioteka.sulejow.pl\/index.php?rest_route=\/wp\/v2\/posts\/648","targetHints":{"allow":["GET"]}}],"collection":[{"href":"https:\/\/biblioteka.sulejow.pl\/index.php?rest_route=\/wp\/v2\/posts"}],"about":[{"href":"https:\/\/biblioteka.sulejow.pl\/index.php?rest_route=\/wp\/v2\/types\/post"}],"author":[{"embeddable":true,"href":"https:\/\/biblioteka.sulejow.pl\/index.php?rest_route=\/wp\/v2\/users\/1"}],"replies":[{"embeddable":true,"href":"https:\/\/biblioteka.sulejow.pl\/index.php?rest_route=%2Fwp%2Fv2%2Fcomments&post=648"}],"version-history":[{"count":1,"href":"https:\/\/biblioteka.sulejow.pl\/index.php?rest_route=\/wp\/v2\/posts\/648\/revisions"}],"predecessor-version":[{"id":655,"href":"https:\/\/biblioteka.sulejow.pl\/index.php?rest_route=\/wp\/v2\/posts\/648\/revisions\/655"}],"wp:attachment":[{"href":"https:\/\/biblioteka.sulejow.pl\/index.php?rest_route=%2Fwp%2Fv2%2Fmedia&parent=648"}],"wp:term":[{"taxonomy":"category","embeddable":true,"href":"https:\/\/biblioteka.sulejow.pl\/index.php?rest_route=%2Fwp%2Fv2%2Fcategories&post=648"},{"taxonomy":"post_tag","embeddable":true,"href":"https:\/\/biblioteka.sulejow.pl\/index.php?rest_route=%2Fwp%2Fv2%2Ftags&post=648"}],"curies":[{"name":"wp","href":"https:\/\/api.w.org\/{rel}","templated":true}]}}