{"id":665,"date":"2024-08-13T07:13:57","date_gmt":"2024-08-13T07:13:57","guid":{"rendered":"https:\/\/biblioteka.sulejow.pl\/?p=665"},"modified":"2024-08-13T07:13:57","modified_gmt":"2024-08-13T07:13:57","slug":"spotkanie-dyskusyjnego-klubu-ksiazki","status":"publish","type":"post","link":"https:\/\/biblioteka.sulejow.pl\/?p=665","title":{"rendered":"Spotkanie Dyskusyjnego Klubu Ksi\u0105\u017cki"},"content":{"rendered":"\n<p>Nie mogli\u015bmy wymarzy\u0107 sobie innego dnia na spotkanie sulejowskiego Dyskusyjnego Klubu Ksi\u0105\u017cki ni\u017c Wielki Dzie\u0144 Pszcz\u00f3\u0142!! A to dlatego, \u017ce przez ostatnie dni wszyscy byli\u015bmy poch\u0142oni\u0119ci&nbsp; lektur\u0105 powie\u015bci Mai Lunde pt.: &#8221; Historia pszcz\u00f3\u0142&#8221;- sagi o ludziach i.. pszczo\u0142ach. Jeden z najwi\u0119kszych norweskich bestseller\u00f3w ostatnich lat, jest literackim obrazem relacji rodzinnych, a zw\u0142aszcza tych mi\u0119dzy rodzicami a dzie\u0107mi oraz \u017cycia wype\u0142nionego prac\u0105 i pasj\u0105 a tak\u017ce, po cz\u0119\u015bci, niezwykle interesuj\u0105cym podr\u0119cznikiem biologii. Trzy linie czasowe, trzech r\u00f3\u017cnych bohater\u00f3w, kt\u00f3rych po\u0142\u0105czy\u0142y w\u0142a\u015bnie pszczo\u0142y i nadzieja- maj\u0105ce r\u00f3\u017cne oblicza- od mo\u017cliwo\u015bci nawi\u0105zania relacji z jedynym synem oraz odzyskania statusu, poprzez&nbsp; prac\u0119 w gospodarstwie i wierno\u015b\u0107 rodzinnym tradycjom, a\u017c po szans\u0119 na znalezienie zaginionego dziecka.<\/p>\n\n\n\n<p>&nbsp;&nbsp;&nbsp;&nbsp; Wi\u0119kszo\u015b\u0107 z nas nawet nie zdaje sobie sprawy z tego, jak bardzo jeste\u015bmy zale\u017cni od pszcz\u00f3\u0142 i ile im zawdzi\u0119czamy. Ich wygini\u0119cie mia\u0142oby dramatyczne konsekwencje. Niestety ten proces ju\u017c si\u0119 rozpocz\u0105\u0142 i dotyczy ca\u0142ego \u015bwiata!<\/p>\n\n\n\n<p>&nbsp;&nbsp;&nbsp;&nbsp; Przy okazji spotkania om\u00f3wione zosta\u0142y r\u00f3\u017cne sposoby pomocy owadom zapylaj\u0105cym- sadzenie ro\u015blin miododajnych, przygotowanie poide\u0142 czy hoteli dla owad\u00f3w, u\u017cywanie naturalnych \u015brodk\u00f3w ochrony ro\u015blin czy niewypalanie traw i li\u015bci. Mieli\u015bmy r\u00f3wnie\u017c okazj\u0119 zobaczy\u0107 jak wygl\u0105da gniazdo os, w\u0142asnor\u0119cznie zrobi\u0107 \u015bwiece z wosku pszczelego oraz spr\u00f3bowa\u0107 pszczelich przysmak\u00f3w z ma\u0142ej lokalnej pasieki- miodu oraz py\u0142ku pszczelego, kt\u00f3ry jest witaminow\u0105 bomb\u0105 dla naszych organizm\u00f3w!<\/p>\n\n\n\n<p>Serdecznie dzi\u0119kujemy wszystkim uczestniczkom spotkania za obecno\u015b\u0107 oraz wy\u015bmienicie sp\u0119dzony czas!!<\/p>\n\n\n\n<figure class=\"wp-block-gallery has-nested-images columns-default is-cropped wp-block-gallery-1 is-layout-flex wp-block-gallery-is-layout-flex\">\n<figure class=\"wp-block-image size-large\"><a href=\"https:\/\/biblioteka.sulejow.pl\/wpmbps\/wp-content\/uploads\/2024\/08\/1.-Uczestniczki-spotkania-dyskutuja-na-temat-czytanej-ksiazki.jpg\"><img loading=\"lazy\" decoding=\"async\" width=\"1024\" height=\"768\" data-id=\"666\" src=\"https:\/\/biblioteka.sulejow.pl\/wpmbps\/wp-content\/uploads\/2024\/08\/1.-Uczestniczki-spotkania-dyskutuja-na-temat-czytanej-ksiazki.jpg\" alt=\"\" class=\"wp-image-666\" srcset=\"https:\/\/biblioteka.sulejow.pl\/wpmbps\/wp-content\/uploads\/2024\/08\/1.-Uczestniczki-spotkania-dyskutuja-na-temat-czytanej-ksiazki.jpg 1024w, https:\/\/biblioteka.sulejow.pl\/wpmbps\/wp-content\/uploads\/2024\/08\/1.-Uczestniczki-spotkania-dyskutuja-na-temat-czytanej-ksiazki-300x225.jpg 300w, https:\/\/biblioteka.sulejow.pl\/wpmbps\/wp-content\/uploads\/2024\/08\/1.-Uczestniczki-spotkania-dyskutuja-na-temat-czytanej-ksiazki-768x576.jpg 768w\" sizes=\"auto, (max-width: 1024px) 100vw, 1024px\" \/><\/a><\/figure>\n\n\n\n<figure class=\"wp-block-image size-large\"><a href=\"https:\/\/biblioteka.sulejow.pl\/wpmbps\/wp-content\/uploads\/2024\/08\/2.-Uczestniczki-spotkania-wytwarzaja-swiece-z-wosku-pszczelego.jpg\"><img loading=\"lazy\" decoding=\"async\" width=\"768\" height=\"926\" data-id=\"669\" src=\"https:\/\/biblioteka.sulejow.pl\/wpmbps\/wp-content\/uploads\/2024\/08\/2.-Uczestniczki-spotkania-wytwarzaja-swiece-z-wosku-pszczelego.jpg\" alt=\"\" class=\"wp-image-669\" srcset=\"https:\/\/biblioteka.sulejow.pl\/wpmbps\/wp-content\/uploads\/2024\/08\/2.-Uczestniczki-spotkania-wytwarzaja-swiece-z-wosku-pszczelego.jpg 768w, https:\/\/biblioteka.sulejow.pl\/wpmbps\/wp-content\/uploads\/2024\/08\/2.-Uczestniczki-spotkania-wytwarzaja-swiece-z-wosku-pszczelego-249x300.jpg 249w\" sizes=\"auto, (max-width: 768px) 100vw, 768px\" \/><\/a><\/figure>\n\n\n\n<figure class=\"wp-block-image size-large\"><a href=\"https:\/\/biblioteka.sulejow.pl\/wpmbps\/wp-content\/uploads\/2024\/08\/3.-Wystwa-okolicznosciowa.jpg\"><img loading=\"lazy\" decoding=\"async\" width=\"768\" height=\"1024\" data-id=\"670\" src=\"https:\/\/biblioteka.sulejow.pl\/wpmbps\/wp-content\/uploads\/2024\/08\/3.-Wystwa-okolicznosciowa.jpg\" alt=\"\" class=\"wp-image-670\" srcset=\"https:\/\/biblioteka.sulejow.pl\/wpmbps\/wp-content\/uploads\/2024\/08\/3.-Wystwa-okolicznosciowa.jpg 768w, https:\/\/biblioteka.sulejow.pl\/wpmbps\/wp-content\/uploads\/2024\/08\/3.-Wystwa-okolicznosciowa-225x300.jpg 225w\" sizes=\"auto, (max-width: 768px) 100vw, 768px\" \/><\/a><\/figure>\n\n\n\n<figure class=\"wp-block-image size-large\"><a href=\"https:\/\/biblioteka.sulejow.pl\/wpmbps\/wp-content\/uploads\/2024\/08\/4.-Wystawa-okolicznosciowa.jpg\"><img loading=\"lazy\" decoding=\"async\" width=\"768\" height=\"956\" data-id=\"667\" src=\"https:\/\/biblioteka.sulejow.pl\/wpmbps\/wp-content\/uploads\/2024\/08\/4.-Wystawa-okolicznosciowa.jpg\" alt=\"\" class=\"wp-image-667\" srcset=\"https:\/\/biblioteka.sulejow.pl\/wpmbps\/wp-content\/uploads\/2024\/08\/4.-Wystawa-okolicznosciowa.jpg 768w, https:\/\/biblioteka.sulejow.pl\/wpmbps\/wp-content\/uploads\/2024\/08\/4.-Wystawa-okolicznosciowa-241x300.jpg 241w\" sizes=\"auto, (max-width: 768px) 100vw, 768px\" \/><\/a><\/figure>\n\n\n\n<figure class=\"wp-block-image size-large\"><a href=\"https:\/\/biblioteka.sulejow.pl\/wpmbps\/wp-content\/uploads\/2024\/08\/5.-Uczestniczki-spotkania-degustuja-miod-z-lokalnej-pasieki.jpg\"><img loading=\"lazy\" decoding=\"async\" width=\"768\" height=\"1024\" data-id=\"668\" src=\"https:\/\/biblioteka.sulejow.pl\/wpmbps\/wp-content\/uploads\/2024\/08\/5.-Uczestniczki-spotkania-degustuja-miod-z-lokalnej-pasieki.jpg\" alt=\"\" class=\"wp-image-668\" srcset=\"https:\/\/biblioteka.sulejow.pl\/wpmbps\/wp-content\/uploads\/2024\/08\/5.-Uczestniczki-spotkania-degustuja-miod-z-lokalnej-pasieki.jpg 768w, https:\/\/biblioteka.sulejow.pl\/wpmbps\/wp-content\/uploads\/2024\/08\/5.-Uczestniczki-spotkania-degustuja-miod-z-lokalnej-pasieki-225x300.jpg 225w\" sizes=\"auto, (max-width: 768px) 100vw, 768px\" \/><\/a><\/figure>\n\n\n\n<figure class=\"wp-block-image size-large\"><a href=\"https:\/\/biblioteka.sulejow.pl\/wpmbps\/wp-content\/uploads\/2024\/08\/6.-Panie-dyskutuja-o-wspolnie-czytanych-ksiazkach.jpg\"><img loading=\"lazy\" decoding=\"async\" width=\"768\" height=\"1024\" data-id=\"671\" src=\"https:\/\/biblioteka.sulejow.pl\/wpmbps\/wp-content\/uploads\/2024\/08\/6.-Panie-dyskutuja-o-wspolnie-czytanych-ksiazkach.jpg\" alt=\"\" class=\"wp-image-671\" srcset=\"https:\/\/biblioteka.sulejow.pl\/wpmbps\/wp-content\/uploads\/2024\/08\/6.-Panie-dyskutuja-o-wspolnie-czytanych-ksiazkach.jpg 768w, https:\/\/biblioteka.sulejow.pl\/wpmbps\/wp-content\/uploads\/2024\/08\/6.-Panie-dyskutuja-o-wspolnie-czytanych-ksiazkach-225x300.jpg 225w\" sizes=\"auto, (max-width: 768px) 100vw, 768px\" \/><\/a><\/figure>\n<\/figure>\n","protected":false},"excerpt":{"rendered":"<p>Nie mogli\u015bmy wymarzy\u0107 sobie innego dnia na spotkanie sulejowskiego Dyskusyjnego Klubu Ksi\u0105\u017cki ni\u017c Wielki Dzie\u0144 Pszcz\u00f3\u0142!! A to dlatego, \u017ce przez ostatnie dni wszyscy byli\u015bmy poch\u0142oni\u0119ci&nbsp; lektur\u0105 powie\u015bci Mai Lunde pt.: &#8221; Historia pszcz\u00f3\u0142&#8221;- sagi o ludziach i.. pszczo\u0142ach. Jeden z najwi\u0119kszych norweskich bestseller\u00f3w ostatnich lat, jest literackim obrazem relacji rodzinnych, a zw\u0142aszcza tych mi\u0119dzy [&hellip;]<\/p>\n","protected":false},"author":1,"featured_media":0,"comment_status":"closed","ping_status":"closed","sticky":false,"template":"","format":"standard","meta":{"zakra_page_container_layout":"customizer","zakra_page_sidebar_layout":"customizer","zakra_remove_content_margin":false,"zakra_sidebar":"customizer","zakra_transparent_header":"customizer","zakra_logo":0,"zakra_main_header_style":"default","zakra_menu_item_color":"","zakra_menu_item_hover_color":"","zakra_menu_item_active_color":"","zakra_menu_active_style":"","zakra_page_header":true,"footnotes":"","_links_to":"","_links_to_target":""},"categories":[4],"tags":[],"class_list":["post-665","post","type-post","status-publish","format-standard","hentry","category-aktualnosci-2024"],"_links":{"self":[{"href":"https:\/\/biblioteka.sulejow.pl\/index.php?rest_route=\/wp\/v2\/posts\/665","targetHints":{"allow":["GET"]}}],"collection":[{"href":"https:\/\/biblioteka.sulejow.pl\/index.php?rest_route=\/wp\/v2\/posts"}],"about":[{"href":"https:\/\/biblioteka.sulejow.pl\/index.php?rest_route=\/wp\/v2\/types\/post"}],"author":[{"embeddable":true,"href":"https:\/\/biblioteka.sulejow.pl\/index.php?rest_route=\/wp\/v2\/users\/1"}],"replies":[{"embeddable":true,"href":"https:\/\/biblioteka.sulejow.pl\/index.php?rest_route=%2Fwp%2Fv2%2Fcomments&post=665"}],"version-history":[{"count":1,"href":"https:\/\/biblioteka.sulejow.pl\/index.php?rest_route=\/wp\/v2\/posts\/665\/revisions"}],"predecessor-version":[{"id":672,"href":"https:\/\/biblioteka.sulejow.pl\/index.php?rest_route=\/wp\/v2\/posts\/665\/revisions\/672"}],"wp:attachment":[{"href":"https:\/\/biblioteka.sulejow.pl\/index.php?rest_route=%2Fwp%2Fv2%2Fmedia&parent=665"}],"wp:term":[{"taxonomy":"category","embeddable":true,"href":"https:\/\/biblioteka.sulejow.pl\/index.php?rest_route=%2Fwp%2Fv2%2Fcategories&post=665"},{"taxonomy":"post_tag","embeddable":true,"href":"https:\/\/biblioteka.sulejow.pl\/index.php?rest_route=%2Fwp%2Fv2%2Ftags&post=665"}],"curies":[{"name":"wp","href":"https:\/\/api.w.org\/{rel}","templated":true}]}}