{"id":675,"date":"2024-09-04T08:20:04","date_gmt":"2024-09-04T08:20:04","guid":{"rendered":"https:\/\/biblioteka.sulejow.pl\/?p=675"},"modified":"2024-09-04T08:20:05","modified_gmt":"2024-09-04T08:20:05","slug":"swiatowy-dzien-slonia","status":"publish","type":"post","link":"https:\/\/biblioteka.sulejow.pl\/?p=675","title":{"rendered":"\u015awiatowy Dzie\u0144 S\u0142onia"},"content":{"rendered":"\n<p>12 sierpnia obchodzimy \u015awiatowy Dzie\u0144 S\u0142onia. Te majestatyczne zwierz\u0119ta s\u0105 jednym z najbardziej zagro\u017conych gatunk\u00f3w na \u015bwiecie. Dlatego ten dzie\u0144 ma na celu zwr\u00f3cenie uwagi na sytuacj\u0119 tych zwierz\u0105t oraz pomoc tym najwi\u0119kszym ssakom l\u0105dowym.<\/p>\n\n\n\n<p>S\u0142onie zyska\u0142y w Polsce du\u017c\u0105 popularno\u015b\u0107 wraz z wydaniem i ekranizacj\u0105 ksi\u0105\u017cki Henryka Sienkiewicza pt. \u201eW pustyni i w puszczy\u201d. Dlatego te\u017c to \u015bwietna okazja, \u017ceby przedstawi\u0107 czytelnikom, tym ma\u0142ym i wi\u0119kszym, ksi\u0105\u017cki ze s\u0142oniami. Filia Biblioteczna w Przyg\u0142owie zaproponowa\u0142a literatur\u0119 popularnonaukow\u0105 dla dzieci, jak i szeroki wyb\u00f3r bajek, wierszy i opowie\u015bci o tych zwierz\u0119tach. Ponadto zaprosi\u0142a najm\u0142odszych czytelnik\u00f3w odwiedzaj\u0105cych plac\u00f3wk\u0119 do pokolorowania obrazk\u00f3w przedstawiaj\u0105cych s\u0142onia. By\u0142a to wakacyjna forma pracy, za kt\u00f3r\u0105 bibliotekarz nagrodzi\u0142 dzieci skromnymi upominkami, a ich prace mo\u017cna podziwia\u0107 w murach ksi\u0105\u017cnicy.<\/p>\n\n\n\n<figure class=\"wp-block-gallery has-nested-images columns-default is-cropped wp-block-gallery-1 is-layout-flex wp-block-gallery-is-layout-flex\">\n<figure class=\"wp-block-image size-large\"><a href=\"https:\/\/biblioteka.sulejow.pl\/wpmbps\/wp-content\/uploads\/2024\/09\/3a.-Dziewczynka-z-upominkiem.jpg\"><img loading=\"lazy\" decoding=\"async\" width=\"1024\" height=\"768\" data-id=\"676\" src=\"https:\/\/biblioteka.sulejow.pl\/wpmbps\/wp-content\/uploads\/2024\/09\/3a.-Dziewczynka-z-upominkiem.jpg\" alt=\"\" class=\"wp-image-676\" srcset=\"https:\/\/biblioteka.sulejow.pl\/wpmbps\/wp-content\/uploads\/2024\/09\/3a.-Dziewczynka-z-upominkiem.jpg 1024w, https:\/\/biblioteka.sulejow.pl\/wpmbps\/wp-content\/uploads\/2024\/09\/3a.-Dziewczynka-z-upominkiem-300x225.jpg 300w, https:\/\/biblioteka.sulejow.pl\/wpmbps\/wp-content\/uploads\/2024\/09\/3a.-Dziewczynka-z-upominkiem-768x576.jpg 768w\" sizes=\"auto, (max-width: 1024px) 100vw, 1024px\" \/><\/a><\/figure>\n\n\n\n<figure class=\"wp-block-image size-large\"><a href=\"https:\/\/biblioteka.sulejow.pl\/wpmbps\/wp-content\/uploads\/2024\/09\/4a.-Chlopiec-z-upominkiem.jpg\"><img loading=\"lazy\" decoding=\"async\" width=\"1024\" height=\"768\" data-id=\"677\" src=\"https:\/\/biblioteka.sulejow.pl\/wpmbps\/wp-content\/uploads\/2024\/09\/4a.-Chlopiec-z-upominkiem.jpg\" alt=\"\" class=\"wp-image-677\" srcset=\"https:\/\/biblioteka.sulejow.pl\/wpmbps\/wp-content\/uploads\/2024\/09\/4a.-Chlopiec-z-upominkiem.jpg 1024w, https:\/\/biblioteka.sulejow.pl\/wpmbps\/wp-content\/uploads\/2024\/09\/4a.-Chlopiec-z-upominkiem-300x225.jpg 300w, https:\/\/biblioteka.sulejow.pl\/wpmbps\/wp-content\/uploads\/2024\/09\/4a.-Chlopiec-z-upominkiem-768x576.jpg 768w\" sizes=\"auto, (max-width: 1024px) 100vw, 1024px\" \/><\/a><\/figure>\n\n\n\n<figure class=\"wp-block-image size-large\"><a href=\"https:\/\/biblioteka.sulejow.pl\/wpmbps\/wp-content\/uploads\/2024\/09\/5a.-Wystawa-tematyczna-ksiazek.jpg\"><img loading=\"lazy\" decoding=\"async\" width=\"1024\" height=\"768\" data-id=\"680\" src=\"https:\/\/biblioteka.sulejow.pl\/wpmbps\/wp-content\/uploads\/2024\/09\/5a.-Wystawa-tematyczna-ksiazek.jpg\" alt=\"\" class=\"wp-image-680\" srcset=\"https:\/\/biblioteka.sulejow.pl\/wpmbps\/wp-content\/uploads\/2024\/09\/5a.-Wystawa-tematyczna-ksiazek.jpg 1024w, https:\/\/biblioteka.sulejow.pl\/wpmbps\/wp-content\/uploads\/2024\/09\/5a.-Wystawa-tematyczna-ksiazek-300x225.jpg 300w, https:\/\/biblioteka.sulejow.pl\/wpmbps\/wp-content\/uploads\/2024\/09\/5a.-Wystawa-tematyczna-ksiazek-768x576.jpg 768w\" sizes=\"auto, (max-width: 1024px) 100vw, 1024px\" \/><\/a><\/figure>\n\n\n\n<figure class=\"wp-block-image size-large\"><a href=\"https:\/\/biblioteka.sulejow.pl\/wpmbps\/wp-content\/uploads\/2024\/09\/6a.-Wystawa-prac-plastycznych.jpg\"><img loading=\"lazy\" decoding=\"async\" width=\"1024\" height=\"768\" data-id=\"679\" src=\"https:\/\/biblioteka.sulejow.pl\/wpmbps\/wp-content\/uploads\/2024\/09\/6a.-Wystawa-prac-plastycznych.jpg\" alt=\"\" class=\"wp-image-679\" srcset=\"https:\/\/biblioteka.sulejow.pl\/wpmbps\/wp-content\/uploads\/2024\/09\/6a.-Wystawa-prac-plastycznych.jpg 1024w, https:\/\/biblioteka.sulejow.pl\/wpmbps\/wp-content\/uploads\/2024\/09\/6a.-Wystawa-prac-plastycznych-300x225.jpg 300w, https:\/\/biblioteka.sulejow.pl\/wpmbps\/wp-content\/uploads\/2024\/09\/6a.-Wystawa-prac-plastycznych-768x576.jpg 768w\" sizes=\"auto, (max-width: 1024px) 100vw, 1024px\" \/><\/a><\/figure>\n\n\n\n<figure class=\"wp-block-image size-large\"><a href=\"https:\/\/biblioteka.sulejow.pl\/wpmbps\/wp-content\/uploads\/2024\/09\/1a.-Dzieci-kolorujace-obrazki.jpg\"><img loading=\"lazy\" decoding=\"async\" width=\"1024\" height=\"768\" data-id=\"678\" src=\"https:\/\/biblioteka.sulejow.pl\/wpmbps\/wp-content\/uploads\/2024\/09\/1a.-Dzieci-kolorujace-obrazki.jpg\" alt=\"\" class=\"wp-image-678\" srcset=\"https:\/\/biblioteka.sulejow.pl\/wpmbps\/wp-content\/uploads\/2024\/09\/1a.-Dzieci-kolorujace-obrazki.jpg 1024w, https:\/\/biblioteka.sulejow.pl\/wpmbps\/wp-content\/uploads\/2024\/09\/1a.-Dzieci-kolorujace-obrazki-300x225.jpg 300w, https:\/\/biblioteka.sulejow.pl\/wpmbps\/wp-content\/uploads\/2024\/09\/1a.-Dzieci-kolorujace-obrazki-768x576.jpg 768w\" sizes=\"auto, (max-width: 1024px) 100vw, 1024px\" \/><\/a><\/figure>\n\n\n\n<figure class=\"wp-block-image size-large\"><a href=\"https:\/\/biblioteka.sulejow.pl\/wpmbps\/wp-content\/uploads\/2024\/09\/2a.-Dziewczynki-kolorujace-obrazki.jpg\"><img loading=\"lazy\" decoding=\"async\" width=\"1024\" height=\"768\" data-id=\"681\" src=\"https:\/\/biblioteka.sulejow.pl\/wpmbps\/wp-content\/uploads\/2024\/09\/2a.-Dziewczynki-kolorujace-obrazki.jpg\" alt=\"\" class=\"wp-image-681\" srcset=\"https:\/\/biblioteka.sulejow.pl\/wpmbps\/wp-content\/uploads\/2024\/09\/2a.-Dziewczynki-kolorujace-obrazki.jpg 1024w, https:\/\/biblioteka.sulejow.pl\/wpmbps\/wp-content\/uploads\/2024\/09\/2a.-Dziewczynki-kolorujace-obrazki-300x225.jpg 300w, https:\/\/biblioteka.sulejow.pl\/wpmbps\/wp-content\/uploads\/2024\/09\/2a.-Dziewczynki-kolorujace-obrazki-768x576.jpg 768w\" sizes=\"auto, (max-width: 1024px) 100vw, 1024px\" \/><\/a><\/figure>\n<\/figure>\n","protected":false},"excerpt":{"rendered":"<p>12 sierpnia obchodzimy \u015awiatowy Dzie\u0144 S\u0142onia. Te majestatyczne zwierz\u0119ta s\u0105 jednym z najbardziej zagro\u017conych gatunk\u00f3w na \u015bwiecie. Dlatego ten dzie\u0144 ma na celu zwr\u00f3cenie uwagi na sytuacj\u0119 tych zwierz\u0105t oraz pomoc tym najwi\u0119kszym ssakom l\u0105dowym. S\u0142onie zyska\u0142y w Polsce du\u017c\u0105 popularno\u015b\u0107 wraz z wydaniem i ekranizacj\u0105 ksi\u0105\u017cki Henryka Sienkiewicza pt. \u201eW pustyni i w puszczy\u201d. [&hellip;]<\/p>\n","protected":false},"author":1,"featured_media":0,"comment_status":"closed","ping_status":"closed","sticky":false,"template":"","format":"standard","meta":{"zakra_page_container_layout":"customizer","zakra_page_sidebar_layout":"customizer","zakra_remove_content_margin":false,"zakra_sidebar":"customizer","zakra_transparent_header":"customizer","zakra_logo":0,"zakra_main_header_style":"default","zakra_menu_item_color":"","zakra_menu_item_hover_color":"","zakra_menu_item_active_color":"","zakra_menu_active_style":"","zakra_page_header":true,"footnotes":"","_links_to":"","_links_to_target":""},"categories":[4],"tags":[],"class_list":["post-675","post","type-post","status-publish","format-standard","hentry","category-aktualnosci-2024"],"_links":{"self":[{"href":"https:\/\/biblioteka.sulejow.pl\/index.php?rest_route=\/wp\/v2\/posts\/675","targetHints":{"allow":["GET"]}}],"collection":[{"href":"https:\/\/biblioteka.sulejow.pl\/index.php?rest_route=\/wp\/v2\/posts"}],"about":[{"href":"https:\/\/biblioteka.sulejow.pl\/index.php?rest_route=\/wp\/v2\/types\/post"}],"author":[{"embeddable":true,"href":"https:\/\/biblioteka.sulejow.pl\/index.php?rest_route=\/wp\/v2\/users\/1"}],"replies":[{"embeddable":true,"href":"https:\/\/biblioteka.sulejow.pl\/index.php?rest_route=%2Fwp%2Fv2%2Fcomments&post=675"}],"version-history":[{"count":1,"href":"https:\/\/biblioteka.sulejow.pl\/index.php?rest_route=\/wp\/v2\/posts\/675\/revisions"}],"predecessor-version":[{"id":682,"href":"https:\/\/biblioteka.sulejow.pl\/index.php?rest_route=\/wp\/v2\/posts\/675\/revisions\/682"}],"wp:attachment":[{"href":"https:\/\/biblioteka.sulejow.pl\/index.php?rest_route=%2Fwp%2Fv2%2Fmedia&parent=675"}],"wp:term":[{"taxonomy":"category","embeddable":true,"href":"https:\/\/biblioteka.sulejow.pl\/index.php?rest_route=%2Fwp%2Fv2%2Fcategories&post=675"},{"taxonomy":"post_tag","embeddable":true,"href":"https:\/\/biblioteka.sulejow.pl\/index.php?rest_route=%2Fwp%2Fv2%2Ftags&post=675"}],"curies":[{"name":"wp","href":"https:\/\/api.w.org\/{rel}","templated":true}]}}