{"id":719,"date":"2024-09-17T17:19:35","date_gmt":"2024-09-17T17:19:35","guid":{"rendered":"https:\/\/biblioteka.sulejow.pl\/?p=719"},"modified":"2024-09-17T17:19:35","modified_gmt":"2024-09-17T17:19:35","slug":"narodowe-czytanie-2024-w-sulejowie","status":"publish","type":"post","link":"https:\/\/biblioteka.sulejow.pl\/?p=719","title":{"rendered":"Narodowe Czytanie 2024 w Sulejowie"},"content":{"rendered":"\n<p>W Sulejowskiej Ksi\u0105\u017cnicy dn. 10 wrze\u015bnia odby\u0142a si\u0119 XIII edycja Narodowego Czytania. Jest to akcja, kt\u00f3ra ma na celu promocj\u0119 czytelnictwa oraz polskiego dziedzictwa literackiego. W tym roku utworem, kt\u00f3ry wybrzmia\u0142 by\u0142 ,,Kordian&#8221; Juliusza S\u0142owackiego, utw\u00f3r g\u0142\u0119boko wpisuj\u0105cy si\u0119 w dyskurs romantyzmu europejskiego.<\/p>\n\n\n\n<p>Czytelnicy, wraz ze specjalnymi go\u015b\u0107mi wsp\u00f3lnie\u00a0<strong>oddali si\u0119 lekturze\u00a0<em>Kordiana<\/em>.<\/strong> We wsp\u00f3lnym czytaniu wzi\u0119li udzia\u0142: Pani Dorota Jankowska\u00a0 &#8211; Burmistrz Sulejowa, Pan Wojciech W\u0119gli\u0144ski \u2013 Kierownik Referatu Komunikacji Spo\u0142ecznej i Przedsi\u0119biorczo\u015bci, Pani Wies\u0142awa Olejnik Dyrektor Zespo\u0142u Szk\u00f3\u0142 Centrum Kszta\u0142cenia Ustawicznego w Sulejowie wraz z uczniami, Pan Marcin Para zast\u0119pca Dyrektora Szko\u0142y Podstawowej Nr 1 im. Jana Paw\u0142a II w Sulejowie, Pan Andrzej Marchwi\u0144ski \u2013 Prezes Stowarzyszenia Senior\u00f3w \u201eAmicos\u201d z Sulejowa, Uczniowie Szko\u0142y Podstawowej Nr 2 im. Kr\u00f3lowej Jadwigi w Sulejowie oraz przedstawiciele Stowarzyszenia Sulej\u00f3w dla Pokole\u0144 \u2013 Pani Ma\u0142gorzata Domos\u0142awska oraz Pani Halina Koz\u0142owska.<\/p>\n\n\n\n<p>Ju\u017c teraz zapraszamy na przysz\u0142oroczne Narodowe Czytanie, kt\u00f3rego motywem przewodnim b\u0119d\u0105 dzia\u0142a Jana Kochanowskiego.<\/p>\n\n\n\n<p>Dzi\u0119kujemy bardzo wszystkim go\u015bciom i uczestnikom za udzia\u0142 w tegorocznej akcji Narodowe Czytanie!<\/p>\n\n\n\n<p>Fotorelacja dost\u0119pna na stronie <a href=\"https:\/\/www.sulejow.pl\/asp\/-kordian-w-roli-glownej,257,artykul,1,1995\" data-type=\"link\" data-id=\"https:\/\/www.sulejow.pl\/asp\/-kordian-w-roli-glownej,257,artykul,1,1995\">Urz\u0119du Miasta<\/a><\/p>\n","protected":false},"excerpt":{"rendered":"<p>W Sulejowskiej Ksi\u0105\u017cnicy dn. 10 wrze\u015bnia odby\u0142a si\u0119 XIII edycja Narodowego Czytania. Jest to akcja, kt\u00f3ra ma na celu promocj\u0119 czytelnictwa oraz polskiego dziedzictwa literackiego. W tym roku utworem, kt\u00f3ry wybrzmia\u0142 by\u0142 ,,Kordian&#8221; Juliusza S\u0142owackiego, utw\u00f3r g\u0142\u0119boko wpisuj\u0105cy si\u0119 w dyskurs romantyzmu europejskiego. Czytelnicy, wraz ze specjalnymi go\u015b\u0107mi wsp\u00f3lnie\u00a0oddali si\u0119 lekturze\u00a0Kordiana. We wsp\u00f3lnym czytaniu wzi\u0119li [&hellip;]<\/p>\n","protected":false},"author":1,"featured_media":0,"comment_status":"closed","ping_status":"","sticky":false,"template":"","format":"standard","meta":{"zakra_page_container_layout":"customizer","zakra_page_sidebar_layout":"customizer","zakra_remove_content_margin":false,"zakra_sidebar":"customizer","zakra_transparent_header":"customizer","zakra_logo":0,"zakra_main_header_style":"default","zakra_menu_item_color":"","zakra_menu_item_hover_color":"","zakra_menu_item_active_color":"","zakra_menu_active_style":"","zakra_page_header":true,"footnotes":"","_links_to":"","_links_to_target":""},"categories":[4],"tags":[],"class_list":["post-719","post","type-post","status-publish","format-standard","hentry","category-aktualnosci-2024"],"_links":{"self":[{"href":"https:\/\/biblioteka.sulejow.pl\/index.php?rest_route=\/wp\/v2\/posts\/719","targetHints":{"allow":["GET"]}}],"collection":[{"href":"https:\/\/biblioteka.sulejow.pl\/index.php?rest_route=\/wp\/v2\/posts"}],"about":[{"href":"https:\/\/biblioteka.sulejow.pl\/index.php?rest_route=\/wp\/v2\/types\/post"}],"author":[{"embeddable":true,"href":"https:\/\/biblioteka.sulejow.pl\/index.php?rest_route=\/wp\/v2\/users\/1"}],"replies":[{"embeddable":true,"href":"https:\/\/biblioteka.sulejow.pl\/index.php?rest_route=%2Fwp%2Fv2%2Fcomments&post=719"}],"version-history":[{"count":1,"href":"https:\/\/biblioteka.sulejow.pl\/index.php?rest_route=\/wp\/v2\/posts\/719\/revisions"}],"predecessor-version":[{"id":720,"href":"https:\/\/biblioteka.sulejow.pl\/index.php?rest_route=\/wp\/v2\/posts\/719\/revisions\/720"}],"wp:attachment":[{"href":"https:\/\/biblioteka.sulejow.pl\/index.php?rest_route=%2Fwp%2Fv2%2Fmedia&parent=719"}],"wp:term":[{"taxonomy":"category","embeddable":true,"href":"https:\/\/biblioteka.sulejow.pl\/index.php?rest_route=%2Fwp%2Fv2%2Fcategories&post=719"},{"taxonomy":"post_tag","embeddable":true,"href":"https:\/\/biblioteka.sulejow.pl\/index.php?rest_route=%2Fwp%2Fv2%2Ftags&post=719"}],"curies":[{"name":"wp","href":"https:\/\/api.w.org\/{rel}","templated":true}]}}