{"id":722,"date":"2024-09-20T18:29:53","date_gmt":"2024-09-20T18:29:53","guid":{"rendered":"https:\/\/biblioteka.sulejow.pl\/?p=722"},"modified":"2024-09-20T18:29:53","modified_gmt":"2024-09-20T18:29:53","slug":"spotkanie-z-seniorami-patron-roku-2024","status":"publish","type":"post","link":"https:\/\/biblioteka.sulejow.pl\/?p=722","title":{"rendered":"Spotkanie z seniorami &#8211; patron roku 2024"},"content":{"rendered":"\n<p>Rok 2024 zosta\u0142 ustanowiony przez Sejm Rzeczypospolitej Polskiej rokiem m.in. Marka H\u0142aski. Z tej okazji nasze ostatnie spotkanie z&nbsp;seniorami w sulejowskiej ksi\u0105\u017cnicy zosta\u0142o po\u015bwi\u0119cone tw\u00f3rczo\u015bci tego autora oraz jego wielkiej mi\u0142o\u015bci &#8211; Agnieszce Osieckiej. Spotkanie odby\u0142o si\u0119 dnia 16 wrze\u015bnia.<br><br>Marek H\u0142asko by\u0142 pierwszym polskim prozaikiem w okresie powojennym, kt\u00f3ry bezkompromisowo opisywa\u0142 rodzim\u0105 rzeczywisto\u015b\u0107 z perspektywy swoich r\u00f3wie\u015bnik\u00f3w.&nbsp;Jego kariera rozwija\u0142a si\u0119 b\u0142yskawicznie, on sam niemal natychmiast sta\u0142 si\u0119 cz\u0142owiekiem ogromnie znanym i lubianym.&nbsp;<br><br>Agnieszka Osiecka &nbsp;poetka, pisarka, re\u017cyserka, dziennikarka. Zajmuje szczeg\u00f3lne miejsce w historii polskiej piosenki. Autorka ponad dw\u00f3ch tysi\u0119cy tekst\u00f3w piosenek, skeczy&nbsp;i utwor\u00f3w scenicznych. Napisa\u0142a teksty piosenek, kt\u00f3re zajmuj\u0105 trwa\u0142e&nbsp;miejsce w historii polskiej muzyki rozrywkowej.<br><br>W trakcie spotkania uczestnicy zapoznali si\u0119 z \u017cyciorysami obu postaci. Ponadto czytelnicy mieli okazj\u0119 wys\u0142ucha\u0107 autorskiego wiersza Pani Doroty Kowalewskiej, kt\u00f3ra specjalnie na t\u0105 okazj\u0119 przygotowa\u0142a wybrane utwory.<br><br>Pi\u0119kno poezji bohater\u00f3w spotkania i puszczone w tle utwory Agnieszki Osieckiej pozwoli\u0142y uczestnikom oderwa\u0107 si\u0119 od codzienno\u015bci.<\/p>\n\n\n\n<figure class=\"wp-block-gallery has-nested-images columns-default is-cropped wp-block-gallery-1 is-layout-flex wp-block-gallery-is-layout-flex\">\n<figure class=\"wp-block-image size-large\"><a href=\"https:\/\/biblioteka.sulejow.pl\/wpmbps\/wp-content\/uploads\/2024\/09\/Spotkanie-z-seniorami-w-bibliotece-w-Sulejowie.jpg\"><img loading=\"lazy\" decoding=\"async\" width=\"1024\" height=\"683\" data-id=\"723\" src=\"https:\/\/biblioteka.sulejow.pl\/wpmbps\/wp-content\/uploads\/2024\/09\/Spotkanie-z-seniorami-w-bibliotece-w-Sulejowie.jpg\" alt=\"\" class=\"wp-image-723\" srcset=\"https:\/\/biblioteka.sulejow.pl\/wpmbps\/wp-content\/uploads\/2024\/09\/Spotkanie-z-seniorami-w-bibliotece-w-Sulejowie.jpg 1024w, https:\/\/biblioteka.sulejow.pl\/wpmbps\/wp-content\/uploads\/2024\/09\/Spotkanie-z-seniorami-w-bibliotece-w-Sulejowie-300x200.jpg 300w, https:\/\/biblioteka.sulejow.pl\/wpmbps\/wp-content\/uploads\/2024\/09\/Spotkanie-z-seniorami-w-bibliotece-w-Sulejowie-768x512.jpg 768w\" sizes=\"auto, (max-width: 1024px) 100vw, 1024px\" \/><\/a><\/figure>\n\n\n\n<figure class=\"wp-block-image size-large\"><a href=\"https:\/\/biblioteka.sulejow.pl\/wpmbps\/wp-content\/uploads\/2024\/09\/Spotkanie-z-seniorami-w-czytelni-biblioteki-w-Sulejowie.jpg\"><img loading=\"lazy\" decoding=\"async\" width=\"924\" height=\"768\" data-id=\"728\" src=\"https:\/\/biblioteka.sulejow.pl\/wpmbps\/wp-content\/uploads\/2024\/09\/Spotkanie-z-seniorami-w-czytelni-biblioteki-w-Sulejowie.jpg\" alt=\"\" class=\"wp-image-728\" srcset=\"https:\/\/biblioteka.sulejow.pl\/wpmbps\/wp-content\/uploads\/2024\/09\/Spotkanie-z-seniorami-w-czytelni-biblioteki-w-Sulejowie.jpg 924w, https:\/\/biblioteka.sulejow.pl\/wpmbps\/wp-content\/uploads\/2024\/09\/Spotkanie-z-seniorami-w-czytelni-biblioteki-w-Sulejowie-300x249.jpg 300w, https:\/\/biblioteka.sulejow.pl\/wpmbps\/wp-content\/uploads\/2024\/09\/Spotkanie-z-seniorami-w-czytelni-biblioteki-w-Sulejowie-768x638.jpg 768w\" sizes=\"auto, (max-width: 924px) 100vw, 924px\" \/><\/a><\/figure>\n\n\n\n<figure class=\"wp-block-image size-large\"><a href=\"https:\/\/biblioteka.sulejow.pl\/wpmbps\/wp-content\/uploads\/2024\/09\/Spotkanie-z-seniorami-w-czytelni-biblioteki.jpg\"><img loading=\"lazy\" decoding=\"async\" width=\"1024\" height=\"715\" data-id=\"724\" src=\"https:\/\/biblioteka.sulejow.pl\/wpmbps\/wp-content\/uploads\/2024\/09\/Spotkanie-z-seniorami-w-czytelni-biblioteki.jpg\" alt=\"\" class=\"wp-image-724\" srcset=\"https:\/\/biblioteka.sulejow.pl\/wpmbps\/wp-content\/uploads\/2024\/09\/Spotkanie-z-seniorami-w-czytelni-biblioteki.jpg 1024w, https:\/\/biblioteka.sulejow.pl\/wpmbps\/wp-content\/uploads\/2024\/09\/Spotkanie-z-seniorami-w-czytelni-biblioteki-300x209.jpg 300w, https:\/\/biblioteka.sulejow.pl\/wpmbps\/wp-content\/uploads\/2024\/09\/Spotkanie-z-seniorami-w-czytelni-biblioteki-768x536.jpg 768w\" sizes=\"auto, (max-width: 1024px) 100vw, 1024px\" \/><\/a><\/figure>\n\n\n\n<figure class=\"wp-block-image size-large\"><a href=\"https:\/\/biblioteka.sulejow.pl\/wpmbps\/wp-content\/uploads\/2024\/09\/Spotkanie-z-seniorami-w-sulejowskiej-bibliotece.jpg\"><img loading=\"lazy\" decoding=\"async\" width=\"999\" height=\"768\" data-id=\"727\" src=\"https:\/\/biblioteka.sulejow.pl\/wpmbps\/wp-content\/uploads\/2024\/09\/Spotkanie-z-seniorami-w-sulejowskiej-bibliotece.jpg\" alt=\"\" class=\"wp-image-727\" srcset=\"https:\/\/biblioteka.sulejow.pl\/wpmbps\/wp-content\/uploads\/2024\/09\/Spotkanie-z-seniorami-w-sulejowskiej-bibliotece.jpg 999w, https:\/\/biblioteka.sulejow.pl\/wpmbps\/wp-content\/uploads\/2024\/09\/Spotkanie-z-seniorami-w-sulejowskiej-bibliotece-300x231.jpg 300w, https:\/\/biblioteka.sulejow.pl\/wpmbps\/wp-content\/uploads\/2024\/09\/Spotkanie-z-seniorami-w-sulejowskiej-bibliotece-768x590.jpg 768w\" sizes=\"auto, (max-width: 999px) 100vw, 999px\" \/><\/a><\/figure>\n\n\n\n<figure class=\"wp-block-image size-large\"><a href=\"https:\/\/biblioteka.sulejow.pl\/wpmbps\/wp-content\/uploads\/2024\/09\/Spotkanie-z-seniorami.jpg\"><img loading=\"lazy\" decoding=\"async\" width=\"935\" height=\"768\" data-id=\"726\" src=\"https:\/\/biblioteka.sulejow.pl\/wpmbps\/wp-content\/uploads\/2024\/09\/Spotkanie-z-seniorami.jpg\" alt=\"\" class=\"wp-image-726\" srcset=\"https:\/\/biblioteka.sulejow.pl\/wpmbps\/wp-content\/uploads\/2024\/09\/Spotkanie-z-seniorami.jpg 935w, https:\/\/biblioteka.sulejow.pl\/wpmbps\/wp-content\/uploads\/2024\/09\/Spotkanie-z-seniorami-300x246.jpg 300w, https:\/\/biblioteka.sulejow.pl\/wpmbps\/wp-content\/uploads\/2024\/09\/Spotkanie-z-seniorami-768x631.jpg 768w\" sizes=\"auto, (max-width: 935px) 100vw, 935px\" \/><\/a><\/figure>\n\n\n\n<figure class=\"wp-block-image size-large\"><a href=\"https:\/\/biblioteka.sulejow.pl\/wpmbps\/wp-content\/uploads\/2024\/09\/Uczestniczka-spotkania-czyta-wiersze-swojego-autorstwa.jpg\"><img loading=\"lazy\" decoding=\"async\" width=\"768\" height=\"1024\" data-id=\"725\" src=\"https:\/\/biblioteka.sulejow.pl\/wpmbps\/wp-content\/uploads\/2024\/09\/Uczestniczka-spotkania-czyta-wiersze-swojego-autorstwa.jpg\" alt=\"\" class=\"wp-image-725\" srcset=\"https:\/\/biblioteka.sulejow.pl\/wpmbps\/wp-content\/uploads\/2024\/09\/Uczestniczka-spotkania-czyta-wiersze-swojego-autorstwa.jpg 768w, https:\/\/biblioteka.sulejow.pl\/wpmbps\/wp-content\/uploads\/2024\/09\/Uczestniczka-spotkania-czyta-wiersze-swojego-autorstwa-225x300.jpg 225w\" sizes=\"auto, (max-width: 768px) 100vw, 768px\" \/><\/a><\/figure>\n<\/figure>\n","protected":false},"excerpt":{"rendered":"<p>Rok 2024 zosta\u0142 ustanowiony przez Sejm Rzeczypospolitej Polskiej rokiem m.in. Marka H\u0142aski. Z tej okazji nasze ostatnie spotkanie z&nbsp;seniorami w sulejowskiej ksi\u0105\u017cnicy zosta\u0142o po\u015bwi\u0119cone tw\u00f3rczo\u015bci tego autora oraz jego wielkiej mi\u0142o\u015bci &#8211; Agnieszce Osieckiej. Spotkanie odby\u0142o si\u0119 dnia 16 wrze\u015bnia. Marek H\u0142asko by\u0142 pierwszym polskim prozaikiem w okresie powojennym, kt\u00f3ry bezkompromisowo opisywa\u0142 rodzim\u0105 rzeczywisto\u015b\u0107 z [&hellip;]<\/p>\n","protected":false},"author":1,"featured_media":0,"comment_status":"closed","ping_status":"","sticky":false,"template":"","format":"standard","meta":{"zakra_page_container_layout":"customizer","zakra_page_sidebar_layout":"customizer","zakra_remove_content_margin":false,"zakra_sidebar":"customizer","zakra_transparent_header":"customizer","zakra_logo":0,"zakra_main_header_style":"default","zakra_menu_item_color":"","zakra_menu_item_hover_color":"","zakra_menu_item_active_color":"","zakra_menu_active_style":"","zakra_page_header":true,"footnotes":"","_links_to":"","_links_to_target":""},"categories":[4],"tags":[],"class_list":["post-722","post","type-post","status-publish","format-standard","hentry","category-aktualnosci-2024"],"_links":{"self":[{"href":"https:\/\/biblioteka.sulejow.pl\/index.php?rest_route=\/wp\/v2\/posts\/722","targetHints":{"allow":["GET"]}}],"collection":[{"href":"https:\/\/biblioteka.sulejow.pl\/index.php?rest_route=\/wp\/v2\/posts"}],"about":[{"href":"https:\/\/biblioteka.sulejow.pl\/index.php?rest_route=\/wp\/v2\/types\/post"}],"author":[{"embeddable":true,"href":"https:\/\/biblioteka.sulejow.pl\/index.php?rest_route=\/wp\/v2\/users\/1"}],"replies":[{"embeddable":true,"href":"https:\/\/biblioteka.sulejow.pl\/index.php?rest_route=%2Fwp%2Fv2%2Fcomments&post=722"}],"version-history":[{"count":1,"href":"https:\/\/biblioteka.sulejow.pl\/index.php?rest_route=\/wp\/v2\/posts\/722\/revisions"}],"predecessor-version":[{"id":729,"href":"https:\/\/biblioteka.sulejow.pl\/index.php?rest_route=\/wp\/v2\/posts\/722\/revisions\/729"}],"wp:attachment":[{"href":"https:\/\/biblioteka.sulejow.pl\/index.php?rest_route=%2Fwp%2Fv2%2Fmedia&parent=722"}],"wp:term":[{"taxonomy":"category","embeddable":true,"href":"https:\/\/biblioteka.sulejow.pl\/index.php?rest_route=%2Fwp%2Fv2%2Fcategories&post=722"},{"taxonomy":"post_tag","embeddable":true,"href":"https:\/\/biblioteka.sulejow.pl\/index.php?rest_route=%2Fwp%2Fv2%2Ftags&post=722"}],"curies":[{"name":"wp","href":"https:\/\/api.w.org\/{rel}","templated":true}]}}