{"id":730,"date":"2024-09-20T18:32:59","date_gmt":"2024-09-20T18:32:59","guid":{"rendered":"https:\/\/biblioteka.sulejow.pl\/?p=730"},"modified":"2024-09-20T18:32:59","modified_gmt":"2024-09-20T18:32:59","slug":"dzien-przedszkolaka","status":"publish","type":"post","link":"https:\/\/biblioteka.sulejow.pl\/?p=730","title":{"rendered":"Dzie\u0144 Przedszkolaka"},"content":{"rendered":"\n<p>Z okazji Dnia Przedszkolaka pracownicy Miejskiej Biblioteki Publicznej w Sulejowie odwiedzili Samorz\u0105dowe Przedszkole w Sulejowie, aby wsp\u00f3lnie celebrowa\u0107 rado\u015b\u0107 i energi\u0119, jak\u0105 przedszkolaki wnosz\u0105 do codziennego \u017cycia. Nie zabrak\u0142o oczywi\u015bcie \u017cycze\u0144, wsp\u00f3lnego czytania oraz symbolicznych upomink\u00f3w dla ka\u017cdej z grup, aby uczci\u0107 ten wyj\u0105tkowy dzie\u0144. &#x1f389;&#x1f381;&#x1f388;&#x1f36d;<\/p>\n\n\n\n<p>Przypominamy, \u017ce Miejska Biblioteka Publiczna w Sulejowie bierze udzia\u0142 w najwi\u0119kszym w Polsce i Europie programie promuj\u0105cym czytelnictwo w\u015br\u00f3d dzieci i ich rodzic\u00f3w- Ma\u0142a ksi\u0105\u017cka &#8211; wielki cz\u0142owiek. Program skierowany jest do dzieci w wieku przedszkolnym, kt\u00f3rych chcemy zach\u0119ci\u0107 do regularnego odwiedzania bibliotek i codziennego czytania. Przedszkolak, kt\u00f3ry przyjdzie do naszej biblioteki, otrzyma w prezencie Wyprawk\u0119 Czytelnicz\u0105, a w niej ksi\u0105\u017ck\u0119 oraz Kart\u0119 Ma\u0142ego Czytelnika. Za ka\u017cde wypo\u017cyczenie minimum jednej ksi\u0105\u017cki z ksi\u0119gozbioru dzieci\u0119cego Ma\u0142y Czytelnik dostaje naklejk\u0119, a po zebraniu dziesi\u0119ciu zostaje uhonorowany imiennym dyplomem potwierdzaj\u0105cym jego czytelnicze zainteresowania.. Zapraszamy!<\/p>\n\n\n\n<figure class=\"wp-block-gallery has-nested-images columns-default is-cropped wp-block-gallery-1 is-layout-flex wp-block-gallery-is-layout-flex\">\n<figure class=\"wp-block-image size-large\"><a href=\"https:\/\/biblioteka.sulejow.pl\/wpmbps\/wp-content\/uploads\/2024\/09\/1.-Zyczenia-dla-przedszkolakow.jpg\"><img loading=\"lazy\" decoding=\"async\" width=\"724\" height=\"1024\" data-id=\"735\" src=\"https:\/\/biblioteka.sulejow.pl\/wpmbps\/wp-content\/uploads\/2024\/09\/1.-Zyczenia-dla-przedszkolakow.jpg\" alt=\"\" class=\"wp-image-735\" srcset=\"https:\/\/biblioteka.sulejow.pl\/wpmbps\/wp-content\/uploads\/2024\/09\/1.-Zyczenia-dla-przedszkolakow.jpg 724w, https:\/\/biblioteka.sulejow.pl\/wpmbps\/wp-content\/uploads\/2024\/09\/1.-Zyczenia-dla-przedszkolakow-212x300.jpg 212w\" sizes=\"auto, (max-width: 724px) 100vw, 724px\" \/><\/a><figcaption class=\"wp-element-caption\">Narodowe Czytanie 2024. Wz\u00f3r plakatu dla organizator\u00f3w.pdf &#8211; 1<\/figcaption><\/figure>\n\n\n\n<figure class=\"wp-block-image size-large\"><a href=\"https:\/\/biblioteka.sulejow.pl\/wpmbps\/wp-content\/uploads\/2024\/09\/2.-Bibliotekarka-czyta-przedszkolakom-ksiazke.jpg\"><img loading=\"lazy\" decoding=\"async\" width=\"846\" height=\"768\" data-id=\"731\" src=\"https:\/\/biblioteka.sulejow.pl\/wpmbps\/wp-content\/uploads\/2024\/09\/2.-Bibliotekarka-czyta-przedszkolakom-ksiazke.jpg\" alt=\"\" class=\"wp-image-731\" srcset=\"https:\/\/biblioteka.sulejow.pl\/wpmbps\/wp-content\/uploads\/2024\/09\/2.-Bibliotekarka-czyta-przedszkolakom-ksiazke.jpg 846w, https:\/\/biblioteka.sulejow.pl\/wpmbps\/wp-content\/uploads\/2024\/09\/2.-Bibliotekarka-czyta-przedszkolakom-ksiazke-300x272.jpg 300w, https:\/\/biblioteka.sulejow.pl\/wpmbps\/wp-content\/uploads\/2024\/09\/2.-Bibliotekarka-czyta-przedszkolakom-ksiazke-768x697.jpg 768w\" sizes=\"auto, (max-width: 846px) 100vw, 846px\" \/><\/a><\/figure>\n\n\n\n<figure class=\"wp-block-image size-large\"><a href=\"https:\/\/biblioteka.sulejow.pl\/wpmbps\/wp-content\/uploads\/2024\/09\/3.-Bibliotekarka-czyta-przedszkolakom-ksiazki.jpg\"><img loading=\"lazy\" decoding=\"async\" width=\"768\" height=\"978\" data-id=\"734\" src=\"https:\/\/biblioteka.sulejow.pl\/wpmbps\/wp-content\/uploads\/2024\/09\/3.-Bibliotekarka-czyta-przedszkolakom-ksiazki.jpg\" alt=\"\" class=\"wp-image-734\" srcset=\"https:\/\/biblioteka.sulejow.pl\/wpmbps\/wp-content\/uploads\/2024\/09\/3.-Bibliotekarka-czyta-przedszkolakom-ksiazki.jpg 768w, https:\/\/biblioteka.sulejow.pl\/wpmbps\/wp-content\/uploads\/2024\/09\/3.-Bibliotekarka-czyta-przedszkolakom-ksiazki-236x300.jpg 236w\" sizes=\"auto, (max-width: 768px) 100vw, 768px\" \/><\/a><\/figure>\n\n\n\n<figure class=\"wp-block-image size-large\"><a href=\"https:\/\/biblioteka.sulejow.pl\/wpmbps\/wp-content\/uploads\/2024\/09\/4.-Dzieci-ogladaja-ksiazki.jpg\"><img loading=\"lazy\" decoding=\"async\" width=\"768\" height=\"1001\" data-id=\"733\" src=\"https:\/\/biblioteka.sulejow.pl\/wpmbps\/wp-content\/uploads\/2024\/09\/4.-Dzieci-ogladaja-ksiazki.jpg\" alt=\"\" class=\"wp-image-733\" srcset=\"https:\/\/biblioteka.sulejow.pl\/wpmbps\/wp-content\/uploads\/2024\/09\/4.-Dzieci-ogladaja-ksiazki.jpg 768w, https:\/\/biblioteka.sulejow.pl\/wpmbps\/wp-content\/uploads\/2024\/09\/4.-Dzieci-ogladaja-ksiazki-230x300.jpg 230w\" sizes=\"auto, (max-width: 768px) 100vw, 768px\" \/><\/a><\/figure>\n\n\n\n<figure class=\"wp-block-image size-large\"><a href=\"https:\/\/biblioteka.sulejow.pl\/wpmbps\/wp-content\/uploads\/2024\/09\/5.-Dzieci-ogladaja-ksiazki.jpg\"><img loading=\"lazy\" decoding=\"async\" width=\"811\" height=\"768\" data-id=\"732\" src=\"https:\/\/biblioteka.sulejow.pl\/wpmbps\/wp-content\/uploads\/2024\/09\/5.-Dzieci-ogladaja-ksiazki.jpg\" alt=\"\" class=\"wp-image-732\" srcset=\"https:\/\/biblioteka.sulejow.pl\/wpmbps\/wp-content\/uploads\/2024\/09\/5.-Dzieci-ogladaja-ksiazki.jpg 811w, https:\/\/biblioteka.sulejow.pl\/wpmbps\/wp-content\/uploads\/2024\/09\/5.-Dzieci-ogladaja-ksiazki-300x284.jpg 300w, https:\/\/biblioteka.sulejow.pl\/wpmbps\/wp-content\/uploads\/2024\/09\/5.-Dzieci-ogladaja-ksiazki-768x727.jpg 768w\" sizes=\"auto, (max-width: 811px) 100vw, 811px\" \/><\/a><\/figure>\n\n\n\n<figure class=\"wp-block-image size-large\"><a href=\"https:\/\/biblioteka.sulejow.pl\/wpmbps\/wp-content\/uploads\/2024\/09\/6.-Dzieci-ogladaja-ksiazki.jpg\"><img loading=\"lazy\" decoding=\"async\" width=\"1024\" height=\"700\" data-id=\"736\" src=\"https:\/\/biblioteka.sulejow.pl\/wpmbps\/wp-content\/uploads\/2024\/09\/6.-Dzieci-ogladaja-ksiazki.jpg\" alt=\"\" class=\"wp-image-736\" srcset=\"https:\/\/biblioteka.sulejow.pl\/wpmbps\/wp-content\/uploads\/2024\/09\/6.-Dzieci-ogladaja-ksiazki.jpg 1024w, https:\/\/biblioteka.sulejow.pl\/wpmbps\/wp-content\/uploads\/2024\/09\/6.-Dzieci-ogladaja-ksiazki-300x205.jpg 300w, https:\/\/biblioteka.sulejow.pl\/wpmbps\/wp-content\/uploads\/2024\/09\/6.-Dzieci-ogladaja-ksiazki-768x525.jpg 768w\" sizes=\"auto, (max-width: 1024px) 100vw, 1024px\" \/><\/a><\/figure>\n<\/figure>\n","protected":false},"excerpt":{"rendered":"<p>Z okazji Dnia Przedszkolaka pracownicy Miejskiej Biblioteki Publicznej w Sulejowie odwiedzili Samorz\u0105dowe Przedszkole w Sulejowie, aby wsp\u00f3lnie celebrowa\u0107 rado\u015b\u0107 i energi\u0119, jak\u0105 przedszkolaki wnosz\u0105 do codziennego \u017cycia. Nie zabrak\u0142o oczywi\u015bcie \u017cycze\u0144, wsp\u00f3lnego czytania oraz symbolicznych upomink\u00f3w dla ka\u017cdej z grup, aby uczci\u0107 ten wyj\u0105tkowy dzie\u0144. &#x1f389;&#x1f381;&#x1f388;&#x1f36d; Przypominamy, \u017ce Miejska Biblioteka Publiczna w Sulejowie bierze udzia\u0142 [&hellip;]<\/p>\n","protected":false},"author":1,"featured_media":0,"comment_status":"closed","ping_status":"","sticky":false,"template":"","format":"standard","meta":{"zakra_page_container_layout":"customizer","zakra_page_sidebar_layout":"customizer","zakra_remove_content_margin":false,"zakra_sidebar":"customizer","zakra_transparent_header":"customizer","zakra_logo":0,"zakra_main_header_style":"default","zakra_menu_item_color":"","zakra_menu_item_hover_color":"","zakra_menu_item_active_color":"","zakra_menu_active_style":"","zakra_page_header":true,"footnotes":"","_links_to":"","_links_to_target":""},"categories":[4],"tags":[],"class_list":["post-730","post","type-post","status-publish","format-standard","hentry","category-aktualnosci-2024"],"_links":{"self":[{"href":"https:\/\/biblioteka.sulejow.pl\/index.php?rest_route=\/wp\/v2\/posts\/730","targetHints":{"allow":["GET"]}}],"collection":[{"href":"https:\/\/biblioteka.sulejow.pl\/index.php?rest_route=\/wp\/v2\/posts"}],"about":[{"href":"https:\/\/biblioteka.sulejow.pl\/index.php?rest_route=\/wp\/v2\/types\/post"}],"author":[{"embeddable":true,"href":"https:\/\/biblioteka.sulejow.pl\/index.php?rest_route=\/wp\/v2\/users\/1"}],"replies":[{"embeddable":true,"href":"https:\/\/biblioteka.sulejow.pl\/index.php?rest_route=%2Fwp%2Fv2%2Fcomments&post=730"}],"version-history":[{"count":1,"href":"https:\/\/biblioteka.sulejow.pl\/index.php?rest_route=\/wp\/v2\/posts\/730\/revisions"}],"predecessor-version":[{"id":737,"href":"https:\/\/biblioteka.sulejow.pl\/index.php?rest_route=\/wp\/v2\/posts\/730\/revisions\/737"}],"wp:attachment":[{"href":"https:\/\/biblioteka.sulejow.pl\/index.php?rest_route=%2Fwp%2Fv2%2Fmedia&parent=730"}],"wp:term":[{"taxonomy":"category","embeddable":true,"href":"https:\/\/biblioteka.sulejow.pl\/index.php?rest_route=%2Fwp%2Fv2%2Fcategories&post=730"},{"taxonomy":"post_tag","embeddable":true,"href":"https:\/\/biblioteka.sulejow.pl\/index.php?rest_route=%2Fwp%2Fv2%2Ftags&post=730"}],"curies":[{"name":"wp","href":"https:\/\/api.w.org\/{rel}","templated":true}]}}