{"id":750,"date":"2024-09-29T19:07:21","date_gmt":"2024-09-29T19:07:21","guid":{"rendered":"https:\/\/biblioteka.sulejow.pl\/?p=750"},"modified":"2024-09-29T19:09:15","modified_gmt":"2024-09-29T19:09:15","slug":"fgf","status":"publish","type":"post","link":"https:\/\/biblioteka.sulejow.pl\/?p=750","title":{"rendered":"Przysz\u0142a jesie\u0144"},"content":{"rendered":"\n<p>Astronomiczny pocz\u0105tek jesieni przypada 23 wrze\u015bnia, w \u015bwiecie ro\u015blin i zwierz\u0105t nast\u0119puje powolne szykowanie si\u0119 do zimy. Ro\u015bliny wieloletnie gromadz\u0105 w swych korzeniach substancje od\u017cywcze, kt\u00f3re pomagaj\u0105 im przetrwa\u0107 zim\u0119, a ro\u015bliny jednoroczne usychaj\u0105, rozsiewaj\u0105c dooko\u0142a swe nasiona. Jesie\u0144 to czas robienia przetwor\u00f3w i zapas\u00f3w na zim\u0119 nie tylko przez ludzi, ale r\u00f3wnie\u017c przez wiele gatunk\u00f3w zwierz\u0105t&#8230; Niekt\u00f3re z nich gromadz\u0105 ziarna w swoich norkach, inne robi\u0105 zapasy w postaci t\u0142uszczu gromadzonego pod sk\u00f3r\u0105, jeszcze inne zmieniaj\u0105 sier\u015b\u0107 na cieplejsz\u0105 lub w og\u00f3le migruj\u0105 do ciep\u0142ych kraj\u00f3w.<\/p>\n\n\n\n<p>Z okazji nadej\u015bcia tej wyj\u0105tkowo kolorowej pory roku go\u015bcili\u015bmy w naszej bibliotece uczni\u00f3w ze Szko\u0142y Podstawowej nr 1 im. Jana Paw\u0142a II w Sulejowie, z kt\u00f3rymi wsp\u00f3lnie poznali\u015bmy tajemnice jesieni: dowiedzieli\u015bmy si\u0119, co to jest babie lato, jaki opad atmosferyczny najcz\u0119\u015bciej wyst\u0119puje jesieni\u0105, po co drzewa zrzucaj\u0105 li\u015bcie oraz jakie ostatnie prace polowe przeprowadza si\u0119 przed zim\u0105. Wsp\u00f3lnie odgadywali\u015bmy jesienne zagadki, a na koniec spotkania powsta\u0142y pi\u0119kne prace plastyczne z jesiennych li\u015bci, poniewa\u017c \u017cadna inna pora roku nie mo\u017ce poszczyci\u0107 si\u0119 tak przepi\u0119knym wachlarzem barw w koronach drzew i kolorowym dywanem z li\u015bci.<\/p>\n\n\n\n<p>Zapraszamy do \u00a0biblioteki, gdzie mo\u017cna podziwia\u0107 prace wykonane przez uczni\u00f3w klasy pierwszej.<\/p>\n\n\n\n<figure class=\"wp-block-gallery has-nested-images columns-default is-cropped wp-block-gallery-1 is-layout-flex wp-block-gallery-is-layout-flex\">\n<figure class=\"wp-block-image size-large\"><a href=\"https:\/\/biblioteka.sulejow.pl\/wpmbps\/wp-content\/uploads\/2024\/09\/5.-Dzieci-tworza-jesienne-prace-plastyczne.jpg\"><img loading=\"lazy\" decoding=\"async\" width=\"768\" height=\"873\" data-id=\"747\" src=\"https:\/\/biblioteka.sulejow.pl\/wpmbps\/wp-content\/uploads\/2024\/09\/5.-Dzieci-tworza-jesienne-prace-plastyczne.jpg\" alt=\"\" class=\"wp-image-747\" srcset=\"https:\/\/biblioteka.sulejow.pl\/wpmbps\/wp-content\/uploads\/2024\/09\/5.-Dzieci-tworza-jesienne-prace-plastyczne.jpg 768w, https:\/\/biblioteka.sulejow.pl\/wpmbps\/wp-content\/uploads\/2024\/09\/5.-Dzieci-tworza-jesienne-prace-plastyczne-264x300.jpg 264w\" sizes=\"auto, (max-width: 768px) 100vw, 768px\" \/><\/a><\/figure>\n\n\n\n<figure class=\"wp-block-image size-large\"><a href=\"https:\/\/biblioteka.sulejow.pl\/wpmbps\/wp-content\/uploads\/2024\/09\/3.-Kobieta-czyta-dzieciom-jesienne-zagadki.jpg\"><img loading=\"lazy\" decoding=\"async\" width=\"830\" height=\"768\" data-id=\"745\" src=\"https:\/\/biblioteka.sulejow.pl\/wpmbps\/wp-content\/uploads\/2024\/09\/3.-Kobieta-czyta-dzieciom-jesienne-zagadki.jpg\" alt=\"\" class=\"wp-image-745\" srcset=\"https:\/\/biblioteka.sulejow.pl\/wpmbps\/wp-content\/uploads\/2024\/09\/3.-Kobieta-czyta-dzieciom-jesienne-zagadki.jpg 830w, https:\/\/biblioteka.sulejow.pl\/wpmbps\/wp-content\/uploads\/2024\/09\/3.-Kobieta-czyta-dzieciom-jesienne-zagadki-300x278.jpg 300w, https:\/\/biblioteka.sulejow.pl\/wpmbps\/wp-content\/uploads\/2024\/09\/3.-Kobieta-czyta-dzieciom-jesienne-zagadki-768x711.jpg 768w\" sizes=\"auto, (max-width: 830px) 100vw, 830px\" \/><\/a><\/figure>\n\n\n\n<figure class=\"wp-block-image size-large\"><a href=\"https:\/\/biblioteka.sulejow.pl\/wpmbps\/wp-content\/uploads\/2024\/09\/6.-Wystawa-z-prac-plastycznych-dzieci.jpg\"><img loading=\"lazy\" decoding=\"async\" width=\"768\" height=\"915\" data-id=\"748\" src=\"https:\/\/biblioteka.sulejow.pl\/wpmbps\/wp-content\/uploads\/2024\/09\/6.-Wystawa-z-prac-plastycznych-dzieci.jpg\" alt=\"\" class=\"wp-image-748\" srcset=\"https:\/\/biblioteka.sulejow.pl\/wpmbps\/wp-content\/uploads\/2024\/09\/6.-Wystawa-z-prac-plastycznych-dzieci.jpg 768w, https:\/\/biblioteka.sulejow.pl\/wpmbps\/wp-content\/uploads\/2024\/09\/6.-Wystawa-z-prac-plastycznych-dzieci-252x300.jpg 252w\" sizes=\"auto, (max-width: 768px) 100vw, 768px\" \/><\/a><\/figure>\n\n\n\n<figure class=\"wp-block-image size-large\"><a href=\"https:\/\/biblioteka.sulejow.pl\/wpmbps\/wp-content\/uploads\/2024\/09\/4.-Wystawa-tematyczna.jpg\"><img loading=\"lazy\" decoding=\"async\" width=\"717\" height=\"1024\" data-id=\"746\" src=\"https:\/\/biblioteka.sulejow.pl\/wpmbps\/wp-content\/uploads\/2024\/09\/4.-Wystawa-tematyczna.jpg\" alt=\"\" class=\"wp-image-746\" srcset=\"https:\/\/biblioteka.sulejow.pl\/wpmbps\/wp-content\/uploads\/2024\/09\/4.-Wystawa-tematyczna.jpg 717w, https:\/\/biblioteka.sulejow.pl\/wpmbps\/wp-content\/uploads\/2024\/09\/4.-Wystawa-tematyczna-210x300.jpg 210w\" sizes=\"auto, (max-width: 717px) 100vw, 717px\" \/><\/a><\/figure>\n\n\n\n<figure class=\"wp-block-image size-large\"><a href=\"https:\/\/biblioteka.sulejow.pl\/wpmbps\/wp-content\/uploads\/2024\/09\/2.-Uczestnicy-zajec-ogladaja-film-edukacyjny.jpg\"><img loading=\"lazy\" decoding=\"async\" width=\"803\" height=\"768\" data-id=\"744\" src=\"https:\/\/biblioteka.sulejow.pl\/wpmbps\/wp-content\/uploads\/2024\/09\/2.-Uczestnicy-zajec-ogladaja-film-edukacyjny.jpg\" alt=\"\" class=\"wp-image-744\" srcset=\"https:\/\/biblioteka.sulejow.pl\/wpmbps\/wp-content\/uploads\/2024\/09\/2.-Uczestnicy-zajec-ogladaja-film-edukacyjny.jpg 803w, https:\/\/biblioteka.sulejow.pl\/wpmbps\/wp-content\/uploads\/2024\/09\/2.-Uczestnicy-zajec-ogladaja-film-edukacyjny-300x287.jpg 300w, https:\/\/biblioteka.sulejow.pl\/wpmbps\/wp-content\/uploads\/2024\/09\/2.-Uczestnicy-zajec-ogladaja-film-edukacyjny-768x735.jpg 768w\" sizes=\"auto, (max-width: 803px) 100vw, 803px\" \/><\/a><\/figure>\n\n\n\n<figure class=\"wp-block-image size-large\"><a href=\"https:\/\/biblioteka.sulejow.pl\/wpmbps\/wp-content\/uploads\/2024\/09\/1.Uczestnicy-zajec-prezentuja-swoje-prace.jpg\"><img loading=\"lazy\" decoding=\"async\" width=\"962\" height=\"768\" data-id=\"743\" src=\"https:\/\/biblioteka.sulejow.pl\/wpmbps\/wp-content\/uploads\/2024\/09\/1.Uczestnicy-zajec-prezentuja-swoje-prace.jpg\" alt=\"\" class=\"wp-image-743\" srcset=\"https:\/\/biblioteka.sulejow.pl\/wpmbps\/wp-content\/uploads\/2024\/09\/1.Uczestnicy-zajec-prezentuja-swoje-prace.jpg 962w, https:\/\/biblioteka.sulejow.pl\/wpmbps\/wp-content\/uploads\/2024\/09\/1.Uczestnicy-zajec-prezentuja-swoje-prace-300x240.jpg 300w, https:\/\/biblioteka.sulejow.pl\/wpmbps\/wp-content\/uploads\/2024\/09\/1.Uczestnicy-zajec-prezentuja-swoje-prace-768x613.jpg 768w\" sizes=\"auto, (max-width: 962px) 100vw, 962px\" \/><\/a><\/figure>\n<\/figure>\n","protected":false},"excerpt":{"rendered":"<p>Astronomiczny pocz\u0105tek jesieni przypada 23 wrze\u015bnia, w \u015bwiecie ro\u015blin i zwierz\u0105t nast\u0119puje powolne szykowanie si\u0119 do zimy. Ro\u015bliny wieloletnie gromadz\u0105 w swych korzeniach substancje od\u017cywcze, kt\u00f3re pomagaj\u0105 im przetrwa\u0107 zim\u0119, a ro\u015bliny jednoroczne usychaj\u0105, rozsiewaj\u0105c dooko\u0142a swe nasiona. Jesie\u0144 to czas robienia przetwor\u00f3w i zapas\u00f3w na zim\u0119 nie tylko przez ludzi, ale r\u00f3wnie\u017c przez wiele [&hellip;]<\/p>\n","protected":false},"author":1,"featured_media":0,"comment_status":"closed","ping_status":"","sticky":false,"template":"","format":"standard","meta":{"zakra_page_container_layout":"customizer","zakra_page_sidebar_layout":"customizer","zakra_remove_content_margin":false,"zakra_sidebar":"customizer","zakra_transparent_header":"customizer","zakra_logo":0,"zakra_main_header_style":"default","zakra_menu_item_color":"","zakra_menu_item_hover_color":"","zakra_menu_item_active_color":"","zakra_menu_active_style":"","zakra_page_header":true,"footnotes":"","_links_to":"","_links_to_target":""},"categories":[4],"tags":[],"class_list":["post-750","post","type-post","status-publish","format-standard","hentry","category-aktualnosci-2024"],"_links":{"self":[{"href":"https:\/\/biblioteka.sulejow.pl\/index.php?rest_route=\/wp\/v2\/posts\/750","targetHints":{"allow":["GET"]}}],"collection":[{"href":"https:\/\/biblioteka.sulejow.pl\/index.php?rest_route=\/wp\/v2\/posts"}],"about":[{"href":"https:\/\/biblioteka.sulejow.pl\/index.php?rest_route=\/wp\/v2\/types\/post"}],"author":[{"embeddable":true,"href":"https:\/\/biblioteka.sulejow.pl\/index.php?rest_route=\/wp\/v2\/users\/1"}],"replies":[{"embeddable":true,"href":"https:\/\/biblioteka.sulejow.pl\/index.php?rest_route=%2Fwp%2Fv2%2Fcomments&post=750"}],"version-history":[{"count":3,"href":"https:\/\/biblioteka.sulejow.pl\/index.php?rest_route=\/wp\/v2\/posts\/750\/revisions"}],"predecessor-version":[{"id":753,"href":"https:\/\/biblioteka.sulejow.pl\/index.php?rest_route=\/wp\/v2\/posts\/750\/revisions\/753"}],"wp:attachment":[{"href":"https:\/\/biblioteka.sulejow.pl\/index.php?rest_route=%2Fwp%2Fv2%2Fmedia&parent=750"}],"wp:term":[{"taxonomy":"category","embeddable":true,"href":"https:\/\/biblioteka.sulejow.pl\/index.php?rest_route=%2Fwp%2Fv2%2Fcategories&post=750"},{"taxonomy":"post_tag","embeddable":true,"href":"https:\/\/biblioteka.sulejow.pl\/index.php?rest_route=%2Fwp%2Fv2%2Ftags&post=750"}],"curies":[{"name":"wp","href":"https:\/\/api.w.org\/{rel}","templated":true}]}}