{"id":754,"date":"2024-09-29T19:11:59","date_gmt":"2024-09-29T19:11:59","guid":{"rendered":"https:\/\/biblioteka.sulejow.pl\/?p=754"},"modified":"2024-09-29T19:11:59","modified_gmt":"2024-09-29T19:11:59","slug":"zapraszamy-na-spotkanie-2","status":"publish","type":"post","link":"https:\/\/biblioteka.sulejow.pl\/?p=754","title":{"rendered":"Zapraszamy na spotkanie"},"content":{"rendered":"\n<p>W najbli\u017cszy poniedzia\u0142ek zapraszamy do naszej biblioteki na spotkanie z autork\u0105 ksi\u0105\u017cki pt.: &#8222;Bajki pani Bo\u017cenki&#8221;, zorganizowane z okazji Og\u00f3lnopolskiego Dnia G\u0142o\u015bnego Czytania.<\/p>\n\n\n\n<p>\u015awi\u0119to to ma w naszym kraju ponad 20-letni\u0105 tradycj\u0119. Zosta\u0142o og\u0142oszone w 2001 roku z inicjatywy Polskiej Izby Ksi\u0105\u017cki. Patronk\u0105 wydarzenia jest autorka ksi\u0105\u017cek dla dzieci i m\u0142odzie\u017cy \u2212 Janina Porazi\u0144ska, kt\u00f3ra urodzi\u0142a si\u0119 29 wrze\u015bnia 1882 r.<\/p>\n","protected":false},"excerpt":{"rendered":"<p>W najbli\u017cszy poniedzia\u0142ek zapraszamy do naszej biblioteki na spotkanie z autork\u0105 ksi\u0105\u017cki pt.: &#8222;Bajki pani Bo\u017cenki&#8221;, zorganizowane z okazji Og\u00f3lnopolskiego Dnia G\u0142o\u015bnego Czytania. \u015awi\u0119to to ma w naszym kraju ponad 20-letni\u0105 tradycj\u0119. Zosta\u0142o og\u0142oszone w 2001 roku z inicjatywy Polskiej Izby Ksi\u0105\u017cki. Patronk\u0105 wydarzenia jest autorka ksi\u0105\u017cek dla dzieci i m\u0142odzie\u017cy \u2212 Janina Porazi\u0144ska, kt\u00f3ra [&hellip;]<\/p>\n","protected":false},"author":1,"featured_media":755,"comment_status":"closed","ping_status":"","sticky":false,"template":"","format":"standard","meta":{"zakra_page_container_layout":"customizer","zakra_page_sidebar_layout":"customizer","zakra_remove_content_margin":false,"zakra_sidebar":"customizer","zakra_transparent_header":"customizer","zakra_logo":0,"zakra_main_header_style":"default","zakra_menu_item_color":"","zakra_menu_item_hover_color":"","zakra_menu_item_active_color":"","zakra_menu_active_style":"","zakra_page_header":true,"footnotes":"","_links_to":"","_links_to_target":""},"categories":[4],"tags":[],"class_list":["post-754","post","type-post","status-publish","format-standard","has-post-thumbnail","hentry","category-aktualnosci-2024"],"_links":{"self":[{"href":"https:\/\/biblioteka.sulejow.pl\/index.php?rest_route=\/wp\/v2\/posts\/754","targetHints":{"allow":["GET"]}}],"collection":[{"href":"https:\/\/biblioteka.sulejow.pl\/index.php?rest_route=\/wp\/v2\/posts"}],"about":[{"href":"https:\/\/biblioteka.sulejow.pl\/index.php?rest_route=\/wp\/v2\/types\/post"}],"author":[{"embeddable":true,"href":"https:\/\/biblioteka.sulejow.pl\/index.php?rest_route=\/wp\/v2\/users\/1"}],"replies":[{"embeddable":true,"href":"https:\/\/biblioteka.sulejow.pl\/index.php?rest_route=%2Fwp%2Fv2%2Fcomments&post=754"}],"version-history":[{"count":1,"href":"https:\/\/biblioteka.sulejow.pl\/index.php?rest_route=\/wp\/v2\/posts\/754\/revisions"}],"predecessor-version":[{"id":756,"href":"https:\/\/biblioteka.sulejow.pl\/index.php?rest_route=\/wp\/v2\/posts\/754\/revisions\/756"}],"wp:featuredmedia":[{"embeddable":true,"href":"https:\/\/biblioteka.sulejow.pl\/index.php?rest_route=\/wp\/v2\/media\/755"}],"wp:attachment":[{"href":"https:\/\/biblioteka.sulejow.pl\/index.php?rest_route=%2Fwp%2Fv2%2Fmedia&parent=754"}],"wp:term":[{"taxonomy":"category","embeddable":true,"href":"https:\/\/biblioteka.sulejow.pl\/index.php?rest_route=%2Fwp%2Fv2%2Fcategories&post=754"},{"taxonomy":"post_tag","embeddable":true,"href":"https:\/\/biblioteka.sulejow.pl\/index.php?rest_route=%2Fwp%2Fv2%2Ftags&post=754"}],"curies":[{"name":"wp","href":"https:\/\/api.w.org\/{rel}","templated":true}]}}