{"id":757,"date":"2024-09-29T19:15:08","date_gmt":"2024-09-29T19:15:08","guid":{"rendered":"https:\/\/biblioteka.sulejow.pl\/?p=757"},"modified":"2024-09-29T19:15:08","modified_gmt":"2024-09-29T19:15:08","slug":"ogolnopolski-dzien-glosnego-czytania","status":"publish","type":"post","link":"https:\/\/biblioteka.sulejow.pl\/?p=757","title":{"rendered":"Og\u00f3lnopolski Dzie\u0144 G\u0142o\u015bnego Czytania"},"content":{"rendered":"\n<p>29 wrze\u015bnia obchodzimy Og\u00f3lnopolski Dzie\u0144 G\u0142o\u015bnego Czytania \u2013 \u015bwi\u0119to, kt\u00f3re ma na celu promocj\u0119 czytelnictwa i zach\u0119cenie zar\u00f3wno dzieci, jak i doros\u0142ych do wsp\u00f3lnego si\u0119gania po ksi\u0105\u017cki. Czytanie dzieciom na g\u0142os stymuluje ich rozw\u00f3j, wzbogaca s\u0142ownictwo i pobudza wyobra\u017ani\u0119. Celebruj\u0105c ten dzie\u0144, bibliotekarz Filii Bibliotecznej w Przyg\u0142owie odwiedzi\u0142 grup\u0119 4-latk\u00f3w w Samorz\u0105dowym Przedszkolu w w\/w miejscowo\u015bci i przeczyta\u0142 im bajk\u0119 pt. \u201eNiesforna bu\u0142eczka\u201d. Grupa \u201eMisi\u00f3w\u201d z du\u017c\u0105 uwag\u0105 wys\u0142ucha\u0142a opowie\u015bci i przyst\u0105pi\u0142a do uzupe\u0142nienia plakatu przedstawiaj\u0105cego g\u0142\u00f3wn\u0105 bohaterk\u0119. Podczas spotkania bibliotekarz zach\u0119ca\u0142 dzieci do zapisania si\u0119 do biblioteki, promuj\u0105c projekt \u201eMa\u0142a ksi\u0105\u017cka, wielki cz\u0142owiek\u201d. A \u017ce warto korzysta\u0107 z zasob\u00f3w zgromadzonych w ksi\u0105\u017cnicy, przedstawi\u0142 przedszkolakom bogat\u0105 ofert\u0119 czytelnicz\u0105. Dzieci z zainteresowaniem ogl\u0105da\u0142y dzieci\u0119cy ksi\u0119gozbi\u00f3r. W podzi\u0119kowaniu wychowankowie przedszkola otrzymali skromny upominek.<\/p>\n\n\n\n<figure class=\"wp-block-gallery has-nested-images columns-default is-cropped wp-block-gallery-1 is-layout-flex wp-block-gallery-is-layout-flex\">\n<figure class=\"wp-block-image size-large\"><a href=\"https:\/\/biblioteka.sulejow.pl\/wpmbps\/wp-content\/uploads\/2024\/09\/1A.-Bibliotekarz-czytajacy-dzieciom-bajke.jpg\"><img loading=\"lazy\" decoding=\"async\" width=\"1024\" height=\"768\" data-id=\"761\" src=\"https:\/\/biblioteka.sulejow.pl\/wpmbps\/wp-content\/uploads\/2024\/09\/1A.-Bibliotekarz-czytajacy-dzieciom-bajke.jpg\" alt=\"\" class=\"wp-image-761\" srcset=\"https:\/\/biblioteka.sulejow.pl\/wpmbps\/wp-content\/uploads\/2024\/09\/1A.-Bibliotekarz-czytajacy-dzieciom-bajke.jpg 1024w, https:\/\/biblioteka.sulejow.pl\/wpmbps\/wp-content\/uploads\/2024\/09\/1A.-Bibliotekarz-czytajacy-dzieciom-bajke-300x225.jpg 300w, https:\/\/biblioteka.sulejow.pl\/wpmbps\/wp-content\/uploads\/2024\/09\/1A.-Bibliotekarz-czytajacy-dzieciom-bajke-768x576.jpg 768w\" sizes=\"auto, (max-width: 1024px) 100vw, 1024px\" \/><\/a><\/figure>\n\n\n\n<figure class=\"wp-block-image size-large\"><a href=\"https:\/\/biblioteka.sulejow.pl\/wpmbps\/wp-content\/uploads\/2024\/09\/2A.-Bibliotekarz-uzupelniajacy-z-dziecmi-plakat.jpg\"><img loading=\"lazy\" decoding=\"async\" width=\"1024\" height=\"768\" data-id=\"763\" src=\"https:\/\/biblioteka.sulejow.pl\/wpmbps\/wp-content\/uploads\/2024\/09\/2A.-Bibliotekarz-uzupelniajacy-z-dziecmi-plakat.jpg\" alt=\"\" class=\"wp-image-763\" srcset=\"https:\/\/biblioteka.sulejow.pl\/wpmbps\/wp-content\/uploads\/2024\/09\/2A.-Bibliotekarz-uzupelniajacy-z-dziecmi-plakat.jpg 1024w, https:\/\/biblioteka.sulejow.pl\/wpmbps\/wp-content\/uploads\/2024\/09\/2A.-Bibliotekarz-uzupelniajacy-z-dziecmi-plakat-300x225.jpg 300w, https:\/\/biblioteka.sulejow.pl\/wpmbps\/wp-content\/uploads\/2024\/09\/2A.-Bibliotekarz-uzupelniajacy-z-dziecmi-plakat-768x576.jpg 768w\" sizes=\"auto, (max-width: 1024px) 100vw, 1024px\" \/><\/a><\/figure>\n\n\n\n<figure class=\"wp-block-image size-large\"><a href=\"https:\/\/biblioteka.sulejow.pl\/wpmbps\/wp-content\/uploads\/2024\/09\/3A.-Bibliotekarz-promuje-projekt-czytelniczy.jpg\"><img loading=\"lazy\" decoding=\"async\" width=\"1024\" height=\"768\" data-id=\"759\" src=\"https:\/\/biblioteka.sulejow.pl\/wpmbps\/wp-content\/uploads\/2024\/09\/3A.-Bibliotekarz-promuje-projekt-czytelniczy.jpg\" alt=\"\" class=\"wp-image-759\" srcset=\"https:\/\/biblioteka.sulejow.pl\/wpmbps\/wp-content\/uploads\/2024\/09\/3A.-Bibliotekarz-promuje-projekt-czytelniczy.jpg 1024w, https:\/\/biblioteka.sulejow.pl\/wpmbps\/wp-content\/uploads\/2024\/09\/3A.-Bibliotekarz-promuje-projekt-czytelniczy-300x225.jpg 300w, https:\/\/biblioteka.sulejow.pl\/wpmbps\/wp-content\/uploads\/2024\/09\/3A.-Bibliotekarz-promuje-projekt-czytelniczy-768x576.jpg 768w\" sizes=\"auto, (max-width: 1024px) 100vw, 1024px\" \/><\/a><\/figure>\n\n\n\n<figure class=\"wp-block-image size-large\"><a href=\"https:\/\/biblioteka.sulejow.pl\/wpmbps\/wp-content\/uploads\/2024\/09\/4A.-Dzieci-ogladajace-ksiazki.jpg\"><img loading=\"lazy\" decoding=\"async\" width=\"1024\" height=\"768\" data-id=\"762\" src=\"https:\/\/biblioteka.sulejow.pl\/wpmbps\/wp-content\/uploads\/2024\/09\/4A.-Dzieci-ogladajace-ksiazki.jpg\" alt=\"\" class=\"wp-image-762\" srcset=\"https:\/\/biblioteka.sulejow.pl\/wpmbps\/wp-content\/uploads\/2024\/09\/4A.-Dzieci-ogladajace-ksiazki.jpg 1024w, https:\/\/biblioteka.sulejow.pl\/wpmbps\/wp-content\/uploads\/2024\/09\/4A.-Dzieci-ogladajace-ksiazki-300x225.jpg 300w, https:\/\/biblioteka.sulejow.pl\/wpmbps\/wp-content\/uploads\/2024\/09\/4A.-Dzieci-ogladajace-ksiazki-768x576.jpg 768w\" sizes=\"auto, (max-width: 1024px) 100vw, 1024px\" \/><\/a><\/figure>\n\n\n\n<figure class=\"wp-block-image size-large\"><a href=\"https:\/\/biblioteka.sulejow.pl\/wpmbps\/wp-content\/uploads\/2024\/09\/5A.-Zdjecie-grupowe-przedszkolakow-z-bibliotekarzem.jpg\"><img loading=\"lazy\" decoding=\"async\" width=\"1024\" height=\"768\" data-id=\"760\" src=\"https:\/\/biblioteka.sulejow.pl\/wpmbps\/wp-content\/uploads\/2024\/09\/5A.-Zdjecie-grupowe-przedszkolakow-z-bibliotekarzem.jpg\" alt=\"\" class=\"wp-image-760\" srcset=\"https:\/\/biblioteka.sulejow.pl\/wpmbps\/wp-content\/uploads\/2024\/09\/5A.-Zdjecie-grupowe-przedszkolakow-z-bibliotekarzem.jpg 1024w, https:\/\/biblioteka.sulejow.pl\/wpmbps\/wp-content\/uploads\/2024\/09\/5A.-Zdjecie-grupowe-przedszkolakow-z-bibliotekarzem-300x225.jpg 300w, https:\/\/biblioteka.sulejow.pl\/wpmbps\/wp-content\/uploads\/2024\/09\/5A.-Zdjecie-grupowe-przedszkolakow-z-bibliotekarzem-768x576.jpg 768w\" sizes=\"auto, (max-width: 1024px) 100vw, 1024px\" \/><\/a><\/figure>\n\n\n\n<figure class=\"wp-block-image size-large\"><a href=\"https:\/\/biblioteka.sulejow.pl\/wpmbps\/wp-content\/uploads\/2024\/09\/6A.-Plakat-tematyczny.jpg\"><img loading=\"lazy\" decoding=\"async\" width=\"1024\" height=\"768\" data-id=\"758\" src=\"https:\/\/biblioteka.sulejow.pl\/wpmbps\/wp-content\/uploads\/2024\/09\/6A.-Plakat-tematyczny.jpg\" alt=\"\" class=\"wp-image-758\" srcset=\"https:\/\/biblioteka.sulejow.pl\/wpmbps\/wp-content\/uploads\/2024\/09\/6A.-Plakat-tematyczny.jpg 1024w, https:\/\/biblioteka.sulejow.pl\/wpmbps\/wp-content\/uploads\/2024\/09\/6A.-Plakat-tematyczny-300x225.jpg 300w, https:\/\/biblioteka.sulejow.pl\/wpmbps\/wp-content\/uploads\/2024\/09\/6A.-Plakat-tematyczny-768x576.jpg 768w\" sizes=\"auto, (max-width: 1024px) 100vw, 1024px\" \/><\/a><\/figure>\n<\/figure>\n","protected":false},"excerpt":{"rendered":"<p>29 wrze\u015bnia obchodzimy Og\u00f3lnopolski Dzie\u0144 G\u0142o\u015bnego Czytania \u2013 \u015bwi\u0119to, kt\u00f3re ma na celu promocj\u0119 czytelnictwa i zach\u0119cenie zar\u00f3wno dzieci, jak i doros\u0142ych do wsp\u00f3lnego si\u0119gania po ksi\u0105\u017cki. Czytanie dzieciom na g\u0142os stymuluje ich rozw\u00f3j, wzbogaca s\u0142ownictwo i pobudza wyobra\u017ani\u0119. Celebruj\u0105c ten dzie\u0144, bibliotekarz Filii Bibliotecznej w Przyg\u0142owie odwiedzi\u0142 grup\u0119 4-latk\u00f3w w Samorz\u0105dowym Przedszkolu w w\/w [&hellip;]<\/p>\n","protected":false},"author":1,"featured_media":0,"comment_status":"closed","ping_status":"","sticky":false,"template":"","format":"standard","meta":{"zakra_page_container_layout":"customizer","zakra_page_sidebar_layout":"customizer","zakra_remove_content_margin":false,"zakra_sidebar":"customizer","zakra_transparent_header":"customizer","zakra_logo":0,"zakra_main_header_style":"default","zakra_menu_item_color":"","zakra_menu_item_hover_color":"","zakra_menu_item_active_color":"","zakra_menu_active_style":"","zakra_page_header":true,"footnotes":"","_links_to":"","_links_to_target":""},"categories":[4],"tags":[],"class_list":["post-757","post","type-post","status-publish","format-standard","hentry","category-aktualnosci-2024"],"_links":{"self":[{"href":"https:\/\/biblioteka.sulejow.pl\/index.php?rest_route=\/wp\/v2\/posts\/757","targetHints":{"allow":["GET"]}}],"collection":[{"href":"https:\/\/biblioteka.sulejow.pl\/index.php?rest_route=\/wp\/v2\/posts"}],"about":[{"href":"https:\/\/biblioteka.sulejow.pl\/index.php?rest_route=\/wp\/v2\/types\/post"}],"author":[{"embeddable":true,"href":"https:\/\/biblioteka.sulejow.pl\/index.php?rest_route=\/wp\/v2\/users\/1"}],"replies":[{"embeddable":true,"href":"https:\/\/biblioteka.sulejow.pl\/index.php?rest_route=%2Fwp%2Fv2%2Fcomments&post=757"}],"version-history":[{"count":1,"href":"https:\/\/biblioteka.sulejow.pl\/index.php?rest_route=\/wp\/v2\/posts\/757\/revisions"}],"predecessor-version":[{"id":764,"href":"https:\/\/biblioteka.sulejow.pl\/index.php?rest_route=\/wp\/v2\/posts\/757\/revisions\/764"}],"wp:attachment":[{"href":"https:\/\/biblioteka.sulejow.pl\/index.php?rest_route=%2Fwp%2Fv2%2Fmedia&parent=757"}],"wp:term":[{"taxonomy":"category","embeddable":true,"href":"https:\/\/biblioteka.sulejow.pl\/index.php?rest_route=%2Fwp%2Fv2%2Fcategories&post=757"},{"taxonomy":"post_tag","embeddable":true,"href":"https:\/\/biblioteka.sulejow.pl\/index.php?rest_route=%2Fwp%2Fv2%2Ftags&post=757"}],"curies":[{"name":"wp","href":"https:\/\/api.w.org\/{rel}","templated":true}]}}