{"id":765,"date":"2024-09-29T19:17:48","date_gmt":"2024-09-29T19:17:48","guid":{"rendered":"https:\/\/biblioteka.sulejow.pl\/?p=765"},"modified":"2024-09-29T19:17:48","modified_gmt":"2024-09-29T19:17:48","slug":"ogolnopolski-dzien-przedszkolaka","status":"publish","type":"post","link":"https:\/\/biblioteka.sulejow.pl\/?p=765","title":{"rendered":"Og\u00f3lnopolski Dzie\u0144 Przedszkolaka"},"content":{"rendered":"\n<p>20 wrze\u015bnia \u2013 to wa\u017cny dzie\u0144 dla wszystkich przedszkolak\u00f3w, bowiem tego dnia obchodzony jest Og\u00f3lnopolski Dzie\u0144 Przedszkolaka. Dlatego te\u017c bibliotekarz Filii Bibliotecznej w Przyg\u0142owie wybra\u0142 si\u0119 z wizyt\u0105 do grupy sze\u015bciolatk\u00f3w Niepublicznego Przedszkola \u201eU\u015bmiech Dziecka\u201d we W\u0142odzimierzowie. Chc\u0105c uczci\u0107 ten wyj\u0105tkowy dzie\u0144, przeczyta\u0142 wychowankom przedszkola opowie\u015bci o nich samych, korzystaj\u0105c z lektury: \u201eWierszyki dla dzieci: Przedszkolaki rozrabiaki\u201d i \u201eBajki dla dzieci: Weso\u0142e przedszkolaki\u201d. Nast\u0119pnie dzieci uzupe\u0142ni\u0142y przygotowany przez bibliotekarza tematyczny plakat, kt\u00f3ry zosta\u0142 wyeksponowany w ksi\u0105\u017cnicy. \u017byczenia i skromny upominek by\u0142y zwie\u0144czeniem spotkania, a promocja projektu \u201eMa\u0142a ksi\u0105\u017cka, wielki cz\u0142owiek\u201d zach\u0119t\u0105 do zapisania si\u0119 do biblioteki i korzystania z literatury dzieci\u0119cej.<\/p>\n\n\n\n<figure class=\"wp-block-gallery has-nested-images columns-default is-cropped wp-block-gallery-1 is-layout-flex wp-block-gallery-is-layout-flex\">\n<figure class=\"wp-block-image size-large\"><a href=\"https:\/\/biblioteka.sulejow.pl\/wpmbps\/wp-content\/uploads\/2024\/09\/4a.-Chlopiec-uzupelniajacy-plakat.jpg\"><img loading=\"lazy\" decoding=\"async\" width=\"1024\" height=\"768\" data-id=\"767\" src=\"https:\/\/biblioteka.sulejow.pl\/wpmbps\/wp-content\/uploads\/2024\/09\/4a.-Chlopiec-uzupelniajacy-plakat.jpg\" alt=\"\" class=\"wp-image-767\" srcset=\"https:\/\/biblioteka.sulejow.pl\/wpmbps\/wp-content\/uploads\/2024\/09\/4a.-Chlopiec-uzupelniajacy-plakat.jpg 1024w, https:\/\/biblioteka.sulejow.pl\/wpmbps\/wp-content\/uploads\/2024\/09\/4a.-Chlopiec-uzupelniajacy-plakat-300x225.jpg 300w, https:\/\/biblioteka.sulejow.pl\/wpmbps\/wp-content\/uploads\/2024\/09\/4a.-Chlopiec-uzupelniajacy-plakat-768x576.jpg 768w\" sizes=\"auto, (max-width: 1024px) 100vw, 1024px\" \/><\/a><\/figure>\n\n\n\n<figure class=\"wp-block-image size-large\"><a href=\"https:\/\/biblioteka.sulejow.pl\/wpmbps\/wp-content\/uploads\/2024\/09\/5a.-Zdjecie-grupowe-przedszkolakow-z-bibliotekarzem-1.jpg\"><img loading=\"lazy\" decoding=\"async\" width=\"1024\" height=\"768\" data-id=\"771\" src=\"https:\/\/biblioteka.sulejow.pl\/wpmbps\/wp-content\/uploads\/2024\/09\/5a.-Zdjecie-grupowe-przedszkolakow-z-bibliotekarzem-1.jpg\" alt=\"\" class=\"wp-image-771\" srcset=\"https:\/\/biblioteka.sulejow.pl\/wpmbps\/wp-content\/uploads\/2024\/09\/5a.-Zdjecie-grupowe-przedszkolakow-z-bibliotekarzem-1.jpg 1024w, https:\/\/biblioteka.sulejow.pl\/wpmbps\/wp-content\/uploads\/2024\/09\/5a.-Zdjecie-grupowe-przedszkolakow-z-bibliotekarzem-1-300x225.jpg 300w, https:\/\/biblioteka.sulejow.pl\/wpmbps\/wp-content\/uploads\/2024\/09\/5a.-Zdjecie-grupowe-przedszkolakow-z-bibliotekarzem-1-768x576.jpg 768w\" sizes=\"auto, (max-width: 1024px) 100vw, 1024px\" \/><\/a><\/figure>\n\n\n\n<figure class=\"wp-block-image size-large\"><a href=\"https:\/\/biblioteka.sulejow.pl\/wpmbps\/wp-content\/uploads\/2024\/09\/6a.-Plakat-tematyczny-1.jpg\"><img loading=\"lazy\" decoding=\"async\" width=\"1024\" height=\"768\" data-id=\"766\" src=\"https:\/\/biblioteka.sulejow.pl\/wpmbps\/wp-content\/uploads\/2024\/09\/6a.-Plakat-tematyczny-1.jpg\" alt=\"\" class=\"wp-image-766\" srcset=\"https:\/\/biblioteka.sulejow.pl\/wpmbps\/wp-content\/uploads\/2024\/09\/6a.-Plakat-tematyczny-1.jpg 1024w, https:\/\/biblioteka.sulejow.pl\/wpmbps\/wp-content\/uploads\/2024\/09\/6a.-Plakat-tematyczny-1-300x225.jpg 300w, https:\/\/biblioteka.sulejow.pl\/wpmbps\/wp-content\/uploads\/2024\/09\/6a.-Plakat-tematyczny-1-768x576.jpg 768w\" sizes=\"auto, (max-width: 1024px) 100vw, 1024px\" \/><\/a><\/figure>\n\n\n\n<figure class=\"wp-block-image size-large\"><a href=\"https:\/\/biblioteka.sulejow.pl\/wpmbps\/wp-content\/uploads\/2024\/09\/1a.-Bibliotekarz-wprowadza-dzieci-w-tematyke-spotkania.jpg\"><img loading=\"lazy\" decoding=\"async\" width=\"1024\" height=\"768\" data-id=\"770\" src=\"https:\/\/biblioteka.sulejow.pl\/wpmbps\/wp-content\/uploads\/2024\/09\/1a.-Bibliotekarz-wprowadza-dzieci-w-tematyke-spotkania.jpg\" alt=\"\" class=\"wp-image-770\" srcset=\"https:\/\/biblioteka.sulejow.pl\/wpmbps\/wp-content\/uploads\/2024\/09\/1a.-Bibliotekarz-wprowadza-dzieci-w-tematyke-spotkania.jpg 1024w, https:\/\/biblioteka.sulejow.pl\/wpmbps\/wp-content\/uploads\/2024\/09\/1a.-Bibliotekarz-wprowadza-dzieci-w-tematyke-spotkania-300x225.jpg 300w, https:\/\/biblioteka.sulejow.pl\/wpmbps\/wp-content\/uploads\/2024\/09\/1a.-Bibliotekarz-wprowadza-dzieci-w-tematyke-spotkania-768x576.jpg 768w\" sizes=\"auto, (max-width: 1024px) 100vw, 1024px\" \/><\/a><\/figure>\n\n\n\n<figure class=\"wp-block-image size-large\"><a href=\"https:\/\/biblioteka.sulejow.pl\/wpmbps\/wp-content\/uploads\/2024\/09\/2a.-Bibliotekarz-objasnia-zadanie.jpg\"><img loading=\"lazy\" decoding=\"async\" width=\"1024\" height=\"768\" data-id=\"769\" src=\"https:\/\/biblioteka.sulejow.pl\/wpmbps\/wp-content\/uploads\/2024\/09\/2a.-Bibliotekarz-objasnia-zadanie.jpg\" alt=\"\" class=\"wp-image-769\" srcset=\"https:\/\/biblioteka.sulejow.pl\/wpmbps\/wp-content\/uploads\/2024\/09\/2a.-Bibliotekarz-objasnia-zadanie.jpg 1024w, https:\/\/biblioteka.sulejow.pl\/wpmbps\/wp-content\/uploads\/2024\/09\/2a.-Bibliotekarz-objasnia-zadanie-300x225.jpg 300w, https:\/\/biblioteka.sulejow.pl\/wpmbps\/wp-content\/uploads\/2024\/09\/2a.-Bibliotekarz-objasnia-zadanie-768x576.jpg 768w\" sizes=\"auto, (max-width: 1024px) 100vw, 1024px\" \/><\/a><\/figure>\n\n\n\n<figure class=\"wp-block-image size-large\"><a href=\"https:\/\/biblioteka.sulejow.pl\/wpmbps\/wp-content\/uploads\/2024\/09\/3a.-Chlopiec-uzupelniajacy-plakat.jpg\"><img loading=\"lazy\" decoding=\"async\" width=\"1024\" height=\"768\" data-id=\"768\" src=\"https:\/\/biblioteka.sulejow.pl\/wpmbps\/wp-content\/uploads\/2024\/09\/3a.-Chlopiec-uzupelniajacy-plakat.jpg\" alt=\"\" class=\"wp-image-768\" srcset=\"https:\/\/biblioteka.sulejow.pl\/wpmbps\/wp-content\/uploads\/2024\/09\/3a.-Chlopiec-uzupelniajacy-plakat.jpg 1024w, https:\/\/biblioteka.sulejow.pl\/wpmbps\/wp-content\/uploads\/2024\/09\/3a.-Chlopiec-uzupelniajacy-plakat-300x225.jpg 300w, https:\/\/biblioteka.sulejow.pl\/wpmbps\/wp-content\/uploads\/2024\/09\/3a.-Chlopiec-uzupelniajacy-plakat-768x576.jpg 768w\" sizes=\"auto, (max-width: 1024px) 100vw, 1024px\" \/><\/a><\/figure>\n<\/figure>\n","protected":false},"excerpt":{"rendered":"<p>20 wrze\u015bnia \u2013 to wa\u017cny dzie\u0144 dla wszystkich przedszkolak\u00f3w, bowiem tego dnia obchodzony jest Og\u00f3lnopolski Dzie\u0144 Przedszkolaka. Dlatego te\u017c bibliotekarz Filii Bibliotecznej w Przyg\u0142owie wybra\u0142 si\u0119 z wizyt\u0105 do grupy sze\u015bciolatk\u00f3w Niepublicznego Przedszkola \u201eU\u015bmiech Dziecka\u201d we W\u0142odzimierzowie. Chc\u0105c uczci\u0107 ten wyj\u0105tkowy dzie\u0144, przeczyta\u0142 wychowankom przedszkola opowie\u015bci o nich samych, korzystaj\u0105c z lektury: \u201eWierszyki dla dzieci: [&hellip;]<\/p>\n","protected":false},"author":1,"featured_media":0,"comment_status":"closed","ping_status":"","sticky":false,"template":"","format":"standard","meta":{"zakra_page_container_layout":"customizer","zakra_page_sidebar_layout":"customizer","zakra_remove_content_margin":false,"zakra_sidebar":"customizer","zakra_transparent_header":"customizer","zakra_logo":0,"zakra_main_header_style":"default","zakra_menu_item_color":"","zakra_menu_item_hover_color":"","zakra_menu_item_active_color":"","zakra_menu_active_style":"","zakra_page_header":true,"footnotes":"","_links_to":"","_links_to_target":""},"categories":[4],"tags":[],"class_list":["post-765","post","type-post","status-publish","format-standard","hentry","category-aktualnosci-2024"],"_links":{"self":[{"href":"https:\/\/biblioteka.sulejow.pl\/index.php?rest_route=\/wp\/v2\/posts\/765","targetHints":{"allow":["GET"]}}],"collection":[{"href":"https:\/\/biblioteka.sulejow.pl\/index.php?rest_route=\/wp\/v2\/posts"}],"about":[{"href":"https:\/\/biblioteka.sulejow.pl\/index.php?rest_route=\/wp\/v2\/types\/post"}],"author":[{"embeddable":true,"href":"https:\/\/biblioteka.sulejow.pl\/index.php?rest_route=\/wp\/v2\/users\/1"}],"replies":[{"embeddable":true,"href":"https:\/\/biblioteka.sulejow.pl\/index.php?rest_route=%2Fwp%2Fv2%2Fcomments&post=765"}],"version-history":[{"count":1,"href":"https:\/\/biblioteka.sulejow.pl\/index.php?rest_route=\/wp\/v2\/posts\/765\/revisions"}],"predecessor-version":[{"id":772,"href":"https:\/\/biblioteka.sulejow.pl\/index.php?rest_route=\/wp\/v2\/posts\/765\/revisions\/772"}],"wp:attachment":[{"href":"https:\/\/biblioteka.sulejow.pl\/index.php?rest_route=%2Fwp%2Fv2%2Fmedia&parent=765"}],"wp:term":[{"taxonomy":"category","embeddable":true,"href":"https:\/\/biblioteka.sulejow.pl\/index.php?rest_route=%2Fwp%2Fv2%2Fcategories&post=765"},{"taxonomy":"post_tag","embeddable":true,"href":"https:\/\/biblioteka.sulejow.pl\/index.php?rest_route=%2Fwp%2Fv2%2Ftags&post=765"}],"curies":[{"name":"wp","href":"https:\/\/api.w.org\/{rel}","templated":true}]}}