{"id":773,"date":"2024-10-03T18:20:17","date_gmt":"2024-10-03T18:20:17","guid":{"rendered":"https:\/\/biblioteka.sulejow.pl\/?p=773"},"modified":"2024-10-03T18:20:17","modified_gmt":"2024-10-03T18:20:17","slug":"ogolnopolski-dzien-glosnego-czytania-2","status":"publish","type":"post","link":"https:\/\/biblioteka.sulejow.pl\/?p=773","title":{"rendered":"Og\u00f3lnopolski Dzie\u0144 G\u0142o\u015bnego Czytania"},"content":{"rendered":"\n<p>Go\u015bciem spotkania zorganizowanego z okazji Og\u00f3lnopolskiego Dnia G\u0142o\u015bnego Czytania w Miejskiej Bibliotece Publicznej w Sulejowie by\u0142a Pani Bo\u017cena Delewska -autorka ksi\u0105\u017cki pt.: \u201eBajki pani Bo\u017cenki&#8221;, kt\u00f3ra opowiedzia\u0142a naszym dzieciom o tym jak powstawa\u0142a jej ksi\u0105\u017cka oraz sk\u0105d czerpie inspiracje do pisania kolejnych bajek dla dzieci. Jak wyzna\u0142a pisarka &#8211; cz\u0119sto inspiruje j\u0105 przyroda oraz \u015bwiat zwierz\u0105t i to w\u0142a\u015bnie zwierz\u0119ta s\u0105 g\u0142\u00f3wnie bohaterami jej opowiada\u0144. Dzieci z wielkim zainteresowaniem wys\u0142ucha\u0142y bajek Pani Bo\u017cenki, kt\u00f3ra zaproponowa\u0142a im niezwykle anga\u017cuj\u0105c\u0105 oraz integruj\u0105c\u0105 zabaw\u0119- czyli wsp\u00f3lne napisanie bajki. Pomys\u0142\u00f3w by\u0142o bez liku. Uczestnicy spotkania dowiedzieli si\u0119 r\u00f3wnie\u017c, jaka jest droga od pomys\u0142u do powstania ksi\u0105\u017cki, co to jest biblioteka i jak nale\u017cy si\u0119 w niej zachowywa\u0107, a tak\u017ce poznali piosenk\u0119 promuj\u0105c\u0105 akcj\u0119 \u201eCa\u0142a Polska czyta dzieciom\u201d.<\/p>\n\n\n\n<p>Spotkanie autorskie odby\u0142o si\u0119 w ramach obchod\u00f3w Og\u00f3lnopolskiego Dnia G\u0142o\u015bnego Czytania oraz kampanii spo\u0142ecznej \u201eCa\u0142a Polska czyta dzieciom\u201d. Nadrz\u0119dnym celem akcji jest promowanie czytelnictwa w\u015br\u00f3d dzieci i m\u0142odzie\u017cy.<\/p>\n\n\n\n<p>Czytanie na g\u0142os dzieciom od wczesnego dzieci\u0144stwa wzbogaca s\u0142ownictwo i wyobra\u017ani\u0119, rozwija zdolno\u015b\u0107 koncentracji oraz ch\u0119\u0107 poznawania \u015bwiata. Bardzo cenny jest te\u017c czas po\u015bwi\u0119cony na czytanie dziecku, w czasie kt\u00f3rego umacniaj\u0105 si\u0119 wi\u0119zi rodzinne. Starajmy si\u0119 celebrowa\u0107 to \u015bwi\u0119to codziennie!<\/p>\n\n\n\n<figure class=\"wp-block-gallery has-nested-images columns-default is-cropped wp-block-gallery-1 is-layout-flex wp-block-gallery-is-layout-flex\">\n<figure class=\"wp-block-image size-large\"><a href=\"https:\/\/biblioteka.sulejow.pl\/wpmbps\/wp-content\/uploads\/2024\/10\/1.-Pisarka-opowiada-o-tworzeniu-bajek.jpg\"><img loading=\"lazy\" decoding=\"async\" width=\"768\" height=\"913\" data-id=\"776\" src=\"https:\/\/biblioteka.sulejow.pl\/wpmbps\/wp-content\/uploads\/2024\/10\/1.-Pisarka-opowiada-o-tworzeniu-bajek.jpg\" alt=\"\" class=\"wp-image-776\" srcset=\"https:\/\/biblioteka.sulejow.pl\/wpmbps\/wp-content\/uploads\/2024\/10\/1.-Pisarka-opowiada-o-tworzeniu-bajek.jpg 768w, https:\/\/biblioteka.sulejow.pl\/wpmbps\/wp-content\/uploads\/2024\/10\/1.-Pisarka-opowiada-o-tworzeniu-bajek-252x300.jpg 252w\" sizes=\"auto, (max-width: 768px) 100vw, 768px\" \/><\/a><\/figure>\n\n\n\n<figure class=\"wp-block-image size-large\"><a href=\"https:\/\/biblioteka.sulejow.pl\/wpmbps\/wp-content\/uploads\/2024\/10\/2.-Uczestnicy-spotkania-poznaja-proces-tworzenia-ksiazek.jpg\"><img loading=\"lazy\" decoding=\"async\" width=\"1018\" height=\"768\" data-id=\"774\" src=\"https:\/\/biblioteka.sulejow.pl\/wpmbps\/wp-content\/uploads\/2024\/10\/2.-Uczestnicy-spotkania-poznaja-proces-tworzenia-ksiazek.jpg\" alt=\"\" class=\"wp-image-774\" srcset=\"https:\/\/biblioteka.sulejow.pl\/wpmbps\/wp-content\/uploads\/2024\/10\/2.-Uczestnicy-spotkania-poznaja-proces-tworzenia-ksiazek.jpg 1018w, https:\/\/biblioteka.sulejow.pl\/wpmbps\/wp-content\/uploads\/2024\/10\/2.-Uczestnicy-spotkania-poznaja-proces-tworzenia-ksiazek-300x226.jpg 300w, https:\/\/biblioteka.sulejow.pl\/wpmbps\/wp-content\/uploads\/2024\/10\/2.-Uczestnicy-spotkania-poznaja-proces-tworzenia-ksiazek-768x579.jpg 768w\" sizes=\"auto, (max-width: 1018px) 100vw, 1018px\" \/><\/a><\/figure>\n\n\n\n<figure class=\"wp-block-image size-large\"><a href=\"https:\/\/biblioteka.sulejow.pl\/wpmbps\/wp-content\/uploads\/2024\/10\/3-Pisarka-opowiada-o-swoich-bajkach.jpg\"><img loading=\"lazy\" decoding=\"async\" width=\"768\" height=\"1014\" data-id=\"777\" src=\"https:\/\/biblioteka.sulejow.pl\/wpmbps\/wp-content\/uploads\/2024\/10\/3-Pisarka-opowiada-o-swoich-bajkach.jpg\" alt=\"\" class=\"wp-image-777\" srcset=\"https:\/\/biblioteka.sulejow.pl\/wpmbps\/wp-content\/uploads\/2024\/10\/3-Pisarka-opowiada-o-swoich-bajkach.jpg 768w, https:\/\/biblioteka.sulejow.pl\/wpmbps\/wp-content\/uploads\/2024\/10\/3-Pisarka-opowiada-o-swoich-bajkach-227x300.jpg 227w\" sizes=\"auto, (max-width: 768px) 100vw, 768px\" \/><\/a><\/figure>\n\n\n\n<figure class=\"wp-block-image size-large\"><a href=\"https:\/\/biblioteka.sulejow.pl\/wpmbps\/wp-content\/uploads\/2024\/10\/4.-Uczestnicy-spotkania-czytaja-bajki-pisarki.jpg\"><img loading=\"lazy\" decoding=\"async\" width=\"732\" height=\"1024\" data-id=\"778\" src=\"https:\/\/biblioteka.sulejow.pl\/wpmbps\/wp-content\/uploads\/2024\/10\/4.-Uczestnicy-spotkania-czytaja-bajki-pisarki.jpg\" alt=\"\" class=\"wp-image-778\" srcset=\"https:\/\/biblioteka.sulejow.pl\/wpmbps\/wp-content\/uploads\/2024\/10\/4.-Uczestnicy-spotkania-czytaja-bajki-pisarki.jpg 732w, https:\/\/biblioteka.sulejow.pl\/wpmbps\/wp-content\/uploads\/2024\/10\/4.-Uczestnicy-spotkania-czytaja-bajki-pisarki-214x300.jpg 214w\" sizes=\"auto, (max-width: 732px) 100vw, 732px\" \/><\/a><\/figure>\n\n\n\n<figure class=\"wp-block-image size-large\"><a href=\"https:\/\/biblioteka.sulejow.pl\/wpmbps\/wp-content\/uploads\/2024\/10\/5.-Uczestnicy-spotkania-ogladaja-bajke-o-bibliotece.jpg\"><img loading=\"lazy\" decoding=\"async\" width=\"1024\" height=\"583\" data-id=\"775\" src=\"https:\/\/biblioteka.sulejow.pl\/wpmbps\/wp-content\/uploads\/2024\/10\/5.-Uczestnicy-spotkania-ogladaja-bajke-o-bibliotece.jpg\" alt=\"\" class=\"wp-image-775\" srcset=\"https:\/\/biblioteka.sulejow.pl\/wpmbps\/wp-content\/uploads\/2024\/10\/5.-Uczestnicy-spotkania-ogladaja-bajke-o-bibliotece.jpg 1024w, https:\/\/biblioteka.sulejow.pl\/wpmbps\/wp-content\/uploads\/2024\/10\/5.-Uczestnicy-spotkania-ogladaja-bajke-o-bibliotece-300x171.jpg 300w, https:\/\/biblioteka.sulejow.pl\/wpmbps\/wp-content\/uploads\/2024\/10\/5.-Uczestnicy-spotkania-ogladaja-bajke-o-bibliotece-768x437.jpg 768w\" sizes=\"auto, (max-width: 1024px) 100vw, 1024px\" \/><\/a><\/figure>\n<\/figure>\n","protected":false},"excerpt":{"rendered":"<p>Go\u015bciem spotkania zorganizowanego z okazji Og\u00f3lnopolskiego Dnia G\u0142o\u015bnego Czytania w Miejskiej Bibliotece Publicznej w Sulejowie by\u0142a Pani Bo\u017cena Delewska -autorka ksi\u0105\u017cki pt.: \u201eBajki pani Bo\u017cenki&#8221;, kt\u00f3ra opowiedzia\u0142a naszym dzieciom o tym jak powstawa\u0142a jej ksi\u0105\u017cka oraz sk\u0105d czerpie inspiracje do pisania kolejnych bajek dla dzieci. Jak wyzna\u0142a pisarka &#8211; cz\u0119sto inspiruje j\u0105 przyroda oraz \u015bwiat [&hellip;]<\/p>\n","protected":false},"author":1,"featured_media":0,"comment_status":"closed","ping_status":"","sticky":false,"template":"","format":"standard","meta":{"zakra_page_container_layout":"customizer","zakra_page_sidebar_layout":"customizer","zakra_remove_content_margin":false,"zakra_sidebar":"customizer","zakra_transparent_header":"customizer","zakra_logo":0,"zakra_main_header_style":"default","zakra_menu_item_color":"","zakra_menu_item_hover_color":"","zakra_menu_item_active_color":"","zakra_menu_active_style":"","zakra_page_header":true,"footnotes":"","_links_to":"","_links_to_target":""},"categories":[4],"tags":[],"class_list":["post-773","post","type-post","status-publish","format-standard","hentry","category-aktualnosci-2024"],"_links":{"self":[{"href":"https:\/\/biblioteka.sulejow.pl\/index.php?rest_route=\/wp\/v2\/posts\/773","targetHints":{"allow":["GET"]}}],"collection":[{"href":"https:\/\/biblioteka.sulejow.pl\/index.php?rest_route=\/wp\/v2\/posts"}],"about":[{"href":"https:\/\/biblioteka.sulejow.pl\/index.php?rest_route=\/wp\/v2\/types\/post"}],"author":[{"embeddable":true,"href":"https:\/\/biblioteka.sulejow.pl\/index.php?rest_route=\/wp\/v2\/users\/1"}],"replies":[{"embeddable":true,"href":"https:\/\/biblioteka.sulejow.pl\/index.php?rest_route=%2Fwp%2Fv2%2Fcomments&post=773"}],"version-history":[{"count":1,"href":"https:\/\/biblioteka.sulejow.pl\/index.php?rest_route=\/wp\/v2\/posts\/773\/revisions"}],"predecessor-version":[{"id":779,"href":"https:\/\/biblioteka.sulejow.pl\/index.php?rest_route=\/wp\/v2\/posts\/773\/revisions\/779"}],"wp:attachment":[{"href":"https:\/\/biblioteka.sulejow.pl\/index.php?rest_route=%2Fwp%2Fv2%2Fmedia&parent=773"}],"wp:term":[{"taxonomy":"category","embeddable":true,"href":"https:\/\/biblioteka.sulejow.pl\/index.php?rest_route=%2Fwp%2Fv2%2Fcategories&post=773"},{"taxonomy":"post_tag","embeddable":true,"href":"https:\/\/biblioteka.sulejow.pl\/index.php?rest_route=%2Fwp%2Fv2%2Ftags&post=773"}],"curies":[{"name":"wp","href":"https:\/\/api.w.org\/{rel}","templated":true}]}}