{"id":780,"date":"2024-10-06T19:54:06","date_gmt":"2024-10-06T19:54:06","guid":{"rendered":"https:\/\/biblioteka.sulejow.pl\/?p=780"},"modified":"2024-10-06T19:54:06","modified_gmt":"2024-10-06T19:54:06","slug":"biblioflix","status":"publish","type":"post","link":"https:\/\/biblioteka.sulejow.pl\/?p=780","title":{"rendered":"Biblioflix"},"content":{"rendered":"\n<p>Na dni 28 i 29 wrze\u015bnia bie\u017c\u0105cego roku przypad\u0142o \u015awi\u0119to Kina. Z tej okazji w Filii Bibliotecznej w Uszczynie zorganizowano akcj\u0119 czytelnicz\u0105 pod nazw\u0105 Biblioflix.<\/p>\n\n\n\n<p>Akcja ta ma na celu przypomnienie, osobom odwiedzaj\u0105cym bibliotek\u0119, \u017ce jest \u00a0mn\u00f3stwo ksi\u0105\u017cek, na podstawie kt\u00f3rych powsta\u0142o wiele hitowych film\u00f3w lub te\u017c seriali. Obie formy opowiadanej historii wsp\u00f3\u0142graj\u0105 ze sob\u0105. Ksi\u0105\u017cka mo\u017ce zach\u0119ci\u0107 do obejrzenia ekranizacji, a tak\u017ce odwrotnie, to film mo\u017ce sprawi\u0107, \u017ce si\u0119gniemy po ksi\u0105\u017ck\u0119. Jedno jest pewne, dobra historia zawsze si\u0119 obroni, niezale\u017cnie od tego, w jakiej formie j\u0105 poznamy. A poznaj\u0105c jej dwie wersje, pobudzimy nasz umys\u0142, by odpowiedzia\u0142 na pytanie, czy ksi\u0105\u017cka jest lepsza od ekranizacji?<\/p>\n\n\n\n<p>Zapraszamy do odwiedzin w bibliotece: wypo\u017cycz i czytaj offline!<\/p>\n\n\n\n<figure class=\"wp-block-gallery has-nested-images columns-default is-cropped wp-block-gallery-1 is-layout-flex wp-block-gallery-is-layout-flex\">\n<figure class=\"wp-block-image size-large\"><a href=\"https:\/\/biblioteka.sulejow.pl\/wpmbps\/wp-content\/uploads\/2024\/10\/Biblioflix_regal-z-ksiazkami-i-napisem-biblioflix.jpg\"><img loading=\"lazy\" decoding=\"async\" width=\"965\" height=\"768\" data-id=\"781\" src=\"https:\/\/biblioteka.sulejow.pl\/wpmbps\/wp-content\/uploads\/2024\/10\/Biblioflix_regal-z-ksiazkami-i-napisem-biblioflix.jpg\" alt=\"\" class=\"wp-image-781\" srcset=\"https:\/\/biblioteka.sulejow.pl\/wpmbps\/wp-content\/uploads\/2024\/10\/Biblioflix_regal-z-ksiazkami-i-napisem-biblioflix.jpg 965w, https:\/\/biblioteka.sulejow.pl\/wpmbps\/wp-content\/uploads\/2024\/10\/Biblioflix_regal-z-ksiazkami-i-napisem-biblioflix-300x239.jpg 300w, https:\/\/biblioteka.sulejow.pl\/wpmbps\/wp-content\/uploads\/2024\/10\/Biblioflix_regal-z-ksiazkami-i-napisem-biblioflix-768x611.jpg 768w\" sizes=\"auto, (max-width: 965px) 100vw, 965px\" \/><\/a><\/figure>\n\n\n\n<figure class=\"wp-block-image size-large\"><a href=\"https:\/\/biblioteka.sulejow.pl\/wpmbps\/wp-content\/uploads\/2024\/10\/Biblioflix_regal-z-ksiazkami-ktore-byly-zekranizowane.jpg\"><img loading=\"lazy\" decoding=\"async\" width=\"745\" height=\"1024\" data-id=\"782\" src=\"https:\/\/biblioteka.sulejow.pl\/wpmbps\/wp-content\/uploads\/2024\/10\/Biblioflix_regal-z-ksiazkami-ktore-byly-zekranizowane.jpg\" alt=\"\" class=\"wp-image-782\" srcset=\"https:\/\/biblioteka.sulejow.pl\/wpmbps\/wp-content\/uploads\/2024\/10\/Biblioflix_regal-z-ksiazkami-ktore-byly-zekranizowane.jpg 745w, https:\/\/biblioteka.sulejow.pl\/wpmbps\/wp-content\/uploads\/2024\/10\/Biblioflix_regal-z-ksiazkami-ktore-byly-zekranizowane-218x300.jpg 218w\" sizes=\"auto, (max-width: 745px) 100vw, 745px\" \/><\/a><\/figure>\n\n\n\n<figure class=\"wp-block-image size-large\"><a href=\"https:\/\/biblioteka.sulejow.pl\/wpmbps\/wp-content\/uploads\/2024\/10\/Bibliolfix_regal-z-wyeksponowanymi-ksiazkami.jpg\"><img loading=\"lazy\" decoding=\"async\" width=\"1024\" height=\"768\" data-id=\"783\" src=\"https:\/\/biblioteka.sulejow.pl\/wpmbps\/wp-content\/uploads\/2024\/10\/Bibliolfix_regal-z-wyeksponowanymi-ksiazkami.jpg\" alt=\"\" class=\"wp-image-783\" srcset=\"https:\/\/biblioteka.sulejow.pl\/wpmbps\/wp-content\/uploads\/2024\/10\/Bibliolfix_regal-z-wyeksponowanymi-ksiazkami.jpg 1024w, https:\/\/biblioteka.sulejow.pl\/wpmbps\/wp-content\/uploads\/2024\/10\/Bibliolfix_regal-z-wyeksponowanymi-ksiazkami-300x225.jpg 300w, https:\/\/biblioteka.sulejow.pl\/wpmbps\/wp-content\/uploads\/2024\/10\/Bibliolfix_regal-z-wyeksponowanymi-ksiazkami-768x576.jpg 768w\" sizes=\"auto, (max-width: 1024px) 100vw, 1024px\" \/><\/a><\/figure>\n<\/figure>\n","protected":false},"excerpt":{"rendered":"<p>Na dni 28 i 29 wrze\u015bnia bie\u017c\u0105cego roku przypad\u0142o \u015awi\u0119to Kina. Z tej okazji w Filii Bibliotecznej w Uszczynie zorganizowano akcj\u0119 czytelnicz\u0105 pod nazw\u0105 Biblioflix. Akcja ta ma na celu przypomnienie, osobom odwiedzaj\u0105cym bibliotek\u0119, \u017ce jest \u00a0mn\u00f3stwo ksi\u0105\u017cek, na podstawie kt\u00f3rych powsta\u0142o wiele hitowych film\u00f3w lub te\u017c seriali. Obie formy opowiadanej historii wsp\u00f3\u0142graj\u0105 ze sob\u0105. [&hellip;]<\/p>\n","protected":false},"author":1,"featured_media":0,"comment_status":"closed","ping_status":"","sticky":false,"template":"","format":"standard","meta":{"zakra_page_container_layout":"customizer","zakra_page_sidebar_layout":"customizer","zakra_remove_content_margin":false,"zakra_sidebar":"customizer","zakra_transparent_header":"customizer","zakra_logo":0,"zakra_main_header_style":"default","zakra_menu_item_color":"","zakra_menu_item_hover_color":"","zakra_menu_item_active_color":"","zakra_menu_active_style":"","zakra_page_header":true,"footnotes":"","_links_to":"","_links_to_target":""},"categories":[4],"tags":[],"class_list":["post-780","post","type-post","status-publish","format-standard","hentry","category-aktualnosci-2024"],"_links":{"self":[{"href":"https:\/\/biblioteka.sulejow.pl\/index.php?rest_route=\/wp\/v2\/posts\/780","targetHints":{"allow":["GET"]}}],"collection":[{"href":"https:\/\/biblioteka.sulejow.pl\/index.php?rest_route=\/wp\/v2\/posts"}],"about":[{"href":"https:\/\/biblioteka.sulejow.pl\/index.php?rest_route=\/wp\/v2\/types\/post"}],"author":[{"embeddable":true,"href":"https:\/\/biblioteka.sulejow.pl\/index.php?rest_route=\/wp\/v2\/users\/1"}],"replies":[{"embeddable":true,"href":"https:\/\/biblioteka.sulejow.pl\/index.php?rest_route=%2Fwp%2Fv2%2Fcomments&post=780"}],"version-history":[{"count":1,"href":"https:\/\/biblioteka.sulejow.pl\/index.php?rest_route=\/wp\/v2\/posts\/780\/revisions"}],"predecessor-version":[{"id":784,"href":"https:\/\/biblioteka.sulejow.pl\/index.php?rest_route=\/wp\/v2\/posts\/780\/revisions\/784"}],"wp:attachment":[{"href":"https:\/\/biblioteka.sulejow.pl\/index.php?rest_route=%2Fwp%2Fv2%2Fmedia&parent=780"}],"wp:term":[{"taxonomy":"category","embeddable":true,"href":"https:\/\/biblioteka.sulejow.pl\/index.php?rest_route=%2Fwp%2Fv2%2Fcategories&post=780"},{"taxonomy":"post_tag","embeddable":true,"href":"https:\/\/biblioteka.sulejow.pl\/index.php?rest_route=%2Fwp%2Fv2%2Ftags&post=780"}],"curies":[{"name":"wp","href":"https:\/\/api.w.org\/{rel}","templated":true}]}}